{"id":1166698,"date":"2026-09-04T10:42:12","date_gmt":"2026-09-04T10:42:12","guid":{"rendered":"https:\/\/www.europesays.com\/fr\/1166698\/"},"modified":"2026-09-04T10:42:12","modified_gmt":"2026-09-04T10:42:12","slug":"strasbourg-previsions-meteo-du-vendredi-04-septembre-2026","status":"publish","type":"post","link":"https:\/\/www.europesays.com\/fr\/1166698\/","title":{"rendered":"Strasbourg : pr\u00e9visions m\u00e9t\u00e9o du vendredi 04 septembre 2026"},"content":{"rendered":"<p>\u00c0 Strasbourg, le vendredi 04 septembre 2026, le temps reste ensoleill\u00e9 avec des temp\u00e9ratures \u00e9lev\u00e9es, culminant \u00e0 32\u00b0C l\u2019apr\u00e8s-midi. La journ\u00e9e sera calme et s\u00e8che, id\u00e9ale pour profiter des activit\u00e9s en plein air.<\/p>\n<p>Bulletin m\u00e9t\u00e9o du 4 septembre 2026 : Strasbourg b\u00e9n\u00e9ficie aujourd\u2019hui d\u2019une v\u00e9ritable ambiance estivale, sous le signe du soleil et d\u2019une chaleur marqu\u00e9e. Voici, heure par heure, les points essentiels pour organiser au mieux votre journ\u00e9e.<\/p>\n<tr>Temp\u00e9rature min.Temp\u00e9rature max.Vent moyenHumidit\u00e9 moyenne<\/tr>\n<tr>\n<td><b>19 \u00b0C<\/b><\/td>\n<td><b>32 \u00b0C<\/b><\/td>\n<td>17 km\/h<\/td>\n<td>53 %<\/td>\n<\/tr>\n<p>Matin : ciel limpide d\u00e8s le lever du soleil (06 h 50)<\/p>\n<p>D\u00e8s 9 h, le ciel demeure parfaitement d\u00e9gag\u00e9. Le thermom\u00e8tre affiche <b>20 \u00b0C<\/b> et le ressenti est similaire, gr\u00e2ce \u00e0 une humidit\u00e9 mod\u00e9r\u00e9e de 64 %. Le vent de sud-sud-ouest, discret \u00e0 11 km\/h, reste \u00e0 peine perceptible.<\/p>\n<p>Aucune averse \u00e0 l\u2019horizon et une pression de 1 019 hPa confirme la stabilit\u00e9 de l\u2019atmosph\u00e8re. Vous pouvez pr\u00e9voir sans contrainte vos d\u00e9placements \u00e0 v\u00e9lo ou profiter du march\u00e9 en plein air.<\/p>\n<p>Apr\u00e8s-midi : chaleur estivale et atmosph\u00e8re toujours lumineuse<\/p>\n<p>\u00c0 15 h, Strasbourg atteint son pic de chaleur avec <b>32 \u00b0C<\/b>, pour un ressenti \u00e9quivalent. L\u2019humidit\u00e9 chute \u00e0 36 %, amplifiant la sensation de chaleur s\u00e8che. Le vent, orient\u00e9 sud-ouest \u00e0 17 km\/h, souffle sans rafales notables.<\/p>\n<ul>\n<li>Pensez \u00e0 vous hydrater r\u00e9guli\u00e8rement.<\/li>\n<li>Privil\u00e9giez l\u2019ombre entre 14 h et 17 h.<\/li>\n<li>L\u2019indice UV, logiquement \u00e9lev\u00e9 sous un ciel clair, impose chapeau et cr\u00e8me solaire.<\/li>\n<\/ul>\n<p>Ce contraste avec la moyenne de saison illustre bien les \u00e9pisodes de chaleur tardive que les climatologues attribuent en partie au r\u00e9chauffement global. Les stations locales confirment toutefois l\u2019absence de seuil caniculaire dans le d\u00e9partement.<\/p>\n<p>Soir : douceur et premiers nuages avant le coucher de soleil (20 h 04)<\/p>\n<p>\u00c0 21 h, la temp\u00e9rature redescend doucement \u00e0 <b>28 \u00b0C<\/b> sous un ciel l\u00e9g\u00e8rement nuageux. L\u2019humidit\u00e9 remonte \u00e0 44 %, apportant une douceur agr\u00e9able. Un vent d\u2019ouest-nord-ouest, autour de 10 km\/h, assure une a\u00e9ration appr\u00e9ciable.<\/p>\n<p>La m\u00e9t\u00e9o restera parfaitement s\u00e8che, permettant de prolonger les terrasses ou de se promener le long de l\u2019Ill en toute s\u00e9r\u00e9nit\u00e9. Apr\u00e8s le coucher du soleil, la fra\u00eecheur s\u2019accentuera avec 24 \u00b0C attendus \u00e0 minuit sous un ciel redevenu limpide.<\/p>\n<p>Tendance pour demain : retour d\u2019une l\u00e9g\u00e8re instabilit\u00e9<\/p>\n<p>Le 5 septembre s\u2019annonce plus temp\u00e9r\u00e9 : <b>25 \u00b0C<\/b> au meilleur de la journ\u00e9e, 17 \u00b0C au petit matin. Les mod\u00e8les pr\u00e9voient un ciel plus charg\u00e9 et un risque d\u2019averses faibles, limit\u00e9 \u00e0 13 %.<\/p>\n<p>Les pluies attendues resteront anecdotiques et ne devraient pas perturber les activit\u00e9s ext\u00e9rieures. Un vent de nord-ouest d\u2019environ 13 km\/h apportera une agr\u00e9able sensation de fra\u00eecheur apr\u00e8s la chaleur de la veille.<\/p>\n<p>Pour suivre l\u2019\u00e9volution heure par heure ou organiser vos sorties culturelles, consultez <a href=\"https:\/\/www.meteocity.com\/france\/strasbourg-v2973783\" rel=\"nofollow noopener\" target=\"_blank\">nos pr\u00e9visions compl\u00e8tes<\/a>.<\/p>\n<p>En r\u00e9sum\u00e9, Strasbourg profite aujourd\u2019hui d\u2019une m\u00e9t\u00e9o estivale id\u00e9ale : grand soleil, chaleur s\u00e8che l\u2019apr\u00e8s-midi et soir\u00e9e conviviale. Demain, les temp\u00e9ratures reviendront \u00e0 des valeurs plus habituelles, sous un ciel parfois changeant mais dans l\u2019ensemble sec.<\/p>\n","protected":false},"excerpt":{"rendered":"\u00c0 Strasbourg, le vendredi 04 septembre 2026, le temps reste ensoleill\u00e9 avec des temp\u00e9ratures \u00e9lev\u00e9es, culminant \u00e0 32\u00b0C&hellip;\n","protected":false},"author":2,"featured_media":1166699,"comment_status":"","ping_status":"","sticky":false,"template":"","format":"standard","meta":{"footnotes":"","_share_on_mastodon":"0"},"categories":[2820],"tags":[1111,11,1777,674,1011,27,775,12,25,640],"class_list":["post-1166698","post","type-post","status-publish","format-standard","has-post-thumbnail","category-strasbourg","tag-actu","tag-actualites","tag-eu","tag-europe","tag-fr","tag-france","tag-grand-est","tag-news","tag-republique-francaise","tag-strasbourg"],"share_on_mastodon":{"url":"","error":""},"_links":{"self":[{"href":"https:\/\/www.europesays.com\/fr\/wp-json\/wp\/v2\/posts\/1166698","targetHints":{"allow":["GET"]}}],"collection":[{"href":"https:\/\/www.europesays.com\/fr\/wp-json\/wp\/v2\/posts"}],"about":[{"href":"https:\/\/www.europesays.com\/fr\/wp-json\/wp\/v2\/types\/post"}],"author":[{"embeddable":true,"href":"https:\/\/www.europesays.com\/fr\/wp-json\/wp\/v2\/users\/2"}],"replies":[{"embeddable":true,"href":"https:\/\/www.europesays.com\/fr\/wp-json\/wp\/v2\/comments?post=1166698"}],"version-history":[{"count":0,"href":"https:\/\/www.europesays.com\/fr\/wp-json\/wp\/v2\/posts\/1166698\/revisions"}],"wp:featuredmedia":[{"embeddable":true,"href":"https:\/\/www.europesays.com\/fr\/wp-json\/wp\/v2\/media\/1166699"}],"wp:attachment":[{"href":"https:\/\/www.europesays.com\/fr\/wp-json\/wp\/v2\/media?parent=1166698"}],"wp:term":[{"taxonomy":"category","embeddable":true,"href":"https:\/\/www.europesays.com\/fr\/wp-json\/wp\/v2\/categories?post=1166698"},{"taxonomy":"post_tag","embeddable":true,"href":"https:\/\/www.europesays.com\/fr\/wp-json\/wp\/v2\/tags?post=1166698"}],"curies":[{"name":"wp","href":"https:\/\/api.w.org\/{rel}","templated":true}]}}