{"id":116670,"date":"2025-05-21T10:52:08","date_gmt":"2025-05-21T10:52:08","guid":{"rendered":"https:\/\/www.europesays.com\/fr\/116670\/"},"modified":"2025-05-21T10:52:08","modified_gmt":"2025-05-21T10:52:08","slug":"souvestre-pagnol-et-sch-font-leur-cinema-a-cannes","status":"publish","type":"post","link":"https:\/\/www.europesays.com\/fr\/116670\/","title":{"rendered":"Souvestre, Pagnol et SCH font leur cin\u00e9ma \u00e0 Cannes"},"content":{"rendered":"<p>Souvestre, Pagnol et SCH font leur cin\u00e9ma \u00e0 Cannes<\/p>\n<p><a href=\"https:\/\/www.laprovence.com\/article\/politique\/15076327089621\/gaza-le-pcf-lance-une-collecte-pour-planter-un-million-doliviers-en-palestine\" target=\"_blank\" rel=\"noopener\">Gaza<\/a>, l&rsquo;Ukraine, les errements de<a href=\"https:\/\/www.laprovence.com\/article\/france-monde\/51312893112846\/dome-dor-donald-trump-annonce-la-construction-dun-bouclier-antimissiles-pour-les-etats-unis\" target=\"_blank\" rel=\"noopener\"> Donald Trump<\/a>&#8230; Cette \u00e9dition du <a href=\"https:\/\/www.laprovence.com\/article\/culture-loisirs\/1356733505387314\/festival-de-cannes-nudite-tenues-volumineuses-un-nouveau-dress-code-pour-ledition-2025\" target=\"_blank\" rel=\"noopener\">Festival de Cannes<\/a> a une nouvelle fois \u00e9t\u00e9 l&rsquo;occasion de tribunes politiques sous les regards du monde entier. Moins l\u00e9gendaire qu&rsquo;un De Niro, moins th\u00e9\u00e2tral qu&rsquo;une <a href=\"https:\/\/www.laprovence.com\/article\/societe\/47748087187538\/festival-de-cannes-juliette-binoche-rend-hommage-a-la-photoreporter-palestinienne-fatima-hassouna-tuee-a-gaza\" target=\"_blank\" rel=\"noopener\">Juliette Binoche<\/a>, Sylvain Souvestre a aussi profit\u00e9 du tapis rouge pour tacler une \u00e9ni\u00e8me fois la mairie de Marseille. En smoking de rigueur, le maire LR des 11e-12e \u00e9tait pr\u00e9sent \u00e0 la projection en s\u00e9ance sp\u00e9ciale de Marcel et Monsieur Pagnol, un biopic anim\u00e9 sign\u00e9 Sylvain Chomet qui retrace la naissance de la figure des lettres et du cin\u00e9ma. Une soir\u00e9e au c\u00f4t\u00e9 de Nicolas Pagnol, petit-fils de, qui a soutenu le projet, et ennemi jur\u00e9 de Beno\u00eet Payan depuis que lui a \u00e9t\u00e9 retir\u00e9e la gestion du ch\u00e2teau de la Buzine. \u00ab\u00a0Je suis \u00e9c\u0153ur\u00e9 que la Ville de Marseille, malgr\u00e9 ce lien d&rsquo;amour entre notre ville et Marcel Pagnol, ait \u00e9t\u00e9 aux abonn\u00e9s absents volontaires pour aider ce projet culturel, historique et en lien avec nos traditions\u00a0!\u00a0\u00bb, a relay\u00e9 Sylvain Souvestre sur son compte Facebook \u00e0 l&rsquo;issue de la projection du film, soutenu financi\u00e8rement par la R\u00e9gion Paca, le D\u00e9partement, les villes d&rsquo;Allauch et d&rsquo;Aubagne.<\/p>\n","protected":false},"excerpt":{"rendered":"Souvestre, Pagnol et SCH font leur cin\u00e9ma \u00e0 Cannes Gaza, l&rsquo;Ukraine, les errements de Donald Trump&#8230; Cette \u00e9dition&hellip;\n","protected":false},"author":2,"featured_media":116671,"comment_status":"","ping_status":"","sticky":false,"template":"","format":"standard","meta":{"footnotes":""},"categories":[2814],"tags":[17,1111,11,2826,251,1777,674,7234,1011,27,3289,884,12,18592,882,25,23702,23701],"class_list":{"0":"post-116670","1":"post","2":"type-post","3":"status-publish","4":"format-standard","5":"has-post-thumbnail","7":"category-marseille","8":"tag-17","9":"tag-actu","10":"tag-actualites","11":"tag-confidentiels","12":"tag-culture","13":"tag-eu","14":"tag-europe","15":"tag-font","16":"tag-fr","17":"tag-france","18":"tag-leur","19":"tag-marseille","20":"tag-news","21":"tag-pagnol","22":"tag-provence-alpes-cote-dazur","23":"tag-republique-francaise","24":"tag-sch","25":"tag-souvestre"},"share_on_mastodon":{"url":"https:\/\/pubeurope.com\/@fr\/114545449187413694","error":""},"_links":{"self":[{"href":"https:\/\/www.europesays.com\/fr\/wp-json\/wp\/v2\/posts\/116670","targetHints":{"allow":["GET"]}}],"collection":[{"href":"https:\/\/www.europesays.com\/fr\/wp-json\/wp\/v2\/posts"}],"about":[{"href":"https:\/\/www.europesays.com\/fr\/wp-json\/wp\/v2\/types\/post"}],"author":[{"embeddable":true,"href":"https:\/\/www.europesays.com\/fr\/wp-json\/wp\/v2\/users\/2"}],"replies":[{"embeddable":true,"href":"https:\/\/www.europesays.com\/fr\/wp-json\/wp\/v2\/comments?post=116670"}],"version-history":[{"count":0,"href":"https:\/\/www.europesays.com\/fr\/wp-json\/wp\/v2\/posts\/116670\/revisions"}],"wp:featuredmedia":[{"embeddable":true,"href":"https:\/\/www.europesays.com\/fr\/wp-json\/wp\/v2\/media\/116671"}],"wp:attachment":[{"href":"https:\/\/www.europesays.com\/fr\/wp-json\/wp\/v2\/media?parent=116670"}],"wp:term":[{"taxonomy":"category","embeddable":true,"href":"https:\/\/www.europesays.com\/fr\/wp-json\/wp\/v2\/categories?post=116670"},{"taxonomy":"post_tag","embeddable":true,"href":"https:\/\/www.europesays.com\/fr\/wp-json\/wp\/v2\/tags?post=116670"}],"curies":[{"name":"wp","href":"https:\/\/api.w.org\/{rel}","templated":true}]}}