{"id":1166700,"date":"2026-09-04T10:43:22","date_gmt":"2026-09-04T10:43:22","guid":{"rendered":"https:\/\/www.europesays.com\/fr\/1166700\/"},"modified":"2026-09-04T10:43:22","modified_gmt":"2026-09-04T10:43:22","slug":"ces-commerces-de-nice-proposent-des-prix-casses-la-grande-braderie-de-retour-pour-la-rentree","status":"publish","type":"post","link":"https:\/\/www.europesays.com\/fr\/1166700\/","title":{"rendered":"Ces commerces de Nice proposent des prix cass\u00e9s : la grande braderie de retour pour la rentr\u00e9e"},"content":{"rendered":"<p>                    Par<br \/>\n        <strong><br \/>\n            <a href=\"https:\/\/actu.fr\/auteur\/manon-reinhardt\" title=\"Consulter tous les articles de Manon Reinhardt\" rel=\"nofollow noopener\" target=\"_blank\">Manon Reinhardt<\/a><br \/>\n                    <\/strong><\/p>\n<p>        Publi\u00e9 le<\/p>\n<p>            4 sept. 2026 \u00e0 10h22        <\/p>\n<p>C\u2019est l\u2019occasion de faire de bonnes affaires. Jusqu\u2019\u00e0 ce dimanche 6\u00a0septembre, plus de 250 commerces du <a href=\"https:\/\/actu.fr\/provence-alpes-cote-d-azur\/nice_06088\/nouveau-commissariat-creation-d-une-brigade-festive-le-vieux-nice-sous-surveillance-renforcee-cet-ete_64426593.html\" rel=\"nofollow noopener\" target=\"_blank\">Vieux-Nice<\/a> participent \u00e0 la <strong>traditionnelle grande braderie<\/strong> de rentr\u00e9e. Des \u00ab\u2009remises exceptionnelles\u2009\u00bb sont propos\u00e9es. Le m\u00eame \u00e9v\u00e9nement est bient\u00f4t pr\u00e9vu dans le quartier du Carr\u00e9 d\u2019or.<\/p>\n<p>Jusqu\u2019au 6\u00a0septembre dans le Vieux-Nice<\/p>\n<p class=\" wall-content\">\u00c0 la demande des commer\u00e7ants, la grande braderie de la rentr\u00e9e est d\u00e9sormais organis\u00e9e par quartier. Et elle a d\u00e9marr\u00e9 dans le Vieux-Nice, du 3 au 6\u00a0septembre.<\/p>\n<p class=\" wall-content\"><strong>Plus de 250 commerces<\/strong> y participent et proposent des promotions allant jusqu\u2019\u00e0 -70\u2009%. Le coup d\u2019envoi a \u00e9t\u00e9 donn\u00e9 jeudi matin d\u00e8s 10h.<\/p>\n<p class=\" wall-content\"><a href=\"https:\/\/www.instagram.com\/p\/DcUG9h4o4Xa\/embed\" title=\"Ouvrir le lien sur Instagram\" rel=\"nofollow noopener\" target=\"_blank\">Visualiser le contenu sur Instagram<\/a><\/p>\n<p>Les 17, 18, et 19\u00a0septembre dans le Carr\u00e9 d\u2019or<\/p>\n<p class=\" wall-content\">Les 17, 18 et 19\u00a0septembre prochains, ce sont les commerces du Carr\u00e9 d\u2019or qui prendront position des trottoirs pour vendre leurs produits \u00e0 prix cass\u00e9s. L\u2019\u00e9v\u00e9nement est organis\u00e9 en partenariat avec les associations de commer\u00e7ants, la F\u00e9d\u00e9ration FCNA et Nice Shopping.<\/p>\n<p class=\" wall-content\">Une <strong>carte interactive<\/strong> de tous les commerces participants est disponible en ligne <a href=\"https:\/\/nicecommerces.fr\/fr\/events\/17\/map\" rel=\"nofollow noopener\" target=\"_blank\">sur le site internet de la Ville<\/a>.<\/p>\n<p class=\" wall-content\">Personnalisez votre actualit\u00e9 en ajoutant vos villes et m\u00e9dias en favori avec <a href=\"https:\/\/moncompte.actu.fr\" title=\"D\u00e9couvez Mon Actu\" rel=\"nofollow noopener\" data-trk=\"{&quot;cta&quot;:{&quot;action&quot;:&quot;https:\\\/\\\/moncompte.actu.fr&quot;,&quot;category&quot;:&quot;mon compte&quot;,&quot;from&quot;:&quot;article footer&quot;,&quot;name&quot;:&quot;Mon actu&quot;,&quot;type&quot;:&quot;cta&quot;}}\" target=\"_blank\">Mon Actu<\/a>.<\/p>\n<p>                    <script async src=\"\/\/www.instagram.com\/embed.js\"><\/script><\/p>\n","protected":false},"excerpt":{"rendered":"Par Manon Reinhardt Publi\u00e9 le 4 sept. 2026 \u00e0 10h22 C\u2019est l\u2019occasion de faire de bonnes affaires. Jusqu\u2019\u00e0&hellip;\n","protected":false},"author":2,"featured_media":1166701,"comment_status":"","ping_status":"","sticky":false,"template":"","format":"standard","meta":{"footnotes":"","_share_on_mastodon":"0"},"categories":[2819],"tags":[1111,11,1261,1777,674,1011,27,12,2401,882,25,104],"class_list":["post-1166700","post","type-post","status-publish","format-standard","has-post-thumbnail","category-nice","tag-actu","tag-actualites","tag-argent","tag-eu","tag-europe","tag-fr","tag-france","tag-news","tag-nice","tag-provence-alpes-cote-dazur","tag-republique-francaise","tag-societe"],"share_on_mastodon":{"url":"https:\/\/pubeurope.com\/@fr\/117212361946998947","error":""},"_links":{"self":[{"href":"https:\/\/www.europesays.com\/fr\/wp-json\/wp\/v2\/posts\/1166700","targetHints":{"allow":["GET"]}}],"collection":[{"href":"https:\/\/www.europesays.com\/fr\/wp-json\/wp\/v2\/posts"}],"about":[{"href":"https:\/\/www.europesays.com\/fr\/wp-json\/wp\/v2\/types\/post"}],"author":[{"embeddable":true,"href":"https:\/\/www.europesays.com\/fr\/wp-json\/wp\/v2\/users\/2"}],"replies":[{"embeddable":true,"href":"https:\/\/www.europesays.com\/fr\/wp-json\/wp\/v2\/comments?post=1166700"}],"version-history":[{"count":0,"href":"https:\/\/www.europesays.com\/fr\/wp-json\/wp\/v2\/posts\/1166700\/revisions"}],"wp:featuredmedia":[{"embeddable":true,"href":"https:\/\/www.europesays.com\/fr\/wp-json\/wp\/v2\/media\/1166701"}],"wp:attachment":[{"href":"https:\/\/www.europesays.com\/fr\/wp-json\/wp\/v2\/media?parent=1166700"}],"wp:term":[{"taxonomy":"category","embeddable":true,"href":"https:\/\/www.europesays.com\/fr\/wp-json\/wp\/v2\/categories?post=1166700"},{"taxonomy":"post_tag","embeddable":true,"href":"https:\/\/www.europesays.com\/fr\/wp-json\/wp\/v2\/tags?post=1166700"}],"curies":[{"name":"wp","href":"https:\/\/api.w.org\/{rel}","templated":true}]}}