{"id":1166706,"date":"2026-09-04T10:47:17","date_gmt":"2026-09-04T10:47:17","guid":{"rendered":"https:\/\/www.europesays.com\/fr\/1166706\/"},"modified":"2026-09-04T10:47:17","modified_gmt":"2026-09-04T10:47:17","slug":"nantes-un-passager-ryanair-accuse-davoir-agresse-sexuellement-sa-voisine-pendant-un-vol","status":"publish","type":"post","link":"https:\/\/www.europesays.com\/fr\/1166706\/","title":{"rendered":"Nantes. Un passager Ryanair accus\u00e9 d&rsquo;avoir agress\u00e9 sexuellement sa voisine pendant un vol"},"content":{"rendered":"<p>La passag\u00e8re d&rsquo;un vol Ryanair reliant Malte \u00e0 Nantes affirme avoir \u00e9t\u00e9 agress\u00e9e sexuellement par son voisin, qui a \u00e9t\u00e9 interpell\u00e9 six semaines plus tard et plac\u00e9 en d\u00e9tention provisoire, <a href=\"https:\/\/www.ouest-france.fr\/faits-divers\/agression-sexuelle\/info-ouest-france-agressions-sexuelles-dans-un-avion-un-passager-ryanair-ralliant-nantes-place-en-detention-provisoire-ca8b027a-a77e-11f1-95a1-d7cb1b3759ac\" target=\"_blank\" rel=\"nofollow noopener\">a rapport\u00e9 Ouest-France<\/a>.<\/p>\n<p>Le 19 juillet, alors que la jeune femme de 24 ans faisait un malaise dans l&rsquo;avion au-dessus de la M\u00e9diterran\u00e9e, l&rsquo;homme de 39 ans, \u00e0 sa droite, en aurait profit\u00e9 pour la caresser sous ses v\u00eatements, ce qu&rsquo;elle aurait constat\u00e9 \u00e0 son r\u00e9veil. Il aurait pour cela utilis\u00e9 une \u00e9charpe pour dissimuler ses gestes.<\/p>\n<p>  L&rsquo;homme interpell\u00e9 six semaines plus tard<\/p>\n<p>A son arriv\u00e9e sur le sol fran\u00e7ais, la jeune femme a port\u00e9 plainte.\u00a0L&rsquo;homme n&rsquo;a pas \u00e9t\u00e9 interpell\u00e9 imm\u00e9diatement, mais fin ao\u00fbt, \u00e0 l&rsquo;a\u00e9roport de Nantes-Atlantique, alors qu&rsquo;il descendait d&rsquo;un avion en provenance de la Tunisie, <a href=\"https:\/\/france3-regions.franceinfo.fr\/pays-de-la-loire\/loire-atlantique\/nantes\/soupconne-d-agression-sexuelle-sur-sa-voisine-de-siege-lors-d-un-vol-un-passager-ryanair-interpelle-et-place-en-detention-provisoire-3411014.html\" target=\"_blank\" rel=\"nofollow noopener\">selon France 3 Pays de la Loire<\/a>. Il sera jug\u00e9 en octobre pour agressions sexuelles sur personne vuln\u00e9rable.<\/p>\n","protected":false},"excerpt":{"rendered":"La passag\u00e8re d&rsquo;un vol Ryanair reliant Malte \u00e0 Nantes affirme avoir \u00e9t\u00e9 agress\u00e9e sexuellement par son voisin, qui&hellip;\n","protected":false},"author":2,"featured_media":1166707,"comment_status":"","ping_status":"","sticky":false,"template":"","format":"standard","meta":{"footnotes":"","_share_on_mastodon":"0"},"categories":[2818],"tags":[1111,11,1777,674,274,107,1011,27,329,766,12,2636,25],"class_list":["post-1166706","post","type-post","status-publish","format-standard","has-post-thumbnail","category-nantes","tag-actu","tag-actualites","tag-eu","tag-europe","tag-faits-divers-justice","tag-fil-info","tag-fr","tag-france","tag-france-monde","tag-nantes","tag-news","tag-pays-de-la-loire","tag-republique-francaise"],"share_on_mastodon":{"url":"https:\/\/pubeurope.com\/@fr\/117212377707006508","error":""},"_links":{"self":[{"href":"https:\/\/www.europesays.com\/fr\/wp-json\/wp\/v2\/posts\/1166706","targetHints":{"allow":["GET"]}}],"collection":[{"href":"https:\/\/www.europesays.com\/fr\/wp-json\/wp\/v2\/posts"}],"about":[{"href":"https:\/\/www.europesays.com\/fr\/wp-json\/wp\/v2\/types\/post"}],"author":[{"embeddable":true,"href":"https:\/\/www.europesays.com\/fr\/wp-json\/wp\/v2\/users\/2"}],"replies":[{"embeddable":true,"href":"https:\/\/www.europesays.com\/fr\/wp-json\/wp\/v2\/comments?post=1166706"}],"version-history":[{"count":0,"href":"https:\/\/www.europesays.com\/fr\/wp-json\/wp\/v2\/posts\/1166706\/revisions"}],"wp:featuredmedia":[{"embeddable":true,"href":"https:\/\/www.europesays.com\/fr\/wp-json\/wp\/v2\/media\/1166707"}],"wp:attachment":[{"href":"https:\/\/www.europesays.com\/fr\/wp-json\/wp\/v2\/media?parent=1166706"}],"wp:term":[{"taxonomy":"category","embeddable":true,"href":"https:\/\/www.europesays.com\/fr\/wp-json\/wp\/v2\/categories?post=1166706"},{"taxonomy":"post_tag","embeddable":true,"href":"https:\/\/www.europesays.com\/fr\/wp-json\/wp\/v2\/tags?post=1166706"}],"curies":[{"name":"wp","href":"https:\/\/api.w.org\/{rel}","templated":true}]}}