{"id":116672,"date":"2025-05-21T10:53:09","date_gmt":"2025-05-21T10:53:09","guid":{"rendered":"https:\/\/www.europesays.com\/fr\/116672\/"},"modified":"2025-05-21T10:53:09","modified_gmt":"2025-05-21T10:53:09","slug":"en-commission-le-senat-rejette-la-proposition-de-reforme-de-plm","status":"publish","type":"post","link":"https:\/\/www.europesays.com\/fr\/116672\/","title":{"rendered":"en commission, le S\u00e9nat rejette la proposition de r\u00e9forme de PLM"},"content":{"rendered":"<p>Coup d&rsquo;arr\u00eat ou simple obstacle\u00a0? La commission des lois du S\u00e9nat a rejet\u00e9, ce mercredi 21\u00a0mai, la proposition de loi visant \u00e0 <strong>r\u00e9former le mode de scrutin aux municipales \u00e0 Marseille, Paris et Lyon<\/strong>. L&rsquo;issue de ce vote pr\u00e9liminaire \u00e9tait attendue, tant la majorit\u00e9 de droite au palais du Luxembourg, \u00e0 commencer par son pr\u00e9sident G\u00e9rard Larcher (LR), avait exprim\u00e9 son opposition \u00e0 la <a href=\"https:\/\/www.laprovence.com\/article\/politique\/1394410297706115\/deux-urnes-plus-delus-le-changement-de-mode-de-scrutin-des-municipales-a-marseille-plm-decrypte\" target=\"_blank\" rel=\"nofollow noopener\">modification de la loi PLM<\/a>, qui r\u00e9git le mode de scrutin \u00e9lectoral dans les trois plus grandes villes de France.<\/p>\n<p>\u00ab\u00a0R\u00e9unie le mercredi 21\u00a0mai 2025, la commission n&rsquo;a pas adopt\u00e9 de texte sur la proposition de loi n\u00b0\u00a0532 (2024-2025), adopt\u00e9e par l&rsquo;Assembl\u00e9e nationale, visant \u00e0 r\u00e9former le mode d&rsquo;\u00e9lection des membres du conseil de Paris et des conseils municipaux de Lyon et Marseille\u00a0\u00bb, indique le S\u00e9nat sur son site internet.<\/p>\n<p>La version vot\u00e9e \u00e0 l&rsquo;Assembl\u00e9e pr\u00e9sent\u00e9e le 3\u00a0juin<\/p>\n<p>Cons\u00e9quence de ce rejet\u00a0: c&rsquo;est <a href=\"https:\/\/www.laprovence.com\/article\/politique\/2012159322271315\/municipales-a-marseille-la-reforme-du-mode-de-scrutin-adoptee-a-lassemblee\" target=\"_blank\" rel=\"nofollow noopener\">le texte adopt\u00e9 par l&rsquo;Assembl\u00e9e nationale le 9\u00a0avril<\/a> &#8211; c&rsquo;est-\u00e0-dire non amend\u00e9 par les s\u00e9nateurs &#8211; qui sera d\u00e9battu \u00e0 partir du 3\u00a0juin en s\u00e9ance publique \u00e0 la chambre haute du Parlement. Sa principale mesure vise <a href=\"https:\/\/www.laprovence.com\/article\/politique\/1361889011214815\/reforme-de-la-loi-plm-le-double-scrutin-pour-les-municipales-a-marseille-paris-et-lyon-adopte-a-lassemblee\" target=\"_blank\" rel=\"nofollow noopener\">\u00e0 organiser le vote avec deux urnes<\/a>, l&rsquo;une pour d\u00e9signer le conseil municipal et in fine le maire de la commune, l&rsquo;autre pour \u00e9lire les conseils d&rsquo;arrondissements (ou de secteur \u00e0 Marseille). Elle instaure \u00e9galement <strong>une prime majoritaire d\u00e9rogatoire de 25\u00a0% des si\u00e8ges pour la liste arriv\u00e9e en t\u00eate au deuxi\u00e8me tour<\/strong> (elle est de 50\u00a0% dans les 35\u00a0000 autres communes de France).<\/p>\n<p>Depuis que le Premier ministre Fran\u00e7ois Bayrou l&rsquo;a remis \u00e0 l&rsquo;ordre du jour d\u00e9but f\u00e9vrier, en s&rsquo;appuyant sur une proposition de loi des d\u00e9put\u00e9s (Renaissance) de Paris Sylvain Maillard et David Amiel, ce dossier a suscit\u00e9 des r\u00e9actions contrast\u00e9es. D&rsquo;un c\u00f4t\u00e9, <a href=\"https:\/\/www.laprovence.com\/article\/politique\/2983143939041714\/reforme-de-la-loi-paris-lyon-marseille-plm-benoit-payan-recu-vendredi-par-francois-bayrou\" target=\"_blank\" rel=\"nofollow noopener\">le maire (DVG) de Marseille Beno\u00eet Payan<\/a>, le d\u00e9put\u00e9 (RN) Franck Allisio et La France insoumise se sont prononc\u00e9s en faveur d&rsquo;une r\u00e9forme \u00ab\u00a0plus d\u00e9mocratique\u00a0\u00bb. De l&rsquo;autre, la droite marseillaise, au premier rang de laquelle <a href=\"https:\/\/www.laprovence.com\/article\/politique\/3197044533831614\/reforme-de-la-loi-plm-c-est-reparti-pour-un-tour\" target=\"_blank\" rel=\"nofollow noopener\">le pr\u00e9sident de la R\u00e9gion Renaud Muselier (Renaissance)<\/a> et la pr\u00e9sidente de la M\u00e9tropole Martine Vassal (DVD), ont fait valoir leur vive opposition, le premier d\u00e9non\u00e7ant un \u00ab\u00a0tripatouillage\u00a0\u00bb.<\/p>\n<p>Simmarano\u00a0: \u00ab\u00a0Une manipulation grossi\u00e8re\u00a0\u00bb<\/p>\n<p>Ce mercredi, Romain Simmarano (Renaissance) s&rsquo;est r\u00e9joui de l&rsquo;issue de ce vote s\u00e9natorial. \u00ab\u00a0Merci pour ce rejet d&rsquo;une manipulation grossi\u00e8re\u00a0\u00bb, \u00e9crit sur X le directeur de cabinet de Renaud Muselier et pr\u00e9sident du collectif Une G\u00e9n\u00e9ration pour Marseille.<\/p>\n<p>En cas de rejet par le S\u00e9nat, <strong>le dernier mot devrait revenir \u00e0 l&rsquo;Assembl\u00e9e nationale<\/strong>. \u00c0 moins qu&rsquo;une commission mixte paritaire, constitu\u00e9e \u00e0 \u00e9galit\u00e9 de d\u00e9put\u00e9s et de s\u00e9nateurs, <a href=\"https:\/\/www.laprovence.com\/article\/politique\/1126312169447715\/le-rapporteur-modem-jean-paul-mattei-veut-tout-faire-pour-trouver-un-compromis-sur-la-loi-plm\" target=\"_blank\" rel=\"nofollow noopener\">ne finisse par trouver un accord de compromis sur le texte<\/a>.<\/p>\n","protected":false},"excerpt":{"rendered":"Coup d&rsquo;arr\u00eat ou simple obstacle\u00a0? La commission des lois du S\u00e9nat a rejet\u00e9, ce mercredi 21\u00a0mai, la proposition&hellip;\n","protected":false},"author":2,"featured_media":116673,"comment_status":"","ping_status":"","sticky":false,"template":"","format":"standard","meta":{"footnotes":""},"categories":[2814],"tags":[17,1111,11,10349,5949,1777,674,1011,27,884,3554,12,4655,882,4190,23703,25,1004],"class_list":{"0":"post-116672","1":"post","2":"type-post","3":"status-publish","4":"format-standard","5":"has-post-thumbnail","7":"category-marseille","8":"tag-17","9":"tag-actu","10":"tag-actualites","11":"tag-commission","12":"tag-elections","13":"tag-eu","14":"tag-europe","15":"tag-fr","16":"tag-france","17":"tag-marseille","18":"tag-municipales","19":"tag-news","20":"tag-proposition","21":"tag-provence-alpes-cote-dazur","22":"tag-reforme","23":"tag-rejette","24":"tag-republique-francaise","25":"tag-senat"},"share_on_mastodon":{"url":"https:\/\/pubeurope.com\/@fr\/114545452944839072","error":""},"_links":{"self":[{"href":"https:\/\/www.europesays.com\/fr\/wp-json\/wp\/v2\/posts\/116672","targetHints":{"allow":["GET"]}}],"collection":[{"href":"https:\/\/www.europesays.com\/fr\/wp-json\/wp\/v2\/posts"}],"about":[{"href":"https:\/\/www.europesays.com\/fr\/wp-json\/wp\/v2\/types\/post"}],"author":[{"embeddable":true,"href":"https:\/\/www.europesays.com\/fr\/wp-json\/wp\/v2\/users\/2"}],"replies":[{"embeddable":true,"href":"https:\/\/www.europesays.com\/fr\/wp-json\/wp\/v2\/comments?post=116672"}],"version-history":[{"count":0,"href":"https:\/\/www.europesays.com\/fr\/wp-json\/wp\/v2\/posts\/116672\/revisions"}],"wp:featuredmedia":[{"embeddable":true,"href":"https:\/\/www.europesays.com\/fr\/wp-json\/wp\/v2\/media\/116673"}],"wp:attachment":[{"href":"https:\/\/www.europesays.com\/fr\/wp-json\/wp\/v2\/media?parent=116672"}],"wp:term":[{"taxonomy":"category","embeddable":true,"href":"https:\/\/www.europesays.com\/fr\/wp-json\/wp\/v2\/categories?post=116672"},{"taxonomy":"post_tag","embeddable":true,"href":"https:\/\/www.europesays.com\/fr\/wp-json\/wp\/v2\/tags?post=116672"}],"curies":[{"name":"wp","href":"https:\/\/api.w.org\/{rel}","templated":true}]}}