{"id":1166720,"date":"2026-09-04T10:55:29","date_gmt":"2026-09-04T10:55:29","guid":{"rendered":"https:\/\/www.europesays.com\/fr\/1166720\/"},"modified":"2026-09-04T10:55:29","modified_gmt":"2026-09-04T10:55:29","slug":"cantona-parrain-dune-association-de-danseuses-malades-la-solidarite-plus-forte-que-le-cancer-a-marseille","status":"publish","type":"post","link":"https:\/\/www.europesays.com\/fr\/1166720\/","title":{"rendered":"Cantona parrain d&rsquo;une association de danseuses malades : la solidarit\u00e9 plus forte que le cancer \u00e0 Marseille"},"content":{"rendered":"<p>Les petits ruisseaux font les grandes rivi\u00e8res. Encourag\u00e9e par l&rsquo;une de ses \u00e9l\u00e8ves, Laetitia Padovani, devenue cheffe du service oncologie de l&rsquo;h\u00f4pital de la Timone, convaincue que cette activit\u00e9 physique pourrait avoir des bienfaits sur ses patients et qui a fait germer ce projet, M\u00e9lanie Paolettoni, danseuse et chor\u00e9graphe professionnelle s&rsquo;est lanc\u00e9e dans la dispense de cours de danse adapt\u00e9e.<\/p>\n<p><img alt=\"Le temps de cours de danse, les \u00e9l\u00e8ves mettent la maladie entre parenth\u00e8ses.\" loading=\"lazy\" decoding=\"async\" data-nimg=\"fill\" class=\" TwicCore_img__i9TC1 undefined  undefined\" style=\"position:absolute;height:100%;width:100%;left:0;top:0;right:0;bottom:0;color:transparent;background-size:cover;background-position:50% 50%;background-repeat:no-repeat;background-image:url(&quot;data:image\/svg+xml;charset=utf-8,%3Csvg xmlns='http:\/\/www.w3.org\/2000\/svg' %3E%3Cfilter id='b' color-interpolation-filters='sRGB'%3E%3CfeGaussianBlur stdDeviation='20'\/%3E%3CfeColorMatrix values='1 0 0 0 0 0 1 0 0 0 0 0 1 0 0 0 0 0 100 -1' result='s'\/%3E%3CfeFlood x='0' y='0' width='100%25' height='100%25'\/%3E%3CfeComposite operator='out' in='s'\/%3E%3CfeComposite in2='SourceGraphic'\/%3E%3CfeGaussianBlur stdDeviation='20'\/%3E%3C\/filter%3E%3Cimage width='100%25' height='100%25' x='0' y='0' preserveAspectRatio='none' style='filter: url(%23b);' href='data:image\/webp;base64,UklGRjYDAABXRUJQVlA4ICoDAABwOwCdASpYAjMBPkkkkEYipC2hIHHIYbAJCWlu4XY+BNqD18Y8NfsAGklspy5cuXLly5cuXLly5cuXLly5cuXLly5cuXLly5cuXLly5cuXLly5cuXLly5cuXLly5cuXLly5cuXLly5cuXLly5cuXLly5cOmSMpCYAqxrZTly5cuXLlb+kGzWSu8K3E1y5cuXLly5cuXLly586rC9hJ59veBEwBVjWynLly5cuXLug2VFzeerXpFBoE1DzVqRnK9boVWdU5uGOkJgCrGtlOXLl3LvfxUZpxwRcmsj79wb4EbKlE\/r22O42hBnpQFwx0hMAVY1spy4YzRxqGxu6c2HW2qsf0YBKFRSEwBVjWynLly5cuaOzYEbNk92seqt0qoLUhMAVY1spy5crUBhXE756j\/F5H4PuLhYztBdg85f1XvYrGtlOXLly5cuXLly8BqjFLIyVJAdajjWODMD9LlVAXDHSEwBVjWynLly9tbE8pMCyjcR7xcMdITAFWNbKcuXLly+D+fa3VF4N6KxrZTly5cuXLly5cuXLly5cuXLly5cuXLly5cuXLly5cuXLly5cuXLly5cuXLly5cuXLly5cuXLly5cuXLly5cuXLly5cuXLly5cuXLly5cuXLly5cuXLhAAAP7\/oF7\/uk\/U\/0X960XRsIAEB2AAAAAAN70kr1HHyAOX3hkoohV27A67FGK7ZDJxBrJxh4Ojbr\/WDeEfz\/7o3pHj59TQ8XGsQUhr3sN7hFK2Jryx8ktgST6T5ReQQ3\/8iFy18d24oI\/ehYDZRlXUy0Kupe8Eo1oGLy7EtnzszCA7wOSYi2TuBOTEajrI03t4X5RtPEfwApDODep6IxUiWEqwc10ClsN9PiXJYP\/ftxQ4kB\/fvVojv0hPD+UslrCvnBMHKjiIKuNWc2UVssi9Sc7OFkej4bXkVzuyn3wK6aai9cjlMoDj0aFvX1cABgc2Kb52QF9UStQKG7NBnYzqQyNQam2c8hYLfhjPkZw8Wtbagqpsowi5hfki1bc1bmdFsUiBCz012jpiep8diCSRABf4vizRKv35xIIAoAAAAAAAAAAAAAA='\/%3E%3C\/svg%3E&quot;)\"   src=\"https:\/\/www.europesays.com\/fr\/wp-content\/uploads\/2026\/09\/le-temps-de-cours-de-danse-les-eleves-mettent-la-maladie-entre-parentheses-1788514710_469defeab99a61.jpeg\"\/>Le temps de cours de danse, les \u00e9l\u00e8ves mettent la maladie entre parenth\u00e8ses. \/ Photo DR<\/p>\n<p>Une activit\u00e9 pour laquelle elle s&rsquo;est inscrite \u00e0 l&rsquo;Universit\u00e9 de Poitiers pour suivre une une formation \u00ab\u00a0sport et cancer\u00a0\u00bb afin d&rsquo;\u00eatre qualifi\u00e9e pour donner des cours de danse adapt\u00e9s aux pathologies des patientes dans un cadre hospitalier. Tr\u00e8s vite, l&rsquo;initiative fonctionne. \u00ab\u00a0On peut m\u00eame dire que l&rsquo;on est victime de notre succ\u00e8s, confie M\u00e9lanie Paolettoni.\u00a0Tous les cours sont complets et nous voulions proposer des cours hors des murs de l&rsquo;h\u00f4pital pour les \u00e9l\u00e8ves en r\u00e9mission ou tout simplement pour pouvoir lib\u00e9rer des places sur les cr\u00e9neaux qui nous sont attribu\u00e9s \u00e0 l&rsquo;h\u00f4pital.\u00a0\u00bb<\/p>\n<p>\u00ab\u00a0Cantona, un mec extra\u00a0\u00bb<\/p>\n<p>Probl\u00e8me, si elle est soutenue financi\u00e8rement dans le cadre hospitalier par Phoc\u00e9o, fonds de dotation de l&rsquo;AP-HM et l&rsquo;association Espoir au sommet, <a href=\"https:\/\/www.laprovence.com\/article\/sports\/1008660161532814\/sport-sante-a-marseille-le-collectif-des-vies-dansent-se-mobilise-pour-ses-cours-de-danse-therapie\" target=\"_self\" rel=\"nofollow noopener\">l&rsquo;association Giovanni,<\/a> qui utilise la cr\u00e9ation artistique comme une arme contre la stigmatisation et l&rsquo;exclusion li\u00e9es \u00e0 la maladie, se retrouve sans moyens pour mener cette op\u00e9ration d&rsquo;autant que, contexte \u00e9lectoral oblige, il lui est difficile de solliciter des subventions. Qu&rsquo;\u00e0 cela ne tienne, une poign\u00e9e d&rsquo;\u00e9l\u00e8ves se mobilise pour lancer une campagne de financement participatif. \u00ab\u00a0Je n&rsquo;avais jamais fait de sport avant d&rsquo;\u00eatre malade, pose Fabienne.\u00a0Mon m\u00e9decin m&rsquo;a dit que c&rsquo;\u00e9tait la meilleure r\u00e9ponse contre mes douleurs. On nous enjoint \u00e0 faire du sport, mais il y a tr\u00e8s peu de structures susceptibles de nous accueillir.\u00a0\u00bb<\/p>\n<p>Relay\u00e9e par La Provence, l&rsquo;initiative interpelle Sylvie Soumagne, responsable Infrastructures et Maintenance \u00e0 la Direction r\u00e9gionale Sud Est d&rsquo;Indigo. Une phrase de Christine, l&rsquo;une des \u00e9l\u00e8ves mobilis\u00e9es, fait mouche\u00a0: \u00ab\u00a0Je pr\u00e9f\u00e8re mourir vivante, que gu\u00e9rir morte.\u00a0\u00bb Elle entre en contact avec M\u00e9lanie Paolettoni et, ensemble, elles d\u00e9fendent le dossier devant un jury de la Fondation Indigo qui a accord\u00e9 le financement n\u00e9cessaire pour une ann\u00e9e de cours. \u00ab\u00a0Lorsque j&rsquo;ai \u00e9t\u00e9 contact\u00e9e, je n&rsquo;en ai pas cru mes oreilles, confie M\u00e9lanie Paolettoni. \u00c7a redonne confiance au genre humain.\u00a0\u00bb\u00a0Au-del\u00e0 du financement, une table ronde sera organis\u00e9e avec la Fondation Indigo \u00e0 l&rsquo;occasion d&rsquo;Octobre Rose.<\/p>\n<p><img alt=\"Form\u00e9e \u00e0 l'Universit\u00e9 de Poitiers, M\u00e9lanie Paolettoni propose des cours adapt\u00e9s aux pathologies des \u00e9l\u00e8ves.\" loading=\"lazy\" decoding=\"async\" data-nimg=\"fill\" class=\" TwicCore_img__i9TC1 undefined  undefined\" style=\"position:absolute;height:100%;width:100%;left:0;top:0;right:0;bottom:0;color:transparent;background-size:cover;background-position:50% 50%;background-repeat:no-repeat;background-image:url(&quot;data:image\/svg+xml;charset=utf-8,%3Csvg xmlns='http:\/\/www.w3.org\/2000\/svg' %3E%3Cfilter id='b' color-interpolation-filters='sRGB'%3E%3CfeGaussianBlur stdDeviation='20'\/%3E%3CfeColorMatrix values='1 0 0 0 0 0 1 0 0 0 0 0 1 0 0 0 0 0 100 -1' result='s'\/%3E%3CfeFlood x='0' y='0' width='100%25' height='100%25'\/%3E%3CfeComposite operator='out' in='s'\/%3E%3CfeComposite in2='SourceGraphic'\/%3E%3CfeGaussianBlur stdDeviation='20'\/%3E%3C\/filter%3E%3Cimage width='100%25' height='100%25' x='0' y='0' preserveAspectRatio='none' style='filter: url(%23b);' href='data:image\/webp;base64,UklGRjYDAABXRUJQVlA4ICoDAABwOwCdASpYAjMBPkkkkEYipC2hIHHIYbAJCWlu4XY+BNqD18Y8NfsAGklspy5cuXLly5cuXLly5cuXLly5cuXLly5cuXLly5cuXLly5cuXLly5cuXLly5cuXLly5cuXLly5cuXLly5cuXLly5cuXLly5cOmSMpCYAqxrZTly5cuXLlb+kGzWSu8K3E1y5cuXLly5cuXLly586rC9hJ59veBEwBVjWynLly5cuXLug2VFzeerXpFBoE1DzVqRnK9boVWdU5uGOkJgCrGtlOXLl3LvfxUZpxwRcmsj79wb4EbKlE\/r22O42hBnpQFwx0hMAVY1spy4YzRxqGxu6c2HW2qsf0YBKFRSEwBVjWynLly5cuaOzYEbNk92seqt0qoLUhMAVY1spy5crUBhXE756j\/F5H4PuLhYztBdg85f1XvYrGtlOXLly5cuXLly8BqjFLIyVJAdajjWODMD9LlVAXDHSEwBVjWynLly9tbE8pMCyjcR7xcMdITAFWNbKcuXLly+D+fa3VF4N6KxrZTly5cuXLly5cuXLly5cuXLly5cuXLly5cuXLly5cuXLly5cuXLly5cuXLly5cuXLly5cuXLly5cuXLly5cuXLly5cuXLly5cuXLly5cuXLly5cuXLhAAAP7\/oF7\/uk\/U\/0X960XRsIAEB2AAAAAAN70kr1HHyAOX3hkoohV27A67FGK7ZDJxBrJxh4Ojbr\/WDeEfz\/7o3pHj59TQ8XGsQUhr3sN7hFK2Jryx8ktgST6T5ReQQ3\/8iFy18d24oI\/ehYDZRlXUy0Kupe8Eo1oGLy7EtnzszCA7wOSYi2TuBOTEajrI03t4X5RtPEfwApDODep6IxUiWEqwc10ClsN9PiXJYP\/ftxQ4kB\/fvVojv0hPD+UslrCvnBMHKjiIKuNWc2UVssi9Sc7OFkej4bXkVzuyn3wK6aai9cjlMoDj0aFvX1cABgc2Kb52QF9UStQKG7NBnYzqQyNQam2c8hYLfhjPkZw8Wtbagqpsowi5hfki1bc1bmdFsUiBCz012jpiep8diCSRABf4vizRKv35xIIAoAAAAAAAAAAAAAA='\/%3E%3C\/svg%3E&quot;)\"   src=\"https:\/\/www.europesays.com\/fr\/wp-content\/uploads\/2026\/09\/formee-a-l-universite-de-poitiers-melanie-paolettoni-propose-des-cours-adaptes-aux-pathologies-des-e.jpeg\"\/>Form\u00e9e \u00e0 l&rsquo;Universit\u00e9 de Poitiers, M\u00e9lanie Paolettoni propose des cours adapt\u00e9s aux pathologies des \u00e9l\u00e8ves. \/ Photo DR<\/p>\n<p>Si Jacques Chirac avait en son temps d\u00e9clar\u00e9 que \u00ab\u00a0les emmerdes, \u00e7a vole toujours en escadrille\u00a0\u00bb, la r\u00e9ciproque est vraie pour les coups de pouce. Mises en relation avec <a href=\"https:\/\/www.laprovence.com\/article\/sports\/1781053141911315\/boules-le-jeu-provencal-cest-magnifique-la-declaration-damour-eric-cantona\" target=\"_self\" rel=\"nofollow noopener\">\u00c9ric Cantona<\/a> par le r\u00e9alisateur Philippe Dajoux, M\u00e9lanie Paolettoni et plusieurs de ses \u00e9l\u00e8ves qui avaient port\u00e9 la cagnotte participative ont profit\u00e9 de la tenue du Proven\u00e7al, au parc Bor\u00e9ly, pour le rencontrer. \u00ab\u00a0C&rsquo;est un mec extra, insiste M\u00e9lanie Paolettoni. Je pensais au d\u00e9part que nous ferions simplement une photo. Mais il a pris le temps pour discuter avec nous et de nous poser des questions. Il nous a demand\u00e9 si nous allions faire un spectacle. J&rsquo;ai dans l&rsquo;id\u00e9e de monter une com\u00e9die musicale pour que chacun puisse tenir un r\u00f4le dans lequel il se sent \u00e0 l&rsquo;aise.\u00a0\u00bb Le projet pourrait m\u00ealer adultes et enfants, puisque dans les prochaines semaines, des cours devraient \u00eatre dispens\u00e9s en service p\u00e9diatrie-oncologie.<\/p>\n","protected":false},"excerpt":{"rendered":"Les petits ruisseaux font les grandes rivi\u00e8res. Encourag\u00e9e par l&rsquo;une de ses \u00e9l\u00e8ves, Laetitia Padovani, devenue cheffe du&hellip;\n","protected":false},"author":2,"featured_media":1166721,"comment_status":"","ping_status":"","sticky":false,"template":"","format":"standard","meta":{"footnotes":"","_share_on_mastodon":"0"},"categories":[2814],"tags":[5734,1111,11,4077,26887,120404,4440,1777,674,1011,27,14643,884,12,30851,882,16,25,3400],"class_list":["post-1166720","post","type-post","status-publish","format-standard","has-post-thumbnail","category-marseille","tag-5734","tag-actu","tag-actualites","tag-association","tag-cantona","tag-danseuses","tag-dune","tag-eu","tag-europe","tag-fr","tag-france","tag-malades","tag-marseille","tag-news","tag-parrain","tag-provence-alpes-cote-dazur","tag-region","tag-republique-francaise","tag-solidarite"],"share_on_mastodon":{"url":"https:\/\/pubeurope.com\/@fr\/117212409403494862","error":""},"_links":{"self":[{"href":"https:\/\/www.europesays.com\/fr\/wp-json\/wp\/v2\/posts\/1166720","targetHints":{"allow":["GET"]}}],"collection":[{"href":"https:\/\/www.europesays.com\/fr\/wp-json\/wp\/v2\/posts"}],"about":[{"href":"https:\/\/www.europesays.com\/fr\/wp-json\/wp\/v2\/types\/post"}],"author":[{"embeddable":true,"href":"https:\/\/www.europesays.com\/fr\/wp-json\/wp\/v2\/users\/2"}],"replies":[{"embeddable":true,"href":"https:\/\/www.europesays.com\/fr\/wp-json\/wp\/v2\/comments?post=1166720"}],"version-history":[{"count":0,"href":"https:\/\/www.europesays.com\/fr\/wp-json\/wp\/v2\/posts\/1166720\/revisions"}],"wp:featuredmedia":[{"embeddable":true,"href":"https:\/\/www.europesays.com\/fr\/wp-json\/wp\/v2\/media\/1166721"}],"wp:attachment":[{"href":"https:\/\/www.europesays.com\/fr\/wp-json\/wp\/v2\/media?parent=1166720"}],"wp:term":[{"taxonomy":"category","embeddable":true,"href":"https:\/\/www.europesays.com\/fr\/wp-json\/wp\/v2\/categories?post=1166720"},{"taxonomy":"post_tag","embeddable":true,"href":"https:\/\/www.europesays.com\/fr\/wp-json\/wp\/v2\/tags?post=1166720"}],"curies":[{"name":"wp","href":"https:\/\/api.w.org\/{rel}","templated":true}]}}