{"id":1166722,"date":"2026-09-04T10:56:20","date_gmt":"2026-09-04T10:56:20","guid":{"rendered":"https:\/\/www.europesays.com\/fr\/1166722\/"},"modified":"2026-09-04T10:56:20","modified_gmt":"2026-09-04T10:56:20","slug":"marseille-basketball-voit-plus-grand-avec-trois-rendez-vous-au-palais-des-sports","status":"publish","type":"post","link":"https:\/\/www.europesays.com\/fr\/1166722\/","title":{"rendered":"Marseille BasketBall voit plus grand avec trois rendez-vous au Palais des Sports !"},"content":{"rendered":"<p><a target=\"_blank\" rel=\"noopener nofollow\" href=\"https:\/\/www.bebasket.fr\/equipe\/marseille-basketball\">Marseille Basketball<\/a> retrouvera le Palais des Sports les 10 octobre 2026, 16 d\u00e9cembre 2026 et 14 avril 2027. La derni\u00e8re date accueillera un derby. Ces trois soir\u00e9es doivent accompagner le d\u00e9veloppement d\u2019un projet d\u00e9sormais soutenu par 40 partenaires et dont l\u2019objectif sportif est la mont\u00e9e en <a target=\"_blank\" rel=\"noopener nofollow\" href=\"https:\/\/www.bebasket.fr\/ligue\/nm1\">NM1<\/a>.<\/p>\n<p><img decoding=\"async\" loading=\"lazy\" class=\"aligncenter wp-image-321958 size-publisher-md\" src=\"https:\/\/www.europesays.com\/fr\/wp-content\/uploads\/2026\/09\/DSC_4531-357x210.jpg\" alt=\"\" width=\"357\" height=\"210\"\/><\/p>\n<p><strong>Marseille BasketBall veut prolonger le succ\u00e8s du 18 avril<\/strong><\/p>\n<p>Le club marseillais avait investi le Palais des Sports le 18 avril dernier afin d\u2019\u00e9valuer l\u2019int\u00e9r\u00eat du public local pour un rendez-vous de Nationale 2 dans cette enceinte. Alors que les organisateurs esp\u00e9raient accueillir 1 000 personnes, 3 454 spectateurs avaient assist\u00e9 \u00e0 la rencontre, en pr\u00e9sence de 16 clubs de Marseille et de ses environs.<\/p>\n<p>Cette affluence a convaincu les dirigeants de renouveler l\u2019exp\u00e9rience \u00e0 trois reprises. Marseille BasketBall souhaite notamment constituer un kop et faire progressivement du Palais des Sports le lieu de ses principales affiches.<\/p>\n<p>\u00ab Le 18 avril, les Marseillais nous ont montr\u00e9 qu\u2019ils avaient envie de basket et de grands rendez-vous. Notre responsabilit\u00e9 est d\u00e9sormais de faire grandir cette ferveur, sans perdre ce qui fait notre ADN : un club intense, populaire, fier de Marseille et ouvert \u00e0 toute la ville \u00bb, a d\u00e9clar\u00e9 Alexandre Fassi dans le communiqu\u00e9 du club.<\/p>\n<p>La saison 2026-2027 a \u00e9t\u00e9 officiellement lanc\u00e9e le 3 septembre au Greet H\u00f4tel Marseille Prado. Marseille BasketBall y a pr\u00e9sent\u00e9 son effectif, ses nouveaux maillots ainsi que les prochaines \u00e9tapes de son d\u00e9veloppement.<\/p>\n<p><img decoding=\"async\" loading=\"lazy\" class=\"aligncenter wp-image-321961 size-publisher-md\" src=\"https:\/\/www.europesays.com\/fr\/wp-content\/uploads\/2026\/09\/DSC_4445-357x210.jpg\" alt=\"\" width=\"357\" height=\"210\"\/><\/p>\n<p><strong>Un effectif b\u00e2ti pour jouer les premiers r\u00f4les en Nationale 2<\/strong><\/p>\n<p>H\u00e9ritier du travail men\u00e9 par le SMUC dans la formation et l\u2019\u00e9ducation, Marseille BasketBall a renforc\u00e9 son organisation sportive. Miroslav Dobri\u010dan occupe d\u00e9sormais le poste d\u2019entra\u00eeneur professionnel \u00e0 temps plein, tandis que le staff et l\u2019effectif ont \u00e9t\u00e9 constitu\u00e9s avec l\u2019ambition de participer \u00e0 la lutte pour la mont\u00e9e en Nationale 1.<\/p>\n<p>Le club entend \u00e9galement d\u00e9velopper son implantation locale avec \u00ab 5 Majeur \u00bb, son nouveau programme d\u2019engagement. Celui-ci reposera sur cinq champs d\u2019action, regroupant la jeunesse, l\u2019insertion et l\u2019inclusion, l\u2019\u00e9galit\u00e9 entre les femmes et les hommes, le handicap, l\u2019environnement, ainsi que la citoyennet\u00e9 et l\u2019impact social.<\/p>\n<p><img decoding=\"async\" loading=\"lazy\" class=\"aligncenter wp-image-321964 size-publisher-md\" src=\"https:\/\/www.europesays.com\/fr\/wp-content\/uploads\/2026\/09\/DSC_4438-357x210.jpg\" alt=\"\" width=\"357\" height=\"210\"\/><\/p>\n<p>Des actions seront conduites avec des structures d\u00e9j\u00e0 pr\u00e9sentes sur le territoire, dont l\u2019\u00c9cole de la deuxi\u00e8me chance et Melting Pot. Les joueurs doivent intervenir dans diff\u00e9rents quartiers de Marseille, tandis que les entreprises partenaires pourront participer \u00e0 des op\u00e9rations de sensibilisation, de formation et d\u2019inclusion.<\/p>\n","protected":false},"excerpt":{"rendered":"Marseille Basketball retrouvera le Palais des Sports les 10 octobre 2026, 16 d\u00e9cembre 2026 et 14 avril 2027.&hellip;\n","protected":false},"author":2,"featured_media":1166723,"comment_status":"","ping_status":"","sticky":false,"template":"","format":"standard","meta":{"footnotes":"","_share_on_mastodon":"0"},"categories":[2814],"tags":[1111,11,1777,674,1011,27,884,12,882,25],"class_list":["post-1166722","post","type-post","status-publish","format-standard","has-post-thumbnail","category-marseille","tag-actu","tag-actualites","tag-eu","tag-europe","tag-fr","tag-france","tag-marseille","tag-news","tag-provence-alpes-cote-dazur","tag-republique-francaise"],"share_on_mastodon":{"url":"https:\/\/pubeurope.com\/@fr\/117212416048856208","error":""},"_links":{"self":[{"href":"https:\/\/www.europesays.com\/fr\/wp-json\/wp\/v2\/posts\/1166722","targetHints":{"allow":["GET"]}}],"collection":[{"href":"https:\/\/www.europesays.com\/fr\/wp-json\/wp\/v2\/posts"}],"about":[{"href":"https:\/\/www.europesays.com\/fr\/wp-json\/wp\/v2\/types\/post"}],"author":[{"embeddable":true,"href":"https:\/\/www.europesays.com\/fr\/wp-json\/wp\/v2\/users\/2"}],"replies":[{"embeddable":true,"href":"https:\/\/www.europesays.com\/fr\/wp-json\/wp\/v2\/comments?post=1166722"}],"version-history":[{"count":0,"href":"https:\/\/www.europesays.com\/fr\/wp-json\/wp\/v2\/posts\/1166722\/revisions"}],"wp:featuredmedia":[{"embeddable":true,"href":"https:\/\/www.europesays.com\/fr\/wp-json\/wp\/v2\/media\/1166723"}],"wp:attachment":[{"href":"https:\/\/www.europesays.com\/fr\/wp-json\/wp\/v2\/media?parent=1166722"}],"wp:term":[{"taxonomy":"category","embeddable":true,"href":"https:\/\/www.europesays.com\/fr\/wp-json\/wp\/v2\/categories?post=1166722"},{"taxonomy":"post_tag","embeddable":true,"href":"https:\/\/www.europesays.com\/fr\/wp-json\/wp\/v2\/tags?post=1166722"}],"curies":[{"name":"wp","href":"https:\/\/api.w.org\/{rel}","templated":true}]}}