{"id":1166730,"date":"2026-09-04T11:01:17","date_gmt":"2026-09-04T11:01:17","guid":{"rendered":"https:\/\/www.europesays.com\/fr\/1166730\/"},"modified":"2026-09-04T11:01:17","modified_gmt":"2026-09-04T11:01:17","slug":"taxe-fonciere-comment-expliquer-le-faible-taux-applique-a-paris","status":"publish","type":"post","link":"https:\/\/www.europesays.com\/fr\/1166730\/","title":{"rendered":"Taxe fonci\u00e8re : comment expliquer le faible taux appliqu\u00e9 \u00e0 Paris ?"},"content":{"rendered":"<p>        <img decoding=\"async\" src=\"https:\/\/www.europesays.com\/fr\/wp-content\/uploads\/2026\/01\/31bedf78c7060f7943c8543ec25ac580-760x538.jpg\" alt=\"Alors qu'il est de 20,5 % \u00e0 Paris, le taux avoisine les 50 % \u00e0 Marseille ou Toulouse et il atteint m\u00eame 60 % \u00e0 Poitiers ou Grenoble. Illustration. (Edmondlafoto \/ Pixabay)\" loading=\"eager\" fetchpriority=\"high\" width=\"760\" height=\"538\" style=\"max-width: 100%!important; height: auto;\"\/><\/p>\n<p class=\"c-image-news__legend\">Alors qu&rsquo;il est de 20,5 % \u00e0 Paris, le taux avoisine les 50 % \u00e0 Marseille ou Toulouse et il atteint m\u00eame 60 % \u00e0 Poitiers ou Grenoble. Illustration. (Edmondlafoto \/ Pixabay)<\/p>\n<p><strong><br \/>\n Malgr\u00e9 une forte hausse en 2023, Paris conserve un taux de taxe fonci\u00e8re tr\u00e8s inf\u00e9rieur \u00e0 celui des autres grandes villes fran\u00e7aises. Une particularit\u00e9 qui s&rsquo;explique notamment par la valeur \u00e9lev\u00e9e de l&rsquo;immobilier, le nombre d&rsquo;entreprises et un statut fiscal sp\u00e9cifique.<br \/>\n<\/strong><\/p>\n<p>\n \u00c0 Paris, le taux de taxe fonci\u00e8re reste particuli\u00e8rement bas par rapport \u00e0 la moyenne nationale et \u00e0 celui appliqu\u00e9 dans les autres grandes villes fran\u00e7aises. Un \u00e9cart qui demeure important malgr\u00e9 la forte hausse d\u00e9cid\u00e9e il y a trois ans. Comme l\u2019explique<\/p>\n<p>  <a href=\"https:\/\/www.leparisien.fr\/paris-75\/malgre-sa-hausse-en-2023-pourquoi-le-taux-de-taxe-fonciere-a-paris-reste-si-bas-par-rapport-aux-autres-grandes-villes-francaises-03-09-2026-RLHBOYRLJFEPXPAQT4NFRXSRFY.php?ts=1788508601339\" rel=\"nofollow noopener noreferrer\" target=\"_blank\"><br \/>\n   Le Parisien<br \/>\n  <\/a><\/p>\n<p> ce jeudi 3 septembre 2026, cette situation tient notamment au statut particulier de la capitale.\n<\/p>\n<p> Une moyenne nationale deux fois plus \u00e9lev\u00e9e<\/p>\n<p>\n Alors qu&rsquo;il \u00e9tait le plus faible de France, le taux de la taxe fonci\u00e8re \u00e0 Paris a bondi depuis 2023, passant de 13,5 \u00e0 20,5 %. Celui-ci reste tout de m\u00eame inf\u00e9rieur de plus de 20 points \u00e0 la moyenne nationale (42 %), d&rsquo;apr\u00e8s les donn\u00e9es de la Direction g\u00e9n\u00e9rale des collectivit\u00e9s locales (DGCL). Lorsqu&rsquo;on s&rsquo;int\u00e9resse aux 50 villes les plus peupl\u00e9es, Paris fait m\u00eame figure d&rsquo;exception, puisqu\u2019il est de 44 % en moyenne.\n<\/p>\n<p>\n Dans des m\u00e9tropoles comme Marseille ou Toulouse, le taux avoisine les 50 %, et il atteint m\u00eame 60 % \u00e0 Poitiers ou Grenoble. La commune la plus peupl\u00e9e qui se rapproche le plus de Paris est Ghisonaccia, en Corse, o\u00f9 le taux s&rsquo;\u00e9tablit \u00e0 16,5 %. Sauf qu&rsquo;il s&rsquo;agit d&rsquo;un village d&rsquo;\u00e0 peine 4.200 habitants.\n<\/p>\n<p> Un milliard d&rsquo;euros de recettes<\/p>\n<p>\n Malgr\u00e9 le faible taux de la capitale, la taxe fonci\u00e8re lui rapporte pr\u00e8s d&rsquo;un milliard d\u2019euros, selon les estimations. La valeur \u00e9lev\u00e9e des biens immobiliers joue notamment un r\u00f4le. Comme le souligne l&rsquo;Union nationale des propri\u00e9taires immobiliers (UNPI), comparer uniquement les taux peut \u00eatre trompeur. Une faible hausse appliqu\u00e9e \u00e0 d&rsquo;importantes valeurs locatives peut suffire \u00e0 g\u00e9n\u00e9rer des recettes cons\u00e9quentes.\n<\/p>\n<p>\n Les nombreux locaux professionnels et entreprises pr\u00e9sents \u00e0 Paris alimentent eux aussi les recettes li\u00e9es au foncier. Autre avantage : la capitale cumule les statuts de commune et de d\u00e9partement, ce qui lui permet de percevoir des recettes fiscales auxquelles une ville classique n&rsquo;a pas forc\u00e9ment acc\u00e8s, comme les droits de mutation li\u00e9s aux transactions immobili\u00e8res.<\/p>\n<p>  \u00ab \u00c0 Paris, ce taux a toujours \u00e9t\u00e9 historiquement faible. Donc m\u00eame si un ex\u00e9cutif l\u2019augmente fortement, comme l\u2019a fait Anne Hidalgo, il ne peut pas doubler voire tripler. Politiquement, ce n\u2019est pas ce qu\u2019il y a de plus valorisant \u00bb<\/p>\n<p> , d\u00e9taille un sp\u00e9cialiste.<\/p>\n","protected":false},"excerpt":{"rendered":"Alors qu&rsquo;il est de 20,5 % \u00e0 Paris, le taux avoisine les 50 % \u00e0 Marseille ou Toulouse&hellip;\n","protected":false},"author":2,"featured_media":659798,"comment_status":"","ping_status":"","sticky":false,"template":"","format":"standard","meta":{"footnotes":"","_share_on_mastodon":"0"},"categories":[1888],"tags":[400,1111,1928,11,1927,398,408,405,1777,674,1011,27,403,402,399,404,12,1926,626,1925,25,401,406,407],"class_list":["post-1166730","post","type-post","status-publish","format-standard","has-post-thumbnail","category-paris","tag-action-cac-40","tag-actu","tag-actu-paris","tag-actualites","tag-actualites-paris","tag-bourse-de-paris","tag-boursorama","tag-cotations","tag-eu","tag-europe","tag-fr","tag-france","tag-indices-devises","tag-investir","tag-investissement","tag-marche-boursier","tag-news","tag-news-paris","tag-paris","tag-paris-news","tag-republique-francaise","tag-sicav","tag-trackers","tag-warrants"],"share_on_mastodon":{"url":"https:\/\/pubeurope.com\/@fr\/117212434394567647","error":""},"_links":{"self":[{"href":"https:\/\/www.europesays.com\/fr\/wp-json\/wp\/v2\/posts\/1166730","targetHints":{"allow":["GET"]}}],"collection":[{"href":"https:\/\/www.europesays.com\/fr\/wp-json\/wp\/v2\/posts"}],"about":[{"href":"https:\/\/www.europesays.com\/fr\/wp-json\/wp\/v2\/types\/post"}],"author":[{"embeddable":true,"href":"https:\/\/www.europesays.com\/fr\/wp-json\/wp\/v2\/users\/2"}],"replies":[{"embeddable":true,"href":"https:\/\/www.europesays.com\/fr\/wp-json\/wp\/v2\/comments?post=1166730"}],"version-history":[{"count":0,"href":"https:\/\/www.europesays.com\/fr\/wp-json\/wp\/v2\/posts\/1166730\/revisions"}],"wp:featuredmedia":[{"embeddable":true,"href":"https:\/\/www.europesays.com\/fr\/wp-json\/wp\/v2\/media\/659798"}],"wp:attachment":[{"href":"https:\/\/www.europesays.com\/fr\/wp-json\/wp\/v2\/media?parent=1166730"}],"wp:term":[{"taxonomy":"category","embeddable":true,"href":"https:\/\/www.europesays.com\/fr\/wp-json\/wp\/v2\/categories?post=1166730"},{"taxonomy":"post_tag","embeddable":true,"href":"https:\/\/www.europesays.com\/fr\/wp-json\/wp\/v2\/tags?post=1166730"}],"curies":[{"name":"wp","href":"https:\/\/api.w.org\/{rel}","templated":true}]}}