{"id":1166731,"date":"2026-09-04T11:03:31","date_gmt":"2026-09-04T11:03:31","guid":{"rendered":"https:\/\/www.europesays.com\/fr\/1166731\/"},"modified":"2026-09-04T11:03:31","modified_gmt":"2026-09-04T11:03:31","slug":"en-images-celine-dion-a-paris-retrouvez-tous-les-looks-de-la-diva-durant-sa-residence-parisienne","status":"publish","type":"post","link":"https:\/\/www.europesays.com\/fr\/1166731\/","title":{"rendered":"EN IMAGES. C\u00e9line Dion \u00e0 Paris\u00a0: Retrouvez tous les looks de la diva durant sa r\u00e9sidence parisienne"},"content":{"rendered":"<p><img fetchpriority=\"high\" decoding=\"async\" alt=\"C\u00e9line Dion arrive \u00e0 son h\u00f4tel le 28\u00a0ao\u00fbt 2026 \u00e0 Paris, en France\" class=\"mb-s@xs radius-0@xs radius-xxs@md c-img\" loading=\"eager\" width=\"640\" height=\"408\" src=\"https:\/\/img.20mn.fr\/y4ik-lkfT3uy7xGczu7aMyk\/640x408_celine-dion-arrive-a-son-hotel-le-28-aout-2026-a-paris-en-france-pecquenard-cyril-10193-credit-cyril-pecquenard-sipa-2608281532\" \/>C\u00e9line Dion arrive \u00e0 son h\u00f4tel le 28\u00a0ao\u00fbt 2026 \u00e0 Paris, en France\u2002-\u00a0Cyril Pecquenard\/SIPA\u2002\/\u00a0SIPALe trench-coat d\u2019arriv\u00e9e<\/p>\n<p>Une pi\u00e8ce structur\u00e9e aux volumes architecturaux port\u00e9e d\u00e8s son arriv\u00e9e. Le drap\u00e9 d\u2019automne de la maison Ala\u00efa (collection Automne-Hiver\u00a02026) r\u00e9invente le trench classique dans une rigueur tr\u00e8s haute couture.<\/p>\n<p><img decoding=\"async\" alt=\"C\u00e9line Dion est vue \u00e0 l\u2019h\u00f4tel Royal Monceau le 31\u00a0ao\u00fbt 2026 \u00e0 Paris, en France.\" class=\"mb-s@xs radius-0@xs radius-xxs@md c-img\" loading=\"eager\" width=\"640\" height=\"408\" src=\"https:\/\/img.20mn.fr\/jdlKmBqLTTO7hSoc_OSD1Sk\/640x408_celine-dion-est-vue-a-l-hotel-royal-monceau-le-31-aout-2026-a-paris-en-france-pecquenard-cyril-0107-credit-cyril-pecquenard-sipa-2609010820\" \/>C\u00e9line Dion est vue \u00e0 l\u2019h\u00f4tel Royal Monceau le 31\u00a0ao\u00fbt 2026 \u00e0 Paris, en France.\u2002-\u00a0Cyril Pecquenard\/SIPA\u2002\/\u00a0SIPAL\u2019ensemble rock en cuir emboss\u00e9<\/p>\n<p>Construit autour d\u2019un blouson court Tom Ford (collection Automne-Hiver\u00a02026 par Haider Ackermann) \u00e0 la texture travaill\u00e9e et de bottes assorties. Une silhouette tranchante, ultra-moderne et pleine d\u2019assurance.<\/p>\n<p><img decoding=\"async\" alt=\"C\u00e9line Dion devant le Royal Monceau, \u00e0 Paris, chante \u00ab\u00a0Pour que tu m\u2019aimes encore\u00a0\u00bb avec ses fans.\" class=\"mb-s@xs radius-0@xs radius-xxs@md c-img\" loading=\"eager\" width=\"640\" height=\"408\" src=\"https:\/\/img.20mn.fr\/VpuTxCwGSM-ftoW03Bx66yk\/640x408_celine-dion-devant-le-royal-monceau-a-paris-chante-pour-que-tu-m-aimes-encore-avec-ses-fans\" \/>C\u00e9line Dion devant le Royal Monceau, \u00e0 Paris, chante \u00ab\u00a0Pour que tu m\u2019aimes encore\u00a0\u00bb avec ses fans.\u2002-\u00a0Cyril Pecquenard\/SIPA\u2002\/\u00a0SIPALa robe sculpturale en cuir<\/p>\n<p>R\u00e9interpr\u00e9tation avant-gardiste et th\u00e9\u00e2trale de la petite robe noire par Loewe (collection Automne\u00a02026), l\u2019asym\u00e9trie et la d\u00e9coupe du cuir apportent un effet de mouvement presque dramatique.<\/p>\n<p><img decoding=\"async\" alt=\"C\u00e9line Dion est vue \u00e0 l\u2019h\u00f4tel Royal Monceau le 1er\u00a0septembre 2026 \u00e0 Paris, en France.\" class=\"mb-s@xs mx-auto@xs radius-0@xs radius-xxs@md c-img c-img--is-portrait\" loading=\"eager\" width=\"310\" src=\"https:\/\/img.20mn.fr\/t9P-xNV2QG6U-LQQBDpGxik\/310x0_celine-dion-est-vue-a-l-hotel-royal-monceau-le-1er-septembre-2026-a-paris-en-france-pecquenard-cyril-0723-credit-cyril-pecquenard-sipa-2609020812\" \/>Cyril Pecquenard\/SIPA\u2002\/\u00a0SIPA<\/p>\n<p>C\u00e9line Dion est vue \u00e0 l\u2019h\u00f4tel Royal Monceau le 1er\u00a0septembre 2026 \u00e0 Paris, en France.<\/p>\n<p><img decoding=\"async\" alt=\"C\u00e9line Dion est vue \u00e0 l\u2019h\u00f4tel Royal Monceau le 3\u00a0septembre 2026 \u00e0 Paris, en France.\" class=\"mb-s@xs mx-auto@xs radius-0@xs radius-xxs@md c-img c-img--is-portrait\" loading=\"eager\" width=\"310\" src=\"https:\/\/img.20mn.fr\/E6BoYIuxSMuwr25SnxANFSk\/310x0_celine-dion-est-vue-a-l-hotel-royal-monceau-le-3-septembre-2026-a-paris-en-france-pecquenard-cyril-pec0142-credit-cyril-pecquenard-sipa-2609040825\" \/>C\u00e9line Dion est vue \u00e0 l\u2019h\u00f4tel Royal Monceau le 3\u00a0septembre 2026 \u00e0 Paris, en France.\u2002-\u00a0CYRIL PECQUENARD\/SIPA\u2002\/\u00a0SIPALe look mi-saison accessoiris\u00e9<\/p>\n<p>Une allure plus d\u00e9contract\u00e9e pour les trajets vers les r\u00e9p\u00e9titions. Le minimalisme des v\u00eatements contraste avec des lunettes Prada oversize noires, ajoutant la touche diva id\u00e9ale.<\/p>\n<p><img decoding=\"async\" alt=\"C\u00e9line Dion est vue \u00e0 l\u2019h\u00f4tel Royal Monceau le 3\u00a0septembre 2026 \u00e0 Paris, en France\" class=\"mb-s@xs radius-0@xs radius-xxs@md c-img\" loading=\"eager\" width=\"640\" height=\"408\" src=\"https:\/\/img.20mn.fr\/YwqADcf3QYO0rGp2Hi5jjSk\/640x408_celine-dion-est-vue-a-l-hotel-royal-monceau-le-3-septembre-2026-a-paris-en-france-pecquenard-cyril-pec0172-credit-cyril-pecquenard-sipa-2609040828\" \/>CYRIL PECQUENARD\/SIPA\u2002\/\u00a0SIPA<\/p>\n<p>C\u00e9line Dion est vue \u00e0 l\u2019h\u00f4tel Royal Monceau le 3\u00a0septembre 2026 \u00e0 Paris, en France<\/p>\n","protected":false},"excerpt":{"rendered":"C\u00e9line Dion arrive \u00e0 son h\u00f4tel le 28\u00a0ao\u00fbt 2026 \u00e0 Paris, en France\u2002-\u00a0Cyril Pecquenard\/SIPA\u2002\/\u00a0SIPALe trench-coat d\u2019arriv\u00e9e Une pi\u00e8ce&hellip;\n","protected":false},"author":2,"featured_media":1166732,"comment_status":"","ping_status":"","sticky":false,"template":"","format":"standard","meta":{"footnotes":"","_share_on_mastodon":"0"},"categories":[1888],"tags":[1111,1928,11,1927,7043,1697,6196,1777,674,1011,27,873,12,1926,626,1925,25,1969,990],"class_list":["post-1166731","post","type-post","status-publish","format-standard","has-post-thumbnail","category-paris","tag-actu","tag-actu-paris","tag-actualites","tag-actualites-paris","tag-celine-dion","tag-concert","tag-diaporamas","tag-eu","tag-europe","tag-fr","tag-france","tag-musique","tag-news","tag-news-paris","tag-paris","tag-paris-news","tag-republique-francaise","tag-style","tag-tendance-mode"],"share_on_mastodon":{"url":"https:\/\/pubeurope.com\/@fr\/117212443616330180","error":""},"_links":{"self":[{"href":"https:\/\/www.europesays.com\/fr\/wp-json\/wp\/v2\/posts\/1166731","targetHints":{"allow":["GET"]}}],"collection":[{"href":"https:\/\/www.europesays.com\/fr\/wp-json\/wp\/v2\/posts"}],"about":[{"href":"https:\/\/www.europesays.com\/fr\/wp-json\/wp\/v2\/types\/post"}],"author":[{"embeddable":true,"href":"https:\/\/www.europesays.com\/fr\/wp-json\/wp\/v2\/users\/2"}],"replies":[{"embeddable":true,"href":"https:\/\/www.europesays.com\/fr\/wp-json\/wp\/v2\/comments?post=1166731"}],"version-history":[{"count":0,"href":"https:\/\/www.europesays.com\/fr\/wp-json\/wp\/v2\/posts\/1166731\/revisions"}],"wp:featuredmedia":[{"embeddable":true,"href":"https:\/\/www.europesays.com\/fr\/wp-json\/wp\/v2\/media\/1166732"}],"wp:attachment":[{"href":"https:\/\/www.europesays.com\/fr\/wp-json\/wp\/v2\/media?parent=1166731"}],"wp:term":[{"taxonomy":"category","embeddable":true,"href":"https:\/\/www.europesays.com\/fr\/wp-json\/wp\/v2\/categories?post=1166731"},{"taxonomy":"post_tag","embeddable":true,"href":"https:\/\/www.europesays.com\/fr\/wp-json\/wp\/v2\/tags?post=1166731"}],"curies":[{"name":"wp","href":"https:\/\/api.w.org\/{rel}","templated":true}]}}