{"id":1166737,"date":"2026-09-04T11:07:18","date_gmt":"2026-09-04T11:07:18","guid":{"rendered":"https:\/\/www.europesays.com\/fr\/1166737\/"},"modified":"2026-09-04T11:07:18","modified_gmt":"2026-09-04T11:07:18","slug":"guerre-hybride-la-russie-multiplie-les-attaques-en-europe","status":"publish","type":"post","link":"https:\/\/www.europesays.com\/fr\/1166737\/","title":{"rendered":"Guerre hybride: la Russie multiplie les attaques en Europe"},"content":{"rendered":"<p>Cyberattaques, incendies d&rsquo;usine, sabotages, flotte fant\u00f4me\u2026 Moscou multiplie les attaques clandestines en Europe depuis 2022, explique vendredi dans Tout un monde la politologue allemande Ulrike Franke. Selon cette sp\u00e9cialiste de la d\u00e9fense, le Kremlin joue sur le refus des Europ\u00e9ens d&rsquo;engager pour de bon les hostilit\u00e9s.<\/p>\n<p>Le ton est mont\u00e9 d&rsquo;un cran cette semaine. Deux ministres allemands ont accus\u00e9 mardi la Russie d&rsquo;\u00eatre <a href=\"https:\/\/www.rts.ch\/info\/monde\/2026\/article\/drone-explosif-a-leipzig-l-allemagne-designe-la-russie-29344790.html\" data-id=\"29344790\" data-type=\"news\" data-item-id=\"richtext_link\" rel=\"nofollow noopener\" target=\"_blank\">\u00e0 l&rsquo;origine de l&rsquo;affaire du drone charg\u00e9 d&rsquo;explosifs<\/a> qui avait perturb\u00e9 d\u00e9but ao\u00fbt l&rsquo;a\u00e9roport de Leipzig. Le minist\u00e8re russe des Affaires \u00e9trang\u00e8res a r\u00e9pliqu\u00e9 en annon\u00e7ant la fermeture des antennes de l&rsquo;Institut Goethe sur son territoire.<\/p>\n<p>\u00ab\u00a0Nous sommes toujours dans une situation de guerre hybride, dans la mesure o\u00f9 ce ne sont pas des chars ou de l&rsquo;artillerie qui nous visent\u00a0\u00bb, observe Ulrike Franke. \u00ab\u00a0Mais de plus en plus d&rsquo;attaques russes peuvent vraiment faire des d\u00e9g\u00e2ts. La tentative d&rsquo;attentat \u00e0 Leipzig aurait pu provoquer une grande explosion, aux cons\u00e9quences importantes\u00a0\u00bb, analyse l&rsquo;experte des questions de s\u00e9curit\u00e9 en Europe.<\/p>\n<p> &gt;&gt; L&rsquo;interview d&rsquo;Ulrike Franke dans Tout un monde\u00a0:    Attaques hybrides: l&rsquo;Europe est-elle d\u00e9j\u00e0 en guerre avec la Russie? Avec Ulrike Franke \/ Tout un monde \/ 8 min. \/ aujourd&rsquo;hui \u00e0 08:12 Peu de moyens de faire pression<\/p>\n<p>Les Europ\u00e9ens r\u00e9pondent par des m\u00e9thodes bien moins clandestines que celles de la Russie. Ils privil\u00e9gient avant tout les mots: leurs chancelleries rappellent Moscou \u00e0 l&rsquo;ordre en convoquant ses ambassadeurs. Apr\u00e8s l&rsquo;\u00e9pisode de Leipzig, l&rsquo;Allemagne est all\u00e9e un peu plus loin, en fermant le dernier consulat russe sur son territoire.<\/p>\n<blockquote class=\"rts-quote quote with-image\">\n<p class=\"q-text\">Il faudrait plus de syst\u00e8mes de d\u00e9tection pour combattre les drones, afin que la Russie se rende compte que cela ne vaut plus le coup de les envoyer<\/p>\n<p><img decoding=\"async\" class=\"q-img\" src=\"https:\/\/www.europesays.com\/fr\/wp-content\/uploads\/2026\/09\/d1dbddc6-28995509.image.jpeg\" data-ratio=\"square\"\/>  Ulrike Franke, politologue <\/p><\/blockquote>\n<p>La riposte se fait aussi sur le plan \u00e9conomique. Les membres de l&rsquo;Union europ\u00e9enne brandissent la menace d&rsquo;un 22e paquet de sanctions. Les 27 d\u00e9battent \u00e9galement depuis longtemps de l&rsquo;utilisation des avoirs russes gel\u00e9s pour aider l&rsquo;Ukraine, sans avoir trouv\u00e9 un terrain d&rsquo;entente jusqu&rsquo;\u00e0 pr\u00e9sent.<\/p>\n<p>\u00ab\u00a0Ils n&rsquo;ont pas \u00e9norm\u00e9ment de moyens de faire pression sur la Russie, parce qu&rsquo;ils ne veulent pas d&rsquo;escalade militaire\u00a0\u00bb, rel\u00e8ve la sp\u00e9cialiste. \u00ab\u00a0C&rsquo;est l&rsquo;avantage de la guerre hybride. La Russie sait qu&rsquo;elle ne gagnera pas une vraie guerre militaire contre l&rsquo;Otan et n&rsquo;en d\u00e9clenche donc pas.\u00a0\u00bb<\/p>\n<p><strong class=\"inline-title\">&gt;&gt; A lire \u00e9galement\u00a0: <\/strong><a href=\"https:\/\/www.rts.ch\/info\/suisse\/2026\/article\/les-agents-jetables-de-la-russie-operent-aussi-en-suisse-29334396.html\" data-item-id=\"richtext_link\" rel=\"nofollow noopener\" target=\"_blank\">Les \u00ab\u00a0agents jetables\u00a0\u00bb de Vladimir Poutine op\u00e8rent \u00e9galement sur le territoire suisse<\/a><\/p>\n<p>Muscler la r\u00e9ponse afin d&rsquo;envoyer un message<\/p>\n<p>Selon Ulrike Franke, les pays europ\u00e9ens doivent r\u00e9agir davantage et faire \u00e9chouer les attaques hybrides afin d&rsquo;envoyer un signal au Kremlin. Elle prend l&rsquo;exemple des survols de drones: \u00ab\u00a0Souvent, on ne se rend pas compte de leur pr\u00e9sence ou on n&rsquo;arrive pas \u00e0 s&rsquo;en d\u00e9fendre. Il faudrait plus de syst\u00e8mes de d\u00e9tection pour les combattre, afin que la Russie se rende compte que cela ne vaut plus le coup de les envoyer.\u00a0\u00bb<\/p>\n<p>Certains experts estiment que la Russie pourrait tenter une attaque arm\u00e9e d&rsquo;ampleur limit\u00e9e, par exemple en envahissant partiellement l&rsquo;un de ses voisins baltes. Ces observateurs pensent que, dans ce cas-l\u00e0, l&rsquo;Otan ne partirait pas en guerre pour sauver un bout de territoire.<\/p>\n<p> &gt;&gt; L&rsquo;\u00e9pisode de G\u00e9opolitis d\u00e9di\u00e9 \u00e0 la guerre hybride\u00a0:   <img decoding=\"async\" class=\"embed-responsive-item\" loading=\"lazy\" src=\"https:\/\/www.europesays.com\/fr\/wp-content\/uploads\/2026\/09\/8i9dmi-29031797.image.jpeg\" alt=\"Guerre hybride, l\u2019Europe menac\u00e9e\"\/>    Guerre hybride, l\u2019Europe menac\u00e9e \/ Geopolitis \/ 26 min. \/ le 19 octobre 2025 <\/p>\n<p>Ulrike Franke juge, elle aussi, ce sc\u00e9nario probable. \u00c0 ses yeux, si cette \u00e9ventualit\u00e9 devient r\u00e9alit\u00e9, il faudra rappeler \u00e0 Moscou qu&rsquo;il y a des lignes rouges \u00e0 ne pas franchir. Car si les principes de la d\u00e9fense mutuelle ne sont pas respect\u00e9s, l&rsquo;alliance est caduque.<\/p>\n<p>Mais dans les faits, les Europ\u00e9ens n&rsquo;ont aucune envie de prendre les armes. \u00ab\u00a0La Russie joue sur cette aversion \u00e0 la guerre\u00a0\u00bb, souligne la politologue.<\/p>\n<p class=\"sources\">Propos recueillis par Eric Guevara-Frey<\/p>\n<p class=\"credit\">Texte web: Antoine Michel<\/p>\n","protected":false},"excerpt":{"rendered":"Cyberattaques, incendies d&rsquo;usine, sabotages, flotte fant\u00f4me\u2026 Moscou multiplie les attaques clandestines en Europe depuis 2022, explique vendredi dans&hellip;\n","protected":false},"author":2,"featured_media":1166738,"comment_status":"","ping_status":"","sticky":false,"template":"","format":"standard","meta":{"footnotes":"","_share_on_mastodon":"0"},"categories":[1591],"tags":[11,834,2120,3576,2951,8616,564,674,1887,1146,3577,49442,1310,74,1916,12,316,1885,1886,132,120405],"class_list":["post-1166737","post","type-post","status-publish","format-standard","has-post-thumbnail","category-russie","tag-actualites","tag-attaque","tag-conflit","tag-conflit-arme","tag-criminalite","tag-droit-et-justice","tag-drone","tag-europe","tag-federation-de-russie","tag-guerre","tag-guerre-et-paix","tag-guerre-hybride","tag-incendie","tag-monde","tag-moscou","tag-news","tag-politique","tag-russia","tag-russian-federation","tag-russie","tag-ulrike-franke"],"share_on_mastodon":{"url":"https:\/\/pubeurope.com\/@fr\/117212458964387888","error":""},"_links":{"self":[{"href":"https:\/\/www.europesays.com\/fr\/wp-json\/wp\/v2\/posts\/1166737","targetHints":{"allow":["GET"]}}],"collection":[{"href":"https:\/\/www.europesays.com\/fr\/wp-json\/wp\/v2\/posts"}],"about":[{"href":"https:\/\/www.europesays.com\/fr\/wp-json\/wp\/v2\/types\/post"}],"author":[{"embeddable":true,"href":"https:\/\/www.europesays.com\/fr\/wp-json\/wp\/v2\/users\/2"}],"replies":[{"embeddable":true,"href":"https:\/\/www.europesays.com\/fr\/wp-json\/wp\/v2\/comments?post=1166737"}],"version-history":[{"count":0,"href":"https:\/\/www.europesays.com\/fr\/wp-json\/wp\/v2\/posts\/1166737\/revisions"}],"wp:featuredmedia":[{"embeddable":true,"href":"https:\/\/www.europesays.com\/fr\/wp-json\/wp\/v2\/media\/1166738"}],"wp:attachment":[{"href":"https:\/\/www.europesays.com\/fr\/wp-json\/wp\/v2\/media?parent=1166737"}],"wp:term":[{"taxonomy":"category","embeddable":true,"href":"https:\/\/www.europesays.com\/fr\/wp-json\/wp\/v2\/categories?post=1166737"},{"taxonomy":"post_tag","embeddable":true,"href":"https:\/\/www.europesays.com\/fr\/wp-json\/wp\/v2\/tags?post=1166737"}],"curies":[{"name":"wp","href":"https:\/\/api.w.org\/{rel}","templated":true}]}}