{"id":1166742,"date":"2026-09-04T11:11:25","date_gmt":"2026-09-04T11:11:25","guid":{"rendered":"https:\/\/www.europesays.com\/fr\/1166742\/"},"modified":"2026-09-04T11:11:25","modified_gmt":"2026-09-04T11:11:25","slug":"lemissaire-commercial-de-trump-affirme-que-londres-choisit-bruxelles-plutot-que-lamerique","status":"publish","type":"post","link":"https:\/\/www.europesays.com\/fr\/1166742\/","title":{"rendered":"L&rsquo;\u00e9missaire commercial de Trump affirme que Londres choisit \u00ab\u00a0Bruxelles plut\u00f4t que l&rsquo;Am\u00e9rique\u00a0\u00bb"},"content":{"rendered":"\n<p class=\"text text-block paragraph text-left neo-font-paragraph-xl-reg  yf-18d6y07\" style=\"text-decoration: none; font-style: normal; text-transform: none; text-align: inherit; font-variant-numeric: normal;\">Le repr\u00e9sentant am\u00e9ricain au Commerce Jamieson Greer a d\u00e9clar\u00e9 que le respect par le gouvernement britannique des r\u00e8gles de l&rsquo;UE constituait \u00ab\u00a0un probl\u00e8me\u00a0\u00bb pour l&rsquo;objectif du pays d&rsquo;\u00e9largir l&rsquo;accord commercial conclu l&rsquo;an dernier avec l&rsquo;administration du pr\u00e9sident Donald Trump.  <\/p>\n<p class=\"text text-block paragraph text-left neo-font-paragraph-xl-reg  yf-18d6y07\" style=\"text-decoration: none; font-style: normal; text-transform: none; text-align: inherit; font-variant-numeric: normal;\">Ses d\u00e9clarations interviennent alors que le Premier ministre britannique Andy Burnham cherche \u00e0 prolonger les efforts de son pr\u00e9d\u00e9cesseur Keir Starmer pour nouer une coop\u00e9ration post-Brexit plus \u00e9troite avec l&rsquo;Union europ\u00e9enne.  <\/p>\n<p class=\"text text-block paragraph text-left neo-font-paragraph-xl-reg  yf-18d6y07\" style=\"text-decoration: none; font-style: normal; text-transform: none; text-align: inherit; font-variant-numeric: normal;\">Interrog\u00e9 pour savoir si le Royaume-Uni utilisait la \u00ab\u00a0libert\u00e9\u00a0\u00bb offerte par son d\u00e9part de l&rsquo;UE au d\u00e9but de la d\u00e9cennie, Greer a d\u00e9clar\u00e9 au Financial Times: \u00ab\u00a0Non, ce n&rsquo;est pas le cas.\u00a0\u00bb  <\/p>\n<p class=\"text text-block paragraph text-left neo-font-paragraph-xl-reg  yf-18d6y07\" style=\"text-decoration: none; font-style: normal; text-transform: none; text-align: inherit; font-variant-numeric: normal;\">\u00ab\u00a0En me fondant sur mes conversations avec le Royaume-Uni, au cours desquelles je dis: &lsquo;H\u00e9, vous \u00eates lib\u00e9r\u00e9s de l&rsquo;UE. Pourquoi ne pas lib\u00e9raliser un peu, accepter des biens fabriqu\u00e9s selon les normes am\u00e9ricaines, accepter des produits agricoles conformes aux normes am\u00e9ricaines ?'\u00a0\u00bb, a-t-il expliqu\u00e9.  <\/p>\n<p class=\"text text-block paragraph text-left neo-font-paragraph-xl-reg  yf-18d6y07\" style=\"text-decoration: none; font-style: normal; text-transform: none; text-align: inherit; font-variant-numeric: normal;\">\u00ab\u00a0Ils r\u00e9pondent: &lsquo;Eh bien, nous devons attendre de voir ce que l&rsquo;UE va en dire.&rsquo; Vous savez, pour nous, c&rsquo;est un probl\u00e8me, et c&rsquo;est compliqu\u00e9\u00a0\u00bb, a-t-il ajout\u00e9.  <\/p>\n<p class=\"text text-block paragraph text-left neo-font-paragraph-xl-reg  yf-18d6y07\" style=\"text-decoration: none; font-style: normal; text-transform: none; text-align: inherit; font-variant-numeric: normal;\">En visite \u00e0 Londres cette semaine, le pr\u00e9sident fran\u00e7ais Emmanuel Macron a d\u00e9clar\u00e9 que Paris et Londres \u00ab\u00a0restent ouverts \u00e0 discuter de tout, y compris \u00e0 faire avancer la relance des relations du Royaume-Uni avec l&rsquo;Union europ\u00e9enne\u00a0\u00bb.  <\/p>\n<p class=\"text text-block paragraph text-left neo-font-paragraph-xl-reg  yf-18d6y07\" style=\"text-decoration: none; font-style: normal; text-transform: none; text-align: inherit; font-variant-numeric: normal;\"><strong>Related<\/strong>  <\/p>\n<p class=\"text text-block paragraph text-left neo-font-paragraph-xl-reg  yf-18d6y07\" style=\"text-decoration: none; font-style: normal; text-transform: none; text-align: inherit; font-variant-numeric: normal;\">Un sommet crucial entre l&rsquo;UE et le Royaume-Uni est attendu d&rsquo;ici la fin de l&rsquo;ann\u00e9e.  <\/p>\n<p class=\"text text-block paragraph text-left neo-font-paragraph-xl-reg  yf-18d6y07\" style=\"text-decoration: none; font-style: normal; text-transform: none; text-align: inherit; font-variant-numeric: normal;\">Burnham a d\u00e9clar\u00e9 mercredi aux journalistes que depuis le Brexit, \u00ab\u00a0les gens ici en ont assez du [manque de] vision, les gens voient que nous devons travailler plus \u00e9troitement ensemble\u00a0\u00bb.  <\/p>\n<p class=\"text text-block paragraph text-left neo-font-paragraph-xl-reg  yf-18d6y07\" style=\"text-decoration: none; font-style: normal; text-transform: none; text-align: inherit; font-variant-numeric: normal;\">Burnham a \u00e9galement d\u00e9clar\u00e9 cette semaine devant le Parlement britannique, lors de son premier discours en tant que Premier ministre, que le Brexit avait contribu\u00e9 \u00e0 la faible croissance \u00e9conomique du Royaume-Uni.  <\/p>\n<p class=\"text text-block paragraph text-left neo-font-paragraph-xl-reg  yf-18d6y07\" style=\"text-decoration: none; font-style: normal; text-transform: none; text-align: inherit; font-variant-numeric: normal;\">Trump et Starmer ont annonc\u00e9 en mai 2025 un accord commercial en vertu duquel Washington a r\u00e9duit les droits de douane sur les voitures de luxe britanniques ainsi que sur l&rsquo;acier et l&rsquo;aluminium, apr\u00e8s que le pr\u00e9sident am\u00e9ricain a d\u00e9clench\u00e9 une salve de tarifs visant des pays du monde entier.  <\/p>\n<p class=\"text text-block paragraph text-left neo-font-paragraph-xl-reg  yf-18d6y07\" style=\"text-decoration: none; font-style: normal; text-transform: none; text-align: inherit; font-variant-numeric: normal;\">Le gouvernement britannique a insist\u00e9 sur le fait que l&rsquo;accord permettant l&rsquo;entr\u00e9e de davantage de produits agricoles am\u00e9ricains, notamment l&rsquo;\u00e9thanol et le boeuf am\u00e9ricain, ne diluerait pas les normes alimentaires britanniques, alors que des inqui\u00e9tudes subsistent concernant le poulet au chlore am\u00e9ricain et la pr\u00e9sence d&rsquo;hormones dans son boeuf.  <\/p>\n","protected":false},"excerpt":{"rendered":"Le repr\u00e9sentant am\u00e9ricain au Commerce Jamieson Greer a d\u00e9clar\u00e9 que le respect par le gouvernement britannique des r\u00e8gles&hellip;\n","protected":false},"author":2,"featured_media":1166743,"comment_status":"","ping_status":"","sticky":false,"template":"","format":"standard","meta":{"footnotes":"","_share_on_mastodon":"0"},"categories":[1588],"tags":[11015,11,1777,674,120406,120407,120408,12,473,1853,1851,1850,1852],"class_list":["post-1166742","post","type-post","status-publish","format-standard","has-post-thumbnail","category-royaume-uni","tag-c","tag-actualites","tag-eu","tag-europe","tag-greer","tag-jamieson-greer","tag-le-representant-americain-au-commerce","tag-news","tag-royaume-uni","tag-royaume-uni-de-grande-bretagne-et-dirlande-du-nord","tag-uk","tag-united-kingdom","tag-united-kingdom-of-great-britain-and-northern-ireland"],"share_on_mastodon":{"url":"https:\/\/pubeurope.com\/@fr\/117212472142996072","error":""},"_links":{"self":[{"href":"https:\/\/www.europesays.com\/fr\/wp-json\/wp\/v2\/posts\/1166742","targetHints":{"allow":["GET"]}}],"collection":[{"href":"https:\/\/www.europesays.com\/fr\/wp-json\/wp\/v2\/posts"}],"about":[{"href":"https:\/\/www.europesays.com\/fr\/wp-json\/wp\/v2\/types\/post"}],"author":[{"embeddable":true,"href":"https:\/\/www.europesays.com\/fr\/wp-json\/wp\/v2\/users\/2"}],"replies":[{"embeddable":true,"href":"https:\/\/www.europesays.com\/fr\/wp-json\/wp\/v2\/comments?post=1166742"}],"version-history":[{"count":0,"href":"https:\/\/www.europesays.com\/fr\/wp-json\/wp\/v2\/posts\/1166742\/revisions"}],"wp:featuredmedia":[{"embeddable":true,"href":"https:\/\/www.europesays.com\/fr\/wp-json\/wp\/v2\/media\/1166743"}],"wp:attachment":[{"href":"https:\/\/www.europesays.com\/fr\/wp-json\/wp\/v2\/media?parent=1166742"}],"wp:term":[{"taxonomy":"category","embeddable":true,"href":"https:\/\/www.europesays.com\/fr\/wp-json\/wp\/v2\/categories?post=1166742"},{"taxonomy":"post_tag","embeddable":true,"href":"https:\/\/www.europesays.com\/fr\/wp-json\/wp\/v2\/tags?post=1166742"}],"curies":[{"name":"wp","href":"https:\/\/api.w.org\/{rel}","templated":true}]}}