{"id":1166756,"date":"2026-09-04T11:20:22","date_gmt":"2026-09-04T11:20:22","guid":{"rendered":"https:\/\/www.europesays.com\/fr\/1166756\/"},"modified":"2026-09-04T11:20:22","modified_gmt":"2026-09-04T11:20:22","slug":"martin-couvra-mise-sur-la-fraicheur","status":"publish","type":"post","link":"https:\/\/www.europesays.com\/fr\/1166756\/","title":{"rendered":"Martin Couvra mise sur la fra\u00eecheur"},"content":{"rendered":"<p>\t\t\t\t\t\t<img width=\"770\" height=\"556\" src=\"https:\/\/www.europesays.com\/fr\/wp-content\/uploads\/2026\/09\/afp__20260821__2291420591__v1__highres__nexochampionship2026daytwo-770x556.jpg\" class=\"img-responsive wp-post-image\" alt=\"\" decoding=\"async\" fetchpriority=\"high\"  \/>\t\t\t\t\t<\/p>\n<p>\t\t\t\t\t\t Partager cet article <\/p>\n<p class=\"screen-reader-text juiz_sps_maybe_hidden_text\">Partager la publication \u00ab\u00a0Martin Couvra mise sur la fra\u00eecheur\u00a0\u00bb<\/p>\n<p><strong>Apr\u00e8s une pause estivale bien dig\u00e9r\u00e9e, Martin Couvra a choisi de m\u00e9nager ses forces avant le grand rush du DP World Tour. Dixi\u00e8me en \u00c9cosse, le Fran\u00e7ais aborde l\u2019Omega European Masters avec ambition, conscient de l\u2019importance des prochaines semaines.<\/strong><\/p>\n<p><strong>N.C., \u00e0 Crans-Montana<\/strong><\/p>\n<p>Apr\u00e8s un <strong>The Open<\/strong> manqu\u00e9 (132e), <strong>Martin Couvra<\/strong> a su bien profiter du break qu\u2019offrait le <strong>DP World Tour<\/strong>. On l\u2019a notamment vu en vacances sur la c\u00f4te basque o\u00f9 il a caddey\u00e9 son ami <strong>Paul Margolis<\/strong> lors de la <strong>Biarritz Cup<\/strong>. Sa reprise ne s\u2019est pas faite au <strong>Danish Golf Championship<\/strong> (13 au 16 ao\u00fbt), mais lors du tournoi suivant en \u00c9cosse, au <strong>Nexo Championship<\/strong>.<\/p>\n<blockquote data-service=\"instagram\" data-category=\"marketing\" data-placeholder-image=\"https:\/\/www.golfplanete.com\/wp-content\/plugins\/complianz-gdpr-premium\/assets\/images\/placeholders\/instagram-minimal.jpg\" class=\"cmplz-placeholder-element instagram-media\" style=\"background: #FFF; border: 0; border-radius: 3px; box-shadow: 0 0 1px 0 rgba(0,0,0,0.5),0 1px 10px 0 rgba(0,0,0,0.15); margin: 1px; max-width: 540px; min-width: 326px; padding: 0; width: calc(100% - 2px);\" data-instgrm-captioned=\"\" data-instgrm-permalink=\"https:\/\/www.instagram.com\/reel\/DbLn0VgMTCx\/?utm_source=ig_embed&amp;utm_campaign=loading\" data-instgrm-version=\"14\"><p>&#13;<br \/>\n&#13;\n<\/p><\/blockquote>\n<p>Bien lui en a pris, le jeune homme de 23 ans a sign\u00e9 une belle 10e place, son premier top 10 depuis l\u2019<strong>Estrella Damm Catalunya Championship<\/strong> d\u00e9but mai. \u00ab J\u2019ai fait une super semaine, on a fait un tr\u00e8s bon travail avec mon caddie Olivier Elissondo, raconte-t-il. C\u2019est toujours bien de revenir \u00e0 la comp\u00e9tition et de se sentir comp\u00e9titif et pr\u00eat \u00e0 bien jouer. \u00bb<\/p>\n<p>Une meilleure gestion de la fatigue<\/p>\n<p>Apr\u00e8s ce tournoi, le golfeur pass\u00e9 par le centre de performance de la <strong>FFGolf<\/strong> a fait le choix de ne pas se rendre au <strong>Belfry<\/strong> pour le <strong>British Masters<\/strong>. La raison est simple : les membres du DP World Tour vont encha\u00eener quatre grosses semaines avec l\u2019<strong>Omega European Masters<\/strong>, le lucratif <strong>Amgen Irish Open<\/strong>, et le <strong>BMW PGA Championship<\/strong>, estampill\u00e9 <strong>Rolex Series<\/strong>. S\u2019ensuivra l\u2019important <strong>FedEx Open de France<\/strong> (24 au 27 septembre) pour les Tricolores.<\/p>\n<p>L\u2019\u00e9l\u00e8ve de <strong>Mathieu Santerre<\/strong> avait justement p\u00e9ch\u00e9 l\u2019ann\u00e9e derni\u00e8re dans cette fin de saison lucrative en points. Neuvi\u00e8me au classement g\u00e9n\u00e9ral au terme de ce m\u00eame <strong>Omega European Masters<\/strong> en 2025, il avait finalement termin\u00e9 19e, laissant \u00e9chapper de peu sa place sur le <strong>PGA Tour<\/strong>. \u00ab La fin de saison est tr\u00e8s intense. J\u2019ai appris de l\u2019ann\u00e9e derni\u00e8re, j\u2019\u00e9tais fatigu\u00e9 \u00e0 la fin de saison. Il y a beaucoup de points \u00e0 prendre, donc j\u2019avais envie de me pr\u00e9parer au mieux justement pour cet encha\u00eenement qui arrive. Et puis j\u2019avais envie aussi d\u2019avoir l\u2019Open de France sur une quatri\u00e8me semaine cons\u00e9cutive, pour avoir du jus. L\u2019an dernier, c\u2019\u00e9tait sur une cinqui\u00e8me semaine, j\u2019\u00e9tais vraiment fatigu\u00e9. \u00bb<\/p>\n<blockquote><p>&#13;<br \/>\nJ\u2019ai h\u00e2te de d\u00e9marrer&#13;<\/p>\n<p>Martin Couvra<\/p>\n<p>&#13;<\/p>\n<p>\u00a0<\/p>\n<p>&#13;\n<\/p><\/blockquote>\n<p>&#13;<br \/>\nL\u2019Azur\u00e9en va donc poursuivre sa saison ce jeudi \u00e0 Crans-Montana. Celui qui a fait ses premi\u00e8res gammes \u00e0 l\u2019<strong>\u00c9cole de Golf de Fr\u00e9gate<\/strong> a besoin de points, il occupe provisoirement la 60e place de l\u2019ordre du m\u00e9rite, ce qui, pour le moment, ne lui permet pas de se qualifier pour la finale de la <strong>Race to Dubai<\/strong>.<\/p>\n<p>S\u2019il n\u2019avait pas r\u00e9ussi \u00e0 passer le cut l\u2019an dernier dans le Valais, le jeune Fran\u00e7ais aime tout de m\u00eame ce tournoi. \u00ab C\u2019est une semaine exceptionnelle, confirme le vainqueur du <strong>Turkish Airlines Open<\/strong>. Le cadre, l\u2019ambiance, le parcours\u2026 En plus, j\u2019ai ma famille qui va me rejoindre. Donc c\u2019est vraiment une semaine \u00e0 part. J\u2019ai h\u00e2te de d\u00e9marrer, d\u2019autant plus que le parcours est en parfaite condition et que la m\u00e9t\u00e9o s\u2019annonce exceptionnelle. \u00bb<\/p>\n<p>\u00a0<\/p>\n<p>\u00a0<\/p>\n<p>\u00a9ROSS PARKER \/ GETTY IMAGES EUROPE \/ GETTY IMAGES VIA AFP<\/p>\n<p>\t\t\t<script async src=\"\/\/www.instagram.com\/embed.js\"><\/script><\/p>\n","protected":false},"excerpt":{"rendered":"Partager cet article Partager la publication \u00ab\u00a0Martin Couvra mise sur la fra\u00eecheur\u00a0\u00bb Apr\u00e8s une pause estivale bien dig\u00e9r\u00e9e,&hellip;\n","protected":false},"author":2,"featured_media":1166757,"comment_status":"","ping_status":"","sticky":false,"template":"","format":"standard","meta":{"footnotes":"","_share_on_mastodon":"0"},"categories":[1418],"tags":[1011,27,1472,60],"class_list":["post-1166756","post","type-post","status-publish","format-standard","has-post-thumbnail","category-golf","tag-fr","tag-france","tag-golf","tag-sports"],"share_on_mastodon":{"url":"https:\/\/pubeurope.com\/@fr\/117212509060045324","error":""},"_links":{"self":[{"href":"https:\/\/www.europesays.com\/fr\/wp-json\/wp\/v2\/posts\/1166756","targetHints":{"allow":["GET"]}}],"collection":[{"href":"https:\/\/www.europesays.com\/fr\/wp-json\/wp\/v2\/posts"}],"about":[{"href":"https:\/\/www.europesays.com\/fr\/wp-json\/wp\/v2\/types\/post"}],"author":[{"embeddable":true,"href":"https:\/\/www.europesays.com\/fr\/wp-json\/wp\/v2\/users\/2"}],"replies":[{"embeddable":true,"href":"https:\/\/www.europesays.com\/fr\/wp-json\/wp\/v2\/comments?post=1166756"}],"version-history":[{"count":0,"href":"https:\/\/www.europesays.com\/fr\/wp-json\/wp\/v2\/posts\/1166756\/revisions"}],"wp:featuredmedia":[{"embeddable":true,"href":"https:\/\/www.europesays.com\/fr\/wp-json\/wp\/v2\/media\/1166757"}],"wp:attachment":[{"href":"https:\/\/www.europesays.com\/fr\/wp-json\/wp\/v2\/media?parent=1166756"}],"wp:term":[{"taxonomy":"category","embeddable":true,"href":"https:\/\/www.europesays.com\/fr\/wp-json\/wp\/v2\/categories?post=1166756"},{"taxonomy":"post_tag","embeddable":true,"href":"https:\/\/www.europesays.com\/fr\/wp-json\/wp\/v2\/tags?post=1166756"}],"curies":[{"name":"wp","href":"https:\/\/api.w.org\/{rel}","templated":true}]}}