{"id":116676,"date":"2025-05-21T10:55:08","date_gmt":"2025-05-21T10:55:08","guid":{"rendered":"https:\/\/www.europesays.com\/fr\/116676\/"},"modified":"2025-05-21T10:55:08","modified_gmt":"2025-05-21T10:55:08","slug":"ce-quil-revele-a-lyon","status":"publish","type":"post","link":"https:\/\/www.europesays.com\/fr\/116676\/","title":{"rendered":"ce qu&rsquo;il r\u00e9v\u00e8le \u00e0 Lyon"},"content":{"rendered":"<p>            Par<br \/>\n        <strong><br \/>\n            <a href=\"https:\/\/actu.fr\/auteur\/nicolas-zaugra\" title=\"Consulter tous les articles de Nicolas Zaugra\" rel=\"nofollow noopener\" target=\"_blank\">Nicolas Zaugra<\/a><br \/>\n        <\/strong><\/p>\n<p>        Publi\u00e9 le<\/p>\n<p>            21 mai 2025 \u00e0 12h34<br \/>\n        ; mis \u00e0 jour le 21 mai 2025 \u00e0 12h40    <\/p>\n<p>C\u2019est un rapport \u00ab\u00a0choc\u00a0\u00bb et inflammable sur l\u2019activit\u00e9 des <strong>Fr\u00e8res musulmans<\/strong> en France r\u00e9alis\u00e9 par les services de l\u2019\u00c9tat qui est examin\u00e9 ce mercredi 21 mai 2025 par <a href=\"https:\/\/actu.fr\/politique\/emmanuel-macron-sur-tf1-referendum-fin-de-vie-ukraine-suivez-en-direct-l-emission-avec-le-chef-de-l-etat_62629335.html\" rel=\"nofollow noopener\" target=\"_blank\">Emmanuel Macron<\/a> et plusieurs ministres en conseil de d\u00e9fense. Les principaux \u00e9l\u00e9ments d\u00e9voil\u00e9s mardi par <a href=\"https:\/\/www.lefigaro.fr\/actualite-france\/reseaux-tentaculaires-organisation-secrete-quartiers-islamises-le-rapport-choc-sur-les-freres-musulmans-qui-veulent-instaurer-la-charia-en-france-20250520\" rel=\"nofollow noopener\" target=\"_blank\">Le Figaro<\/a> pointent une \u00ab menace pour la coh\u00e9sion nationale \u00bb avec le d\u00e9veloppement d\u2019un islamisme \u00ab par le bas \u00bb.<br \/>Dans la m\u00e9tropole de <a href=\"https:\/\/actu.fr\/auvergne-rhone-alpes\/lyon_69123\" rel=\"nofollow noopener\" target=\"_blank\">Lyon<\/a>, ce rapport, qui va \u00eatre rendu public, pointe le r\u00f4le de <a href=\"https:\/\/actu.fr\/auvergne-rhone-alpes\/decines-charpieu_69275\/lyon-cette-ecole-musulmane-perd-son-contrat-avec-l-etat-elle-l-attaque-en-justice_62353172.html\" rel=\"nofollow noopener\" target=\"_blank\">l\u2019\u00e9cole musulmane Al Kindi<\/a>, install\u00e9e \u00e0 D\u00e9cines qui a fait l\u2019objet d\u2019une rupture de contrat avec l\u2019\u00c9tat mais aussi la mosqu\u00e9e de Villeurbanne. Des associations sont aussi surveill\u00e9es de pr\u00e8s. Ce que r\u00e9v\u00e8le ce rapport dont tout le monde parle.<\/p>\n<p>L\u2019\u00e9cole musulmane de D\u00e9cines et une mosqu\u00e9e point\u00e9es du doigt<\/p>\n<p class=\" wall-content\">Dans le rapport, l\u2019\u00c9tat pointe le <strong>r\u00f4le de l\u2019\u00e9cole Al Kindi de D\u00e9cines<\/strong> qui m\u00eale primaire, coll\u00e8ge et lyc\u00e9e.\u00a0<\/p>\n<p class=\" wall-content\">Les \u00e9l\u00e9ments recueillis sur le lyc\u00e9e Al Kindi, install\u00e9 \u00e0 D\u00e9cines pr\u00e8s de Lyon, pourraient conduire la pr\u00e9fecture \u00e0 engager des \u00ab proc\u00e9dures \u00e0 son encontre \u00bb, selon ce document, qui affirme que cet \u00e9tablissement \u00ab \u00e9litiste \u00bb, qui \u00ab scolarise 608 \u00e9l\u00e8ves \u00bb, \u00ab constitue avec la <strong>mosqu\u00e9e de Villeurbanne<\/strong> l\u2019une des fondations principales de la mouvance fr\u00e9riste du Rh\u00f4ne \u00bb.<\/p>\n<p class=\" wall-content\">Le document note que le mouvement effectue d\u2019importants investissements \u00ab\u00a0dans le secteur \u00e9ducatif (qui) se d\u00e9ploie dans un contexte d\u2019augmentation continue des atteintes \u00e0 la la\u00efcit\u00e9 recens\u00e9es en milieu scolaire, aliment\u00e9es par l\u2019activit\u00e9 des pr\u00e9dicateurs en ligne\u00a0\u00bb.<\/p>\n<p>\u00ab\u00a0Accusations diffamantes\u00a0\u00bb<\/p>\n<p class=\" wall-content\">L\u2019\u00e9cole de D\u00e9cines est engag\u00e9 dans un bras de fer juridique avec les services de la pr\u00e9fecture du Rh\u00f4ne qui a obtenu la <strong>r\u00e9siliation du contrat entre l\u2019\u00e9cole religieuse et l\u2019\u00c9tat<\/strong>.<\/p>\n<p class=\" wall-content\">Les juges ont confirm\u00e9 en mars les manquements reproch\u00e9s \u00e0 Al-Kindi, dont la non-conformit\u00e9 au programme et la pr\u00e9sence d\u2019ouvrages s\u00e9paratistes, justifiant ainsi la r\u00e9siliation du contrat. Des arguments <strong>rejet\u00e9s<\/strong> par la direction de l\u2019importante \u00e9cole musulmane.\u00a0<\/p>\n<p class=\" wall-content\">L\u2019avocat d\u2019Al-Kindi, Me Sefen Guez Guez, avait d\u00e9nonc\u00e9 au tribunal des \u00ab\u00a0accusations diffamantes\u00a0\u00bb et \u00ab\u00a0insupportables\u00a0\u00bb compte tenu des \u00ab\u00a0mesures correctrices\u00a0\u00bb prises par l\u2019\u00e9tablissement (retrait des livres probl\u00e9matiques, rupture du contrat de l\u2019enseignant contest\u00e9, modification du r\u00e8glement int\u00e9rieur, etc.).<\/p>\n<p class=\" wall-content\">La pr\u00e9fecture d\u00e9non\u00e7ait la pr\u00e9sence de sept ouvrages qualifi\u00e9s de \u00ab\u00a0s\u00e9paratistes\u00a0\u00bb au CDI, un <strong>r\u00e8glement int\u00e9rieur diff\u00e9rent pour les filles et les gar\u00e7ons<\/strong>, des propos probl\u00e9matiques tenus par un professeur sur sa cha\u00eene YouTube\u2026<\/p>\n<p class=\" wall-content\">Contact\u00e9e par actu Lyon ce mercredi \u00e0 propos de ce rapport, la direction de l\u2019\u00e9cole n\u2019est pas encore revenue vers nous pour s\u2019exprimer.<\/p>\n<p class=\" wall-content\">La mosqu\u00e9e de Villeurbanne \u00e9tait injoignable pour r\u00e9agir aux accusations.<\/p>\n<p>Une \u00e9cole \u00ab\u00a0noyaut\u00e9e par les Fr\u00e8res musulmans\u00a0\u00bb<\/p>\n<p class=\" wall-content\">Selon la directrice des libert\u00e9s publiques et des affaires juridiques du Rh\u00f4ne, Pascale L\u00e9glise, l\u2019\u00e9cole est \u00ab\u00a0noyaut\u00e9e par les Fr\u00e8res musulmans\u00a0\u00bb et inculque \u00e0 ses \u00e9l\u00e8ves <strong>\u00ab\u00a0une vision fondamentaliste et s\u00e9paratiste\u00a0\u00bb<\/strong> de la soci\u00e9t\u00e9.<\/p>\n<p class=\" wall-content\">Le groupe scolaire compte d\u2019ailleurs bien r\u00e9cup\u00e9rer son contrat avec l\u2019\u00c9tat et les subventions qui vont avec lors d\u2019une nouvelle audience judiciaire pr\u00e9vue dans les prochains mois.<\/p>\n<p class=\" wall-content\">En attendant, il continue de <strong>d\u00e9noncer un \u00ab\u00a0acharnement\u00a0\u00bb<\/strong>. La direction doit trouver 1,8 million d\u2019euros. Elle compte sur une hausse de 20% des frais de scolarit\u00e9 et une cagnotte qui a d\u00e9j\u00e0 rassembl\u00e9 400 000 euros.<\/p>\n<p>Une \u00ab\u00a0cinquantaine d\u2019associations musulmanes\u00a0\u00bb inqui\u00e8te<\/p>\n<p class=\" wall-content\">Selon l\u2019\u00c9tat, \u00ab\u00a0une cinquantaine d\u2019associations musulmanes (\u2026) affichant plus g\u00e9n\u00e9ralement une sensibilit\u00e9 fr\u00e9riste sont recens\u00e9es\u00a0\u00bb dans la r\u00e9gion lyonnaise.<\/p>\n<p class=\" wall-content\">Deux mosqu\u00e9es importantes, dont celle de Villeurbanne (le rapport ne cite pas l\u2019autre), inqui\u00e8tent aussi les autorit\u00e9s.\u00a0<\/p>\n<p class=\" wall-content\">Selon les \u00e9l\u00e9ments du Figaro, dans ces associations, les religieux sont influents dans de nombreux domaines \u00ab\u00a0du caritatif et de l\u2019humanitaire, la formation religieuse, la famille, le mariage, l\u2019insertion professionnelle, l\u2019entrepreneuriat musulman, la protection des consommateurs, le service \u00e0 la personne, la formation pour adultes\u00a0\u00bb mais aussi la \u00ab\u00a0lutte contre l\u2019islamophobie\u00a0\u00bb.<\/p>\n<p class=\" wall-content\">Le document s\u2019appuie sur la pr\u00e9sence dans le Rh\u00f4ne de l\u2019UJM (Union des Jeunes musulmans), du centre Tawhid, de la mosqu\u00e9e Othmane de Villeurbanne et du complexe socioculturel de D\u00e9cines.<\/p>\n<p class=\" wall-content\">Cette emprise totale se traduit par une \u00ab\u00a0rigorisation de la pratique religieuse avec un nombre tr\u00e8s \u00e9lev\u00e9 de jeunes filles portant l\u2019<a href=\"https:\/\/actu.fr\/auvergne-rhone-alpes\/lyon_69123\/rentree-a-lyon-les-eleves-en-abaya-ne-seront-pas-accueillis_60031112.html\" rel=\"nofollow noopener\" target=\"_blank\">abaya<\/a> et l\u2019augmentation massive et visible de petites filles portant le voile\u00a0\u00bb, s\u2019inqui\u00e8te le rapport.<\/p>\n<p>De nombreuses r\u00e9actions politiques<\/p>\n<p class=\" wall-content\">La publication \u00e0 venir de ce rapport provoque en tout cas des r\u00e9actions politiques en cascade, surtout \u00e0 droite, en France comme dans le Rh\u00f4ne.\u00a0<\/p>\n<p class=\" wall-content\">La d\u00e9put\u00e9e RN du Rh\u00f4ne <a href=\"https:\/\/actu.fr\/politique\/elections-legislatives\/legislatives-dans-le-rhone-tiffany-joncour-nouvelle-deputee-rn-de-la-13e-circonscription_61317259.html\" rel=\"nofollow noopener\" target=\"_blank\">Tiffany Joncour<\/a>, dont l\u2019\u00e9cole de D\u00e9cines se situe sur sa circonscription, d\u00e9nonce un rapport \u00ab\u00a0accablant\u00a0\u00bb. Elle appelle \u00ab\u00a0les services de l\u2019\u00c9tat, en particulier la pr\u00e9fecture du Rh\u00f4ne, \u00e0 engager imm\u00e9diatement toutes les d\u00e9marches n\u00e9cessaires \u00e0 la fermeture de l\u2019\u00e9tablissement\u00a0\u00bb et exige \u00ab\u00a0une enqu\u00eate compl\u00e8te sur l\u2019origine de ses financements\u00a0\u00bb.<\/p>\n<p class=\" wall-content\">Le ministre de l\u2019Int\u00e9rieur quant \u00e0 lui pointe \u00ab\u00a0un islamisme \u00e0 bas bruit qui se r\u00e9pand notamment en tentant d\u2019entrer et d\u2019infiltrer les associations sportives, culturelles, sociales ou autres\u00a0\u00bb.<\/p>\n<p class=\" wall-content\">Gabriel Attal, en r\u00e9ponse au rapport, veut interdire le voile islamique pour les moins de 15 ans tandis que Fran\u00e7ois Ruffin prend le contre-pied en affirmant que \u00ab\u00a0le rapport dit qu\u2019il y a un sentiment d\u2019islamophobie et m\u00eame d\u2019une <strong>islamophobie d\u2019\u00c9tat<\/strong> et que les croyants, les pratiquants, ne sont pas trait\u00e9s \u00e0 \u00e9galit\u00e9, mais sont trait\u00e9s \u00e0 part avec des lois \u00e0 part. Et l\u00e0, ce que fait pr\u00e9cis\u00e9ment Gabriel Attal, c\u2019est \u00e7a\u00a0\u00bb.<\/p>\n<p class=\" wall-content\">Les d\u00e9put\u00e9s LFI et \u00e9cologistes du Rh\u00f4ne quant \u00e0 eux n\u2019ont pas encore publiquement pris la parole.<\/p>\n<p class=\" wall-content\">Le gouvernement devrait annoncer des mesures apr\u00e8s le conseil de d\u00e9fense de ce mercredi matin, certaines rendues publiques, d\u2019autres classifi\u00e9es. Dans le Rh\u00f4ne, la pr\u00e9f\u00e8te va-t-elle aller jusqu\u2019\u00e0 une fermeture de l\u2019\u00e9cole de D\u00e9cines ? L\u2019\u00c9tat n\u2019a pas encore communiqu\u00e9.<\/p>\n<p class=\" wall-content\">Suivez toute l\u2019actualit\u00e9 de vos villes et m\u00e9dias favoris en vous inscrivant \u00e0 <a href=\"https:\/\/moncompte.actu.fr\" title=\"D\u00e9couvez Mon Actu\" rel=\"nofollow noopener\" data-trk=\"{&quot;cta&quot;:{&quot;action&quot;:&quot;https:\\\/\\\/moncompte.actu.fr&quot;,&quot;category&quot;:&quot;mon compte&quot;,&quot;from&quot;:&quot;article footer&quot;,&quot;name&quot;:&quot;Mon actu&quot;,&quot;type&quot;:&quot;cta&quot;}}\" target=\"_blank\">Mon Actu<\/a>.<\/p>\n","protected":false},"excerpt":{"rendered":"Par Nicolas Zaugra Publi\u00e9 le 21 mai 2025 \u00e0 12h34 ; mis \u00e0 jour le 21 mai 2025&hellip;\n","protected":false},"author":2,"featured_media":116677,"comment_status":"","ping_status":"","sticky":false,"template":"","format":"standard","meta":{"footnotes":""},"categories":[1889],"tags":[1111,11,2430,1013,1777,674,1011,27,5318,1253,2428,12,25,104],"class_list":{"0":"post-116676","1":"post","2":"type-post","3":"status-publish","4":"format-standard","5":"has-post-thumbnail","7":"category-lyon","8":"tag-actu","9":"tag-actualites","10":"tag-auvergne-rhone-alpes","11":"tag-bruno-retailleau","12":"tag-eu","13":"tag-europe","14":"tag-fr","15":"tag-france","16":"tag-islam","17":"tag-islamisme","18":"tag-lyon","19":"tag-news","20":"tag-republique-francaise","21":"tag-societe"},"share_on_mastodon":{"url":"https:\/\/pubeurope.com\/@fr\/114545460628929551","error":""},"_links":{"self":[{"href":"https:\/\/www.europesays.com\/fr\/wp-json\/wp\/v2\/posts\/116676","targetHints":{"allow":["GET"]}}],"collection":[{"href":"https:\/\/www.europesays.com\/fr\/wp-json\/wp\/v2\/posts"}],"about":[{"href":"https:\/\/www.europesays.com\/fr\/wp-json\/wp\/v2\/types\/post"}],"author":[{"embeddable":true,"href":"https:\/\/www.europesays.com\/fr\/wp-json\/wp\/v2\/users\/2"}],"replies":[{"embeddable":true,"href":"https:\/\/www.europesays.com\/fr\/wp-json\/wp\/v2\/comments?post=116676"}],"version-history":[{"count":0,"href":"https:\/\/www.europesays.com\/fr\/wp-json\/wp\/v2\/posts\/116676\/revisions"}],"wp:featuredmedia":[{"embeddable":true,"href":"https:\/\/www.europesays.com\/fr\/wp-json\/wp\/v2\/media\/116677"}],"wp:attachment":[{"href":"https:\/\/www.europesays.com\/fr\/wp-json\/wp\/v2\/media?parent=116676"}],"wp:term":[{"taxonomy":"category","embeddable":true,"href":"https:\/\/www.europesays.com\/fr\/wp-json\/wp\/v2\/categories?post=116676"},{"taxonomy":"post_tag","embeddable":true,"href":"https:\/\/www.europesays.com\/fr\/wp-json\/wp\/v2\/tags?post=116676"}],"curies":[{"name":"wp","href":"https:\/\/api.w.org\/{rel}","templated":true}]}}