{"id":116678,"date":"2025-05-21T10:57:07","date_gmt":"2025-05-21T10:57:07","guid":{"rendered":"https:\/\/www.europesays.com\/fr\/116678\/"},"modified":"2025-05-21T10:57:07","modified_gmt":"2025-05-21T10:57:07","slug":"un-policier-coupable-de-violence-risque-de-fermetures-de-creches-linfo-a-midi-en-ile-de-france","status":"publish","type":"post","link":"https:\/\/www.europesays.com\/fr\/116678\/","title":{"rendered":"Un policier coupable de violence, risque de fermetures de cr\u00e8ches&#8230; L&rsquo;info \u00e0 midi en \u00cele-de-France"},"content":{"rendered":"<p>            Par<br \/>\n        <strong><br \/>\n            <a href=\"https:\/\/actu.fr\/auteur\/glenn-gillet\" title=\"Consulter tous les articles de Glenn Gillet\" rel=\"nofollow noopener\" target=\"_blank\">Glenn Gillet<\/a><br \/>\n        <\/strong><\/p>\n<p>        Publi\u00e9 le<\/p>\n<p>            21 mai 2025 \u00e0 12h05        <\/p>\n<p>Quelles sont les informations \u00e0 ne pas manquer en \u00cele-de-France, \u00e0 midi ce mercredi 21\u00a0mai 2025\u2009? La police nationale de Seine-et-Marne a lanc\u00e9 un appel \u00e0 t\u00e9moins apr\u00e8s un accident mortel, un policier de la Brav-M a \u00e9t\u00e9 d\u00e9clar\u00e9 coupable de violences lors de la manifestation du 1er-Mai en 2021 \u00e0 Paris, des cr\u00e8ches sont menac\u00e9es de fermeture dans le Val-de-Marne.<\/p>\n<p>Les informations \u00e0 retenir ce mardi 20\u00a0mai 2025, \u00e0 midi, en \u00cele-de-France<\/p>\n<p class=\" wall-content\"><strong>Paris.<\/strong> <a href=\"https:\/\/actu.fr\/ile-de-france\/paris_75056\/un-policier-de-la-brav-m-juge-coupable-de-violence-lors-d-une-manifestation-du-1er-mai-a-paris_62665553.html\" rel=\"nofollow noopener\" target=\"_blank\">Un policier de la Brav-M jug\u00e9 coupable de violence lors d\u2019une manifestation du 1er-Mai<\/a><br \/>Le tribunal correctionnel de Paris a reconnu coupable de violence un policier de la Brav-M, mardi 20\u00a0mai 2025. Lors d\u2019une manifestation le 1er\u00a0mai 2021, il a violemment pouss\u00e9 au sol Daniel. B, journaliste retrait\u00e9, pr\u00e9sent sur place avec sa cam\u00e9ra en tant qu\u2019observateur de la Ligue des droits de l\u2019homme.<\/p>\n<p class=\" wall-content\"><strong>Val-de-Marne.<\/strong> <a href=\"https:\/\/actu.fr\/ile-de-france\/cachan_94016\/une-decision-inacceptable-dans-le-val-de-marne-la-gauche-se-mobilise-face-aux-fermetures-de-creches_62660288.html\" rel=\"nofollow noopener\" target=\"_blank\">La gauche se mobilise face \u00e0 des fermetures de cr\u00e8ches<\/a><br \/>Dans le d\u00e9partement, plusieurs cr\u00e8ches d\u00e9partementales pourraient bient\u00f4t fermer leurs portes, dans le cadre d\u2019un projet de \u00ab\u2009fusion\u2009\u00bb dans un contexte d\u2019aust\u00e9rit\u00e9 budg\u00e9taire. Une situation qui suscite le courroux de l\u2019opposition de gauche au conseil d\u00e9partemental.<\/p>\n<p class=\" wall-content\"><strong>Seine-et-Marne.<\/strong> <a href=\"https:\/\/actu.fr\/ile-de-france\/montereau-fault-yonne_77305\/accident-mortel-montereau-fault-yonne-un-appel-a-temoins-lance-par-la-police-nationale_62666052.html\" rel=\"nofollow noopener\" target=\"_blank\">Un appel \u00e0 t\u00e9moins lanc\u00e9 par la police nationale apr\u00e8s un accident mortel<\/a><br \/>Le commissariat de Montereau-Fault-Yonne cherche des t\u00e9moins de l\u2019accident de la route qui a co\u00fbt\u00e9 la vie \u00e0 trois jeunes et fait plusieurs bless\u00e9s dimanche 18\u00a0mai 2025, entre minuit et 0\u2009h\u200940. Une enqu\u00eate de police a \u00e9t\u00e9 ouverte.<\/p>\n<p class=\" wall-content\"><strong>Yvelines.<\/strong> <a href=\"https:\/\/actu.fr\/loisirs-culture\/qui-sera-la-nouvelle-miss-yvelines-decouvrez-les-12-candidates_62617771.html\" rel=\"nofollow noopener\" target=\"_blank\">Le vote du public est ouvert pour quatre jours pour le concours de Miss Yvelines<\/a><br \/>L\u2019\u00e9lection de Miss Yvelines aura lieu ce samedi 24\u00a0mai 2025 \u00e0 Poissy. 12 pr\u00e9tendantes sont en lice et le public peut voter par SMS pour la candidate de son choix depuis ce mardi. Un vote populaire qui p\u00e8sera lourd au moment de d\u00e9signer celle qui portera la couronne pendant un an.<\/p>\n<p class=\" wall-content\"><strong>Essonne.<\/strong> <a href=\"https:\/\/actu.fr\/societe\/plateau-de-saclay-la-premiere-ligne-fixe-de-covoiturage-ouvre-enfin-voici-comment-l-utiliser_62665784.html\" rel=\"nofollow noopener\" target=\"_blank\">La premi\u00e8re \u00ab\u2009ligne fixe\u2009\u00bb de covoiturage ouvre enfin sur le plateau de Saclay, voici comment l\u2019utiliser<\/a><br \/>Les premiers trajets sur cette ligne baptis\u00e9e \u00ab\u2009L1\u2009\u00bb pourront \u00eatre effectu\u00e9s \u00e0 partir du 26\u00a0mai entre l\u2019Essonne et les Yvelines, via sept arr\u00eats fixes. Les conducteurs ou passagers potentiels peuvent s\u2019inscrire sur une application.<\/p>\n<p>Vid\u00e9os : en ce moment sur Actu<\/p>\n<p class=\" wall-content\">Suivez-nous pour en savoir plus\u2009!<br \/>Vous voulez plus d\u2019infos sur l\u2019\u00cele-de-France\u2009? Vous pouvez nous retrouver sur Actu \u00cele-de-France. Pour nous suivre sur les r\u00e9seaux sociaux, dans vos d\u00e9partements\u2009:<\/p>\n<p class=\" wall-content\"><strong>Paris, Hauts-de-Seine, Val-de-Marne et Seine-Saint-Denis\u2009:<\/strong> retrouvez\u00a0actu\u00a0Paris\u00a0sur\u00a0<a href=\"https:\/\/www.facebook.com\/actufr.paris\/\" rel=\"nofollow noopener\" target=\"_blank\">Facebook<\/a>\u00a0et\u00a0<a href=\"https:\/\/x.com\/actufrparis\" rel=\"nofollow\">Twitter\u2009<\/a>;<br \/><strong>Seine-et-Marne\u2009:<\/strong> retrouvez\u00a0La R\u00e9publique de Seine-et-Marne (sud) sur\u00a0<a href=\"https:\/\/www.facebook.com\/RepubliqueSeineMarne\/\" rel=\"nofollow noopener\" target=\"_blank\">Facebook<\/a>\u00a0et\u00a0<a href=\"https:\/\/x.com\/LaRep77\" rel=\"nofollow\">Twitter\u2009<\/a>; La Marne (nord) sur\u00a0<a href=\"https:\/\/www.facebook.com\/journallarmarne\/?eid=ARDLZc91LaHbXzDwChLLLQJVMBLx_ABJremTC2-RG0CYvg0f4f8CLvbV5G1Lli4g_6QoXDcKkU1_LX1W\" rel=\"nofollow noopener\" target=\"_blank\">Facebook<\/a>\u00a0et\u00a0<a href=\"https:\/\/x.com\/JournalLaMarne\" rel=\"nofollow\">Twitter\u2009<\/a>; et\u00a0Le Pays Briard\u00a0sur\u00a0<a href=\"https:\/\/www.facebook.com\/LePaysBriard\/?ref=bookmarks\" rel=\"nofollow noopener\" target=\"_blank\">Facebook<\/a>\u00a0et\u00a0<a href=\"https:\/\/x.com\/LePaysBriard\" rel=\"nofollow\">Twitter\u2009<\/a>;<br \/><strong>Yvelines\u2009:<\/strong> retrouvez\u00a078actu\u00a0sur\u00a0<a href=\"https:\/\/www.facebook.com\/78actu\/\" rel=\"nofollow noopener\" target=\"_blank\">Facebook<\/a>\u00a0et\u00a0<a href=\"https:\/\/x.com\/78actu\" rel=\"nofollow\">Twitter<\/a>\u2009;<br \/><strong>Essonne\u2009<\/strong>: retrouvez\u00a0actu Essonne\u00a0sur\u00a0<a href=\"https:\/\/www.facebook.com\/actuessonne\/?ref=br_rs\" rel=\"nofollow noopener\" target=\"_blank\">Facebook<\/a>\u00a0et\u00a0<a href=\"https:\/\/x.com\/ActuEssonne\" rel=\"nofollow\">Twitter\u2009<\/a>;<br \/><strong>Val-d\u2019Oise\u2009:<\/strong> retrouvez La Gazette du Val-d\u2019Oise sur\u00a0<a href=\"https:\/\/x.com\/lagazette95\" rel=\"nofollow\">Twitter<\/a><\/p>\n<p class=\" wall-content\">Suivez toute l\u2019actualit\u00e9 de vos villes et m\u00e9dias favoris en vous inscrivant \u00e0 <a href=\"https:\/\/moncompte.actu.fr\" title=\"D\u00e9couvez Mon Actu\" rel=\"nofollow noopener\" data-trk=\"{&quot;cta&quot;:{&quot;action&quot;:&quot;https:\\\/\\\/moncompte.actu.fr&quot;,&quot;category&quot;:&quot;mon compte&quot;,&quot;from&quot;:&quot;article footer&quot;,&quot;name&quot;:&quot;Mon actu&quot;,&quot;type&quot;:&quot;cta&quot;}}\" target=\"_blank\">Mon Actu<\/a>.<\/p>\n","protected":false},"excerpt":{"rendered":"Par Glenn Gillet Publi\u00e9 le 21 mai 2025 \u00e0 12h05 Quelles sont les informations \u00e0 ne pas manquer&hellip;\n","protected":false},"author":2,"featured_media":116679,"comment_status":"","ping_status":"","sticky":false,"template":"","format":"standard","meta":{"footnotes":""},"categories":[1592],"tags":[119,1111,11,1719,1777,674,1011,27,662,12,626,1072,25,104],"class_list":{"0":"post-116678","1":"post","2":"type-post","3":"status-publish","4":"format-standard","5":"has-post-thumbnail","7":"category-ile-de-france","8":"tag-accident","9":"tag-actu","10":"tag-actualites","11":"tag-enfants","12":"tag-eu","13":"tag-europe","14":"tag-fr","15":"tag-france","16":"tag-ile-de-france","17":"tag-news","18":"tag-paris","19":"tag-police","20":"tag-republique-francaise","21":"tag-societe"},"share_on_mastodon":{"url":"https:\/\/pubeurope.com\/@fr\/114545468557704398","error":""},"_links":{"self":[{"href":"https:\/\/www.europesays.com\/fr\/wp-json\/wp\/v2\/posts\/116678","targetHints":{"allow":["GET"]}}],"collection":[{"href":"https:\/\/www.europesays.com\/fr\/wp-json\/wp\/v2\/posts"}],"about":[{"href":"https:\/\/www.europesays.com\/fr\/wp-json\/wp\/v2\/types\/post"}],"author":[{"embeddable":true,"href":"https:\/\/www.europesays.com\/fr\/wp-json\/wp\/v2\/users\/2"}],"replies":[{"embeddable":true,"href":"https:\/\/www.europesays.com\/fr\/wp-json\/wp\/v2\/comments?post=116678"}],"version-history":[{"count":0,"href":"https:\/\/www.europesays.com\/fr\/wp-json\/wp\/v2\/posts\/116678\/revisions"}],"wp:featuredmedia":[{"embeddable":true,"href":"https:\/\/www.europesays.com\/fr\/wp-json\/wp\/v2\/media\/116679"}],"wp:attachment":[{"href":"https:\/\/www.europesays.com\/fr\/wp-json\/wp\/v2\/media?parent=116678"}],"wp:term":[{"taxonomy":"category","embeddable":true,"href":"https:\/\/www.europesays.com\/fr\/wp-json\/wp\/v2\/categories?post=116678"},{"taxonomy":"post_tag","embeddable":true,"href":"https:\/\/www.europesays.com\/fr\/wp-json\/wp\/v2\/tags?post=116678"}],"curies":[{"name":"wp","href":"https:\/\/api.w.org\/{rel}","templated":true}]}}