{"id":1166781,"date":"2026-09-04T11:37:13","date_gmt":"2026-09-04T11:37:13","guid":{"rendered":"https:\/\/www.europesays.com\/fr\/1166781\/"},"modified":"2026-09-04T11:37:13","modified_gmt":"2026-09-04T11:37:13","slug":"stephane-plaza-souhaite-bonne-chance-a-recherche-appartement-ou-maison-qui-revient-sans-lui","status":"publish","type":"post","link":"https:\/\/www.europesays.com\/fr\/1166781\/","title":{"rendered":"St\u00e9phane Plaza souhaite \u00ab\u00a0bonne chance\u00a0\u00bb \u00e0 \u00ab\u00a0Recherche appartement ou maison\u00a0\u00bb, qui revient sans lui"},"content":{"rendered":"<p>Recherche appartement ou maison a fait son grand retour sur M6 le 3\u00a0septembre. Mais <a href=\"https:\/\/www.20minutes.fr\/arts-stars\/television\/4198927-20260130-m6-recherche-appartement-maison-vendre-retour-stephane-plaza\" rel=\"nofollow noopener\" target=\"_blank\" class=\"c-link c-link--is-underlined\">St\u00e9phane Plaza<\/a> ne fait plus partie de l\u2019aventure. Dans un message poignant publi\u00e9 sur son compte Instagram, l\u2019animateur historique de l\u2019\u00e9mission a marqu\u00e9 la fin de son parcours \u00e0 la t\u00eate du programme phare de la cha\u00eene. Une passation pas \u00e9vidente pour celui qui a d\u00e9nich\u00e9 des perles rares \u00e0 de futurs propri\u00e9taires depuis\u00a02006.<\/p>\n<p>L\u2019animateur de 56 ans, <a href=\"https:\/\/www.20minutes.fr\/justice\/4231403-20260626-stephane-plaza-agent-immobilier-juge-appel-violences-conjugales\" rel=\"nofollow noopener\" target=\"_blank\" class=\"c-link c-link--is-underlined\">condamn\u00e9<\/a> en\u00a02025 \u00e0 12 mois de prison avec sursis pour violences habituelles par concubin, jugement dont il a fait appel, a partag\u00e9 avec \u00e9motion sur Instagram quelques <a href=\"https:\/\/www.instagram.com\/p\/Dc0UYVIijhA\/?img_index=1\" rel=\"nofollow noopener\" target=\"_blank\" class=\"c-link c-link--is-underlined\">images<\/a> de son exp\u00e9rience dans l\u2019immobilier t\u00e9l\u00e9vis\u00e9.<\/p>\n<p>\u00ab\u00a0Quinze ann\u00e9es extraordinaires\u00a0\u00bb<\/p>\n<p>\u00ab\u00a0Ce soir, Recherche appartement ou maison continue son chemin sans moi. 15 ann\u00e9es extraordinaires \u00e0 aimer cette \u00e9mission, \u00e0 la pr\u00e9senter, \u00e0 faire ces recherches, \u00e0 rencontrer tant de belles personnes\u2026 et \u00e0 partager tout cela avec vous, t\u00e9l\u00e9spectateurs\u00a0\u00bb, a-t-il commenc\u00e9 au c\u00f4t\u00e9 de photos qui t\u00e9moignent des coulisses de <a href=\"https:\/\/www.20minutes.fr\/arts-stars\/television\/4232371-20260702-stephane-plaza-groupe-m6-desengage-reseau-agences-agent-immobilier-accuse-violences-conjugales\" rel=\"nofollow noopener\" target=\"_blank\" class=\"c-link c-link--is-underlined\">l\u2019\u00e9mission<\/a>, \u00e0 laquelle il souhaite de continuer longtemps son chemin. Souhaitant \u00ab\u00a0bonne chance\u00a0\u00bb \u00e0 ses anciens coll\u00e8gues, \u00ab\u00a0Sandra, Thibaut et les nouveaux\u00a0\u00bb, dont Thibault Chanel, figure connue du programme, qui en reprend les r\u00eanes. Fair play, il se fend m\u00eame d\u2019un conseil\u00a0: \u00ab\u00a0Choisissez bien les cl\u00e9s\u00a0\u00bb.<\/p>\n<p>Apr\u00e8s des mois de turbulences judiciaires et m\u00e9diatiques, l\u2019animateur va se concentrer sur son r\u00e9seau d\u2019agences immobili\u00e8res, comme le prouve l\u2019un de ses derniers <a href=\"https:\/\/www.instagram.com\/p\/DcQIc7nqOgd\/\" rel=\"nofollow noopener\" target=\"_blank\" class=\"c-link c-link--is-underlined\">posts<\/a> o\u00f9 il invite les Parisiens \u00e0 \u00ab\u00a0franchir la porte\u00a0\u00bb de son agence pour \u00ab\u00a0un champ des possibles qui s\u2019\u00e9largit\u00a0\u00bb.<\/p>\n<p><script async src=\"\/\/www.instagram.com\/embed.js\"><\/script><\/p>\n","protected":false},"excerpt":{"rendered":"Recherche appartement ou maison a fait son grand retour sur M6 le 3\u00a0septembre. Mais St\u00e9phane Plaza ne fait&hellip;\n","protected":false},"author":2,"featured_media":1166782,"comment_status":"","ping_status":"","sticky":false,"template":"","format":"standard","meta":{"footnotes":"","_share_on_mastodon":"0"},"categories":[8],"tags":[58,4739,59,1011,27,2440,303,494,973,7221,252,133],"class_list":["post-1166781","post","type-post","status-publish","format-standard","has-post-thumbnail","category-divertissement","tag-divertissement","tag-emission-de-television","tag-entertainment","tag-fr","tag-france","tag-instagram","tag-justice","tag-m6","tag-people","tag-stephane-plaza","tag-television","tag-video"],"share_on_mastodon":{"url":"https:\/\/pubeurope.com\/@fr\/117212574217069597","error":""},"_links":{"self":[{"href":"https:\/\/www.europesays.com\/fr\/wp-json\/wp\/v2\/posts\/1166781","targetHints":{"allow":["GET"]}}],"collection":[{"href":"https:\/\/www.europesays.com\/fr\/wp-json\/wp\/v2\/posts"}],"about":[{"href":"https:\/\/www.europesays.com\/fr\/wp-json\/wp\/v2\/types\/post"}],"author":[{"embeddable":true,"href":"https:\/\/www.europesays.com\/fr\/wp-json\/wp\/v2\/users\/2"}],"replies":[{"embeddable":true,"href":"https:\/\/www.europesays.com\/fr\/wp-json\/wp\/v2\/comments?post=1166781"}],"version-history":[{"count":0,"href":"https:\/\/www.europesays.com\/fr\/wp-json\/wp\/v2\/posts\/1166781\/revisions"}],"wp:featuredmedia":[{"embeddable":true,"href":"https:\/\/www.europesays.com\/fr\/wp-json\/wp\/v2\/media\/1166782"}],"wp:attachment":[{"href":"https:\/\/www.europesays.com\/fr\/wp-json\/wp\/v2\/media?parent=1166781"}],"wp:term":[{"taxonomy":"category","embeddable":true,"href":"https:\/\/www.europesays.com\/fr\/wp-json\/wp\/v2\/categories?post=1166781"},{"taxonomy":"post_tag","embeddable":true,"href":"https:\/\/www.europesays.com\/fr\/wp-json\/wp\/v2\/tags?post=1166781"}],"curies":[{"name":"wp","href":"https:\/\/api.w.org\/{rel}","templated":true}]}}