{"id":1166783,"date":"2026-09-04T11:38:42","date_gmt":"2026-09-04T11:38:42","guid":{"rendered":"https:\/\/www.europesays.com\/fr\/1166783\/"},"modified":"2026-09-04T11:38:42","modified_gmt":"2026-09-04T11:38:42","slug":"anker-eufy-soundcore-pourquoi-tout-sappelle-anker-a-partir-daujourdhui-frandroid","status":"publish","type":"post","link":"https:\/\/www.europesays.com\/fr\/1166783\/","title":{"rendered":"Anker, eufy, soundcore : pourquoi tout s&rsquo;appelle Anker \u00e0 partir d&rsquo;aujourd&rsquo;hui \u2014 Frandroid"},"content":{"rendered":"<p>\u00c0 partir de ce 3 septembre, les \u00e9couteurs soundcore et les robots eufy s\u2019appellent \u00ab\u00a0Anker soundcore\u00a0\u00bb et \u00ab\u00a0Anker eufy\u00a0\u00bb. Derri\u00e8re ce changement d\u2019\u00e9tiquette, un groupe de 3,7 milliards d\u2019euros qui veut exister ailleurs que dans un panier Amazon, et neuf nouveaut\u00e9s pour le prouver.<\/p>\n<p><a rel=\"noopener nofollow\" target=\"_blank\" href=\"https:\/\/images.frandroid.com\/wp-content\/uploads\/2026\/09\/image-46.png\" class=\"article-content__figure\"><img fetchpriority=\"high\" decoding=\"async\" loading=\"eager\" width=\"1200\" height=\"769\" src=\"https:\/\/www.europesays.com\/fr\/wp-content\/uploads\/2026\/09\/image-46.png\" alt=\"\" class=\"wp-image-3231365 wp-image wp-image\"  \/><\/a><\/p>\n<p>Faites le test chez vous. Le chargeur GaN dans le tiroir, l\u2019<a href=\"https:\/\/www.frandroid.com\/guide-dachat\/guide-audio\/722626_guide-meilleures-enceintes-portables\" rel=\"nofollow noopener\" target=\"_blank\">enceinte Bluetooth<\/a> de la salle de bains, l\u2019aspirateur robot qui se coince sous le canap\u00e9, la <a href=\"https:\/\/www.frandroid.com\/produits-android\/maison-connectee\/securite-connectee\/camera-connectee\/3222035_test-anker-eufycam-s4-homebase-s380\" rel=\"nofollow noopener\" target=\"_blank\">cam\u00e9ra du portail<\/a>. Il y a de bonnes chances qu\u2019au moins deux de ces objets sortent de la m\u00eame entreprise de Changsha, et que vous ne l\u2019ayez jamais su. C\u2019\u00e9tait voulu. Pendant dix ans, Anker a soigneusement cach\u00e9 son nom derri\u00e8re ses marques filles. Il vient de d\u00e9cider que c\u2019\u00e9tait une erreur.<\/p>\n<p>Le communiqu\u00e9 de l\u2019IFA le formule d\u2019une phrase\u00a0: \u00ab\u00a0D\u2019Anker, soundcore et eufy na\u00eet Anker\u00a0\u00bb. Concr\u00e8tement, les trois marques survivent comme gammes, mais chaque produit porte d\u00e9sormais le nom du groupe en premier. La batterie MagGo reste une Anker, les \u00e9couteurs AeroClip 2 deviennent des \u00ab\u00a0Anker soundcore\u00a0\u00bb, le robot Omni E35 un \u00ab\u00a0Anker eufy\u00a0\u00bb. La puce IA maison, <a href=\"https:\/\/www.frandroid.com\/marques\/3074871_pourquoi-anker-se-lance-dans-les-semi-conducteurs-avec-sa-puce-thus\" rel=\"nofollow noopener\" target=\"_blank\">baptis\u00e9e Thus<\/a>, est commune aux trois. Anker Innovations, fond\u00e9 en 2011 par Steven Yang, un ancien ing\u00e9nieur de Google, a r\u00e9alis\u00e9 30,5 milliards de yuans de chiffre d\u2019affaires en 2025, environ 3,7 milliards d\u2019euros, en hausse de 23,5\u00a0%. C\u2019est du m\u00eame ordre que Logitech. Personne, hors des lecteurs de fiches Amazon, ne sait vraiment ce qu\u2019est Anker.<\/p>\n<p class=\"shortcode-container see-more\">\n    Pour aller plus loin<br \/><a href=\"https:\/\/www.frandroid.com\/marques\/3074871_pourquoi-anker-se-lance-dans-les-semi-conducteurs-avec-sa-puce-thus\" rel=\"nofollow noopener\" target=\"_blank\">Pourquoi Anker se lance dans les semi-conducteurs avec sa puce Thus<\/a>\n            <\/p>\n<p>Dix ans \u00e0 s\u00e9parer, un jour pour r\u00e9unir<\/p>\n<p>Le cloisonnement avait sa logique. Anker a d\u00e9marr\u00e9 en vendant des batteries, puis des chargeurs, avec une r\u00e9putation de fiabilit\u00e9 \u00e0 prix contenu. Quand le groupe s\u2019est lanc\u00e9 dans l\u2019audio en 2014, puis dans la maison connect\u00e9e avec eufy en 2016, les projecteurs Nebula en 2017 et soundcore officialis\u00e9 en 2018, il a pr\u00e9f\u00e9r\u00e9 ne pas coller un nom de chargeur sur des \u00e9couteurs. Chaque marque avait son site, son application, son service client et sa propre page Kickstarter. \u00c7a a march\u00e9, puisque la vid\u00e9osurveillance et les robots eufy p\u00e8sent aujourd\u2019hui presque autant que les chargeurs.<\/p>\n<p><a rel=\"noopener\" target=\"_blank\" href=\"https:\/\/www.europesays.com\/fr\/wp-content\/uploads\/2026\/09\/1788521902_537_image-44.png\" class=\"article-content__figure\"><img loading=\"lazy\" decoding=\"async\" width=\"1200\" height=\"901\" src=\"https:\/\/www.europesays.com\/fr\/wp-content\/uploads\/2026\/09\/1788521902_537_image-44.png\" alt=\"\" class=\"wp-image-3231341 wp-image\"  \/><\/a><\/p>\n<p>Le revers, on l\u2019a v\u00e9cu en tant que lecteurs et testeurs. \u00c0 un moment, le groupe alignait Anker pour la charge, Anker Solix pour les batteries domestiques, AnkerWork pour les webcams, AnkerMake pour l\u2019impression 3D, soundcore pour l\u2019audio, Nebula pour les projecteurs et eufy pour la maison, avec eufy Security d\u2019un c\u00f4t\u00e9 et eufy Clean de l\u2019autre. Sept noms, autant de logos, trois applications qui ne se parlaient pas, et des vid\u00e9oprojecteurs Nebula vendus dans le m\u00eame rayon que des enceintes soundcore sans qu\u2019aucun client ne fasse le lien. Difficile de construire une identit\u00e9 reconnaissable quand on change de nom \u00e0 chaque cat\u00e9gorie. Un acheteur qui aimait son robot eufy n\u2019avait aucune raison de regarder un casque soundcore, et inversement. Le groupe cumulait des clients fid\u00e8les \u00e0 des marques dont chacune restait trop petite pour peser en rayon.<\/p>\n<p>Le m\u00e9nage a commenc\u00e9 l\u2019an dernier. En ao\u00fbt 2025, Nebula a \u00e9t\u00e9 fondu dans soundcore, et l\u2019imprimante 3D AnkerMake, abandonn\u00e9e, a laiss\u00e9 place \u00e0 eufyMake pour les imprimantes UV. Sept noms sont devenus trois. L\u2019IFA termine le mouvement en mettant Anker en pr\u00e9fixe de tout. On est pass\u00e9 d\u2019une holding discr\u00e8te \u00e0 une marque ombrelle en douze mois, sans qu\u2019un seul produit ne disparaisse.<\/p>\n<p>Le vrai motif tient dans les comptes. En 2025, Amazon repr\u00e9sentait encore 52,3\u00a0% des ventes d\u2019Anker, contre 57,1\u00a0% deux ans plus t\u00f4t. C\u2019est une d\u00e9pendance que le groupe cherche \u00e0 r\u00e9duire, avec une part des magasins physiques mont\u00e9e \u00e0 pr\u00e8s de 30\u00a0% et une Europe en croissance de 43\u00a0% sur un an. Sur Amazon, une marque inconnue se vend gr\u00e2ce aux \u00e9toiles et au prix. Dans un rayon de Boulanger ou de Fnac, elle a besoin d\u2019un nom que le client reconna\u00eet de loin. Un seul logo sur un chargeur, un casque et un robot, c\u2019est un seul nom \u00e0 faire m\u00e9moriser, et un seul stand \u00e0 n\u00e9gocier. L\u2019introduction en Bourse \u00e0 Hong Kong, finalis\u00e9e le 2 juillet 2026, va dans le m\u00eame sens\u00a0: les investisseurs aussi pr\u00e9f\u00e8rent une marque \u00e0 trois.<\/p>\n<p>Ce que la nouvelle marque met sur la table<\/p>\n<p>Le premier lot sous \u00e9tiquette unique arrive entre le 17 septembre et octobre, avec des prix de lancement valables jusqu\u2019au 11 octobre. Le produit le plus concret est la MagGo Power Bank 2 Pro, 109,99 euros le 17 septembre, 87,99 euros au lancement. <\/p>\n<p>                <img decoding=\"async\" width=\"1200\" height=\"446\" loading=\"lazy\" alt=\"Box Zendure SolarFlow 2400 AC+ promo \u00e9t\u00e9\" title=\"Box Zendure SolarFlow 2400 AC+ promo \u00e9t\u00e9\" class=\"is-radiusless placeholder-default wp-image\" src=\"https:\/\/www.europesays.com\/fr\/wp-content\/uploads\/2026\/09\/box-zendure-solarflow-2400-ac-promo-ete-1200x446.png\" \/>            <\/p>\n<p>\n                    Not\u00e9 9\/10 par Frandroid, le SolarFlow 2400AC+ perd 440 \u20ac !                 <\/p>\n<p class=\"has-text-weight-medium is-size-6 is-line-height-normal\">\n                    Votre production solaire d\u00e9passe votre consommation ? Le SolarFlow 2400 AC+ stocke automatiquement votre surplus dans vos batteries. 100 % compatible avec la grande majorit\u00e9 des installations solaires en toiture, il permet de faire \u00e9voluer votre syst\u00e8me simplement et \u00e0 moindre co\u00fbt.                <\/p>\n<p><a rel=\"noopener nofollow\" target=\"_blank\" href=\"https:\/\/images.frandroid.com\/wp-content\/uploads\/2026\/09\/a110rh11-ri-nd01-en-v1.jpg\" class=\"article-content__figure\"><img loading=\"lazy\" decoding=\"async\" width=\"1200\" height=\"1200\" src=\"https:\/\/www.europesays.com\/fr\/wp-content\/uploads\/2026\/09\/a110rh11-ri-nd01-en-v1-1200x1200.jpg\" alt=\"\" class=\"wp-image-3231343 wp-image\"  \/><\/a><\/p>\n<p>C\u2019est une batterie magn\u00e9tique qui charge sans fil \u00e0 25 W en Qi 2.2, la puissance maximale des iPhone 17, avec un ventilateur qui garde le t\u00e9l\u00e9phone sous 36 \u00b0C. <\/p>\n<p><a rel=\"noopener nofollow\" target=\"_blank\" href=\"https:\/\/images.frandroid.com\/wp-content\/uploads\/2026\/09\/a110rh11-prc-td053-en-v1-1.jpg\" class=\"article-content__figure\"><img loading=\"lazy\" decoding=\"async\" width=\"1200\" height=\"492\" src=\"https:\/\/www.europesays.com\/fr\/wp-content\/uploads\/2026\/09\/a110rh11-prc-td053-en-v1-1-1200x492.jpg\" alt=\"\" class=\"wp-image-3231345 wp-image\"  \/><\/a><\/p>\n<p>Anker parle de premi\u00e8re mondiale, ce qui est faux, Sharge vendait d\u00e9j\u00e0 une batterie magn\u00e9tique ventil\u00e9e d\u00e9but 2025, mais en Qi2 \u00e0 15 W. Le port USB-C sort 45 W pour un ordinateur portable et la batterie se recharge \u00e0 80\u00a0% en 52 minutes. <\/p>\n<p><a rel=\"noopener nofollow\" target=\"_blank\" href=\"https:\/\/images.frandroid.com\/wp-content\/uploads\/2026\/09\/120f.jpeg\" class=\"article-content__figure\"><img loading=\"lazy\" decoding=\"async\" width=\"1200\" height=\"1041\" src=\"https:\/\/www.europesays.com\/fr\/wp-content\/uploads\/2026\/09\/120f-1200x1041.jpeg\" alt=\"\" class=\"wp-image-3231347 wp-image\"  \/><\/a><\/p>\n<p>Le Laptop Charger Pro, 59,99 euros le 28 septembre (47,99 euros au lancement), d\u00e9livre 100 W et reconna\u00eet le mod\u00e8le d\u2019ordinateur branch\u00e9 pour adapter sa charge, nativement sur Mac, via une application sur Windows. Le mode \u00ab\u00a0Care\u00a0\u00bb promet \u00ab\u00a0plus de 40\u00a0%\u00a0\u00bb de dur\u00e9e de vie de batterie, sans m\u00e9thode ni comparaison, et macOS g\u00e8re d\u00e9j\u00e0 la charge optimis\u00e9e tout seul. Le Desktop USB-C Hub, 99 euros le 17 septembre (79,99 euros au lancement), est une station d\u2019accueil avec HDMI, DisplayPort, Ethernet, lecteurs de cartes, 100 W de charge et un petit \u00e9cran.<\/p>\n<p><a rel=\"noopener nofollow\" target=\"_blank\" href=\"https:\/\/images.frandroid.com\/wp-content\/uploads\/2026\/09\/blue.jpg\" class=\"article-content__figure\"><img loading=\"lazy\" decoding=\"async\" width=\"1200\" height=\"1200\" src=\"https:\/\/www.europesays.com\/fr\/wp-content\/uploads\/2026\/09\/blue-1200x1200.jpg\" alt=\"\" class=\"wp-image-3231349 wp-image\"  \/><\/a><\/p>\n<p>C\u00f4t\u00e9 soundcore, tout tourne autour de la puce Thus. Les AeroClip 2, des <a href=\"https:\/\/www.frandroid.com\/guide-dachat\/2643597_quels-sont-les-meilleurs-ecouteurs-ouverts\" rel=\"nofollow noopener\" target=\"_blank\">\u00e9couteurs ouverts<\/a> \u00e0 clip \u00e0 179,99 euros le 22 septembre, embarquent un transducteur de 12 mm, le LDAC, le Bluetooth 6.0, huit heures d\u2019autonomie, 32 avec le bo\u00eetier, et une traduction en temps r\u00e9el dont on attend de mesurer la latence. <\/p>\n<p><a rel=\"noopener nofollow\" target=\"_blank\" href=\"https:\/\/images.frandroid.com\/wp-content\/uploads\/2026\/09\/black.png\" class=\"article-content__figure\"><img loading=\"lazy\" decoding=\"async\" width=\"1200\" height=\"1200\" src=\"https:\/\/www.europesays.com\/fr\/wp-content\/uploads\/2026\/09\/black-1200x1200.png\" alt=\"\" class=\"wp-image-3231351 wp-image\"  \/><\/a><\/p>\n<p>Les Liberty Buds 2, \u00e0 129,99 euros le m\u00eame jour, sont des intra classiques \u00e0 r\u00e9duction de bruit avec un diaphragme en papier de 9,2 mm et sept heures d\u2019\u00e9coute avec ANC. <\/p>\n<p><a rel=\"noopener nofollow\" target=\"_blank\" href=\"https:\/\/images.frandroid.com\/wp-content\/uploads\/2026\/09\/sleep-4-earbuds-hover-over-case.jpeg\" class=\"article-content__figure\"><img loading=\"lazy\" decoding=\"async\" width=\"1200\" height=\"1200\" src=\"https:\/\/www.europesays.com\/fr\/wp-content\/uploads\/2026\/09\/sleep-4-earbuds-hover-over-case-1200x1200.jpeg\" alt=\"\" class=\"wp-image-3231355 wp-image\"  \/><\/a><\/p>\n<p>Les Sleep Earbuds 4, \u00e0 249,99 euros en octobre, visent les dormeurs\u00a0: r\u00e9duction de bruit renforc\u00e9e de 3 \u00e0 5 dB entre 200 et 800 Hz par rapport \u00e0 la g\u00e9n\u00e9ration pr\u00e9c\u00e9dente, d\u00e9tection des ronflements couverts par un bruit adapt\u00e9, et un bo\u00eetier qui r\u00e9active le mode transparence s\u2019il entend une alarme incendie. Ce dernier point m\u00e9rite un test avant d\u2019y confier sa nuit. <\/p>\n<p><a rel=\"noopener\" target=\"_blank\" href=\"https:\/\/www.europesays.com\/fr\/wp-content\/uploads\/2026\/09\/sleep-4-pro-sleep-earbuds-in-case-open-sm.png\" class=\"article-content__figure\"><img loading=\"lazy\" decoding=\"async\" width=\"1080\" height=\"1080\" src=\"https:\/\/www.europesays.com\/fr\/wp-content\/uploads\/2026\/09\/sleep-4-pro-sleep-earbuds-in-case-open-sm.png\" alt=\"\" class=\"wp-image-3231353 wp-image\"  \/><\/a><\/p>\n<p>Chez eufy, deux <a href=\"https:\/\/www.frandroid.com\/marques\/anker\/3179523_test-du-anker-eufy-omni-s2-rarement-un-robot-aspirateur-nous-aura-semble-aussi-complet\" rel=\"nofollow noopener\" target=\"_blank\">robots aspirateurs-laveurs<\/a> affichent 35 000 Pa d\u2019aspiration, un chiffre de laboratoire qui dit peu sur le r\u00e9sultat au sol. <\/p>\n<p><a rel=\"noopener nofollow\" target=\"_blank\" href=\"https:\/\/images.frandroid.com\/wp-content\/uploads\/2026\/09\/20260730-095526.jpeg\" class=\"article-content__figure\"><img loading=\"lazy\" decoding=\"async\" width=\"1200\" height=\"1200\" src=\"https:\/\/www.europesays.com\/fr\/wp-content\/uploads\/2026\/09\/20260730-095526-1200x1200.jpeg\" alt=\"\" class=\"wp-image-3231357 wp-image\"  \/><\/a><\/p>\n<p>L\u2019Omni E35, \u00e0 999 euros fin septembre, mise sur une serpilli\u00e8re rotative aliment\u00e9e en eau propre en continu et franchit des seuils de 30 mm. L\u2019Omni C30 Edge, \u00e0 699 euros, se contente de deux serpilli\u00e8res rotatives qui s\u2019\u00e9tendent de 76 mm pour longer les plinthes, avec une brosse anti-enroulement. <\/p>\n<p><a rel=\"noopener nofollow\" target=\"_blank\" href=\"https:\/\/images.frandroid.com\/wp-content\/uploads\/2026\/09\/image-45.png\" class=\"article-content__figure\"><img loading=\"lazy\" decoding=\"async\" width=\"1200\" height=\"905\" src=\"https:\/\/www.europesays.com\/fr\/wp-content\/uploads\/2026\/09\/image-45-1200x905.png\" alt=\"\" class=\"wp-image-3231359 wp-image\"  \/><\/a><\/p>\n<p>\u00c0 ces tarifs, ils se retrouvent <a href=\"https:\/\/www.frandroid.com\/marques\/anker\/2793149_test-de-lanker-eufy-omni-e25-pourquoi-cet-aspirateur-robot-peut-inquieter-la-concurrence\" rel=\"nofollow noopener\" target=\"_blank\">face \u00e0 Roborock et Dreame<\/a>, qui ne les ont pas attendus. Pour 2027, le Sleep X10 Pro analysera le sommeil sans contact depuis la table de nuit en diffusant des battements binauraux, dont l\u2019efficacit\u00e9 clinique reste discut\u00e9e, et l\u2019eufyMake Fabric Printer imprimera directement sur textile pour environ 0,30 euro d\u2019encre par tirage.<\/p>\n<p><a rel=\"noopener nofollow\" target=\"_blank\" href=\"https:\/\/images.frandroid.com\/wp-content\/uploads\/2026\/09\/d1204zb1-dtc-listing-image-td01-us-v1-1.png\" class=\"article-content__figure\"><img loading=\"lazy\" decoding=\"async\" width=\"1200\" height=\"1200\" src=\"https:\/\/www.europesays.com\/fr\/wp-content\/uploads\/2026\/09\/d1204zb1-dtc-listing-image-td01-us-v1-1-1200x1200.png\" alt=\"\" class=\"wp-image-3231361 wp-image\"  \/><\/a><\/p>\n<p>Le vrai pas de c\u00f4t\u00e9, ce sont les aides auditives RIC Hearing Aids, avec la m\u00eame puce Thus et quatre micros. Anker vise les adultes, avec un test auditif en ligne et un r\u00e9glage dans l\u2019application, \u00e9ventuellement \u00e0 distance par \u00ab\u00a0des experts\u00a0\u00bb. <\/p>\n<p><a rel=\"noopener\" target=\"_blank\" href=\"https:\/\/www.europesays.com\/fr\/wp-content\/uploads\/2026\/09\/d1204zb1-dtc-listing-image-td01-us-v1.png\" class=\"article-content__figure\"><img loading=\"lazy\" decoding=\"async\" width=\"789\" height=\"789\" src=\"https:\/\/www.europesays.com\/fr\/wp-content\/uploads\/2026\/09\/d1204zb1-dtc-listing-image-td01-us-v1.png\" alt=\"\" class=\"wp-image-3231363 wp-image\"  \/><\/a><\/p>\n<p>Aux \u00c9tats-Unis, les aides auditives en vente libre sont autoris\u00e9es depuis 2022 et Apple s\u2019y est engouffr\u00e9 avec les AirPods Pro. En France, une aide auditive reste un dispositif m\u00e9dical vendu sur prescription, et le communiqu\u00e9 se garde bien de donner un prix, une date ou un pays. Le groupe les a d\u2019ailleurs annonc\u00e9es sous le nom Anker, pas eufy\u00a0: sur un dispositif m\u00e9dical, on met le nom qu\u2019on veut voir associ\u00e9 \u00e0 la confiance.<\/p>\n<p>L\u2019inverse de Xiaomi, le m\u00eame pari qu\u2019Oppo<\/p>\n<p>Le mouvement va \u00e0 contre-courant de ce que fait Xiaomi \u00e0 quelques all\u00e9es de l\u00e0, qui multiplie les marques, Redmi, Poco et maintenant <a href=\"https:\/\/www.frandroid.com\/marques\/xiaomi\/3229261_mijia-debarque-en-europe-mais-cest-quoi-cette-marque-de-xiaomi\" rel=\"nofollow noopener\" target=\"_blank\">Mijia<\/a>, pour occuper tous les prix sans ab\u00eemer le nom principal. Anker fait plut\u00f4t ce qu\u2019Oppo a fait avec OnePlus en 2021, ou Google avec Nest\u00a0: ramener une marque b\u00e2tie s\u00e9par\u00e9ment sous l\u2019enseigne du groupe quand elle est assez grosse pour lui servir. La diff\u00e9rence, c\u2019est le point de d\u00e9part. Oppo \u00e9tait d\u00e9j\u00e0 connu. Anker part d\u2019une notori\u00e9t\u00e9 de fabricant de c\u00e2bles.<\/p>\n<p>Les applications restent distinctes pour l\u2019instant, le communiqu\u00e9 cite encore une \u00ab\u00a0application Anker soundcore\u00a0\u00bb et une \u00ab\u00a0application Anker\u00a0\u00bb sans dire si elles fusionneront. Le nouveau nom expose aussi le groupe aux casseroles de ses filles. Eufy avait promis en 2022 que ses cam\u00e9ras ne stockaient rien dans le cloud, avant qu\u2019un chercheur ne prouve le contraire, et soundcore a connu des rappels d\u2019enceintes en 2024. Sans oublier les batteries, <a href=\"https:\/\/www.frandroid.com\/marques\/anker\/2714319_anker-lance-un-rappel-de-securite-pour-plusieurs-modeles-de-batteries-externes-voici-les-modeles\" rel=\"nofollow noopener\" target=\"_blank\">\u00e0 plusieurs reprises<\/a>. Quand tout s\u2019appelle Anker, un rappel de batterie \u00e9clabousse aussi les \u00e9couteurs.<\/p>\n<p>Anker a construit dix ans de marques s\u00e9par\u00e9es parce qu\u2019Amazon ne demandait qu\u2019un prix et des \u00e9toiles. Il les r\u00e9unit parce qu\u2019il veut d\u00e9sormais des rayons, une cotation et un nom. <\/p>\n","protected":false},"excerpt":{"rendered":"\u00c0 partir de ce 3 septembre, les \u00e9couteurs soundcore et les robots eufy s\u2019appellent \u00ab\u00a0Anker soundcore\u00a0\u00bb et \u00ab\u00a0Anker&hellip;\n","protected":false},"author":2,"featured_media":1166784,"comment_status":"","ping_status":"","sticky":false,"template":"","format":"standard","meta":{"footnotes":"","_share_on_mastodon":"0"},"categories":[7],"tags":[1011,27,120409,43,40,41,39,42,44],"class_list":["post-1166783","post","type-post","status-publish","format-standard","has-post-thumbnail","category-sciences-et-technologies","tag-fr","tag-france","tag-ifa-2026","tag-science","tag-science-and-technology","tag-sciences","tag-sciences-et-technologies","tag-technologies","tag-technology"],"share_on_mastodon":{"url":"https:\/\/pubeurope.com\/@fr\/117212582316909980","error":""},"_links":{"self":[{"href":"https:\/\/www.europesays.com\/fr\/wp-json\/wp\/v2\/posts\/1166783","targetHints":{"allow":["GET"]}}],"collection":[{"href":"https:\/\/www.europesays.com\/fr\/wp-json\/wp\/v2\/posts"}],"about":[{"href":"https:\/\/www.europesays.com\/fr\/wp-json\/wp\/v2\/types\/post"}],"author":[{"embeddable":true,"href":"https:\/\/www.europesays.com\/fr\/wp-json\/wp\/v2\/users\/2"}],"replies":[{"embeddable":true,"href":"https:\/\/www.europesays.com\/fr\/wp-json\/wp\/v2\/comments?post=1166783"}],"version-history":[{"count":0,"href":"https:\/\/www.europesays.com\/fr\/wp-json\/wp\/v2\/posts\/1166783\/revisions"}],"wp:featuredmedia":[{"embeddable":true,"href":"https:\/\/www.europesays.com\/fr\/wp-json\/wp\/v2\/media\/1166784"}],"wp:attachment":[{"href":"https:\/\/www.europesays.com\/fr\/wp-json\/wp\/v2\/media?parent=1166783"}],"wp:term":[{"taxonomy":"category","embeddable":true,"href":"https:\/\/www.europesays.com\/fr\/wp-json\/wp\/v2\/categories?post=1166783"},{"taxonomy":"post_tag","embeddable":true,"href":"https:\/\/www.europesays.com\/fr\/wp-json\/wp\/v2\/tags?post=1166783"}],"curies":[{"name":"wp","href":"https:\/\/api.w.org\/{rel}","templated":true}]}}