{"id":1166787,"date":"2026-09-04T11:41:12","date_gmt":"2026-09-04T11:41:12","guid":{"rendered":"https:\/\/www.europesays.com\/fr\/1166787\/"},"modified":"2026-09-04T11:41:12","modified_gmt":"2026-09-04T11:41:12","slug":"iles-malouines-passe-darmes-entre-le-president-argentin-javier-milei-et-le-royaume-uni","status":"publish","type":"post","link":"https:\/\/www.europesays.com\/fr\/1166787\/","title":{"rendered":"\u00celes Malouines : passe d&rsquo;armes entre le pr\u00e9sident argentin Javier Milei et le Royaume-Uni"},"content":{"rendered":"<p class=\"dm_article-chapeau\">Ces derni\u00e8res heures, les d\u00e9clarations ont fus\u00e9 entre le Royaume-Uni et l&rsquo;Argentine. Au coeur de la discorde : les \u00eeles Malouines, que chaque pays affirme d\u00e9tenir.\u00a0<\/p>\n<p class=\"dm_article-paragraph\">Des \u00e9changes muscl\u00e9s.\u00a0Alors que le pr\u00e9sident de l&rsquo;Argentine <a href=\"https:\/\/www.cnews.fr\/javier-milei\" rel=\"nofollow noopener\" target=\"_blank\">Javier Milei<\/a> avait affirm\u00e9 que les \u00eeles Malouines \u00absont argentines par l\u2019histoire et par le droit\u00bb, la r\u00e9ponse du Royaume-Uni ne s&rsquo;est pas faite attendre.\u00a0<\/p>\n<p class=\"dm_article-paragraph\">Par la voix de son ministre de la D\u00e9fense, Wes Streeting, les Britanniques se sont \u00e9lev\u00e9s contre les propos du pr\u00e9sident argentin : \u00abLa d\u00e9claration de Milei au cours de la nuit nous en dit plus sur la politique int\u00e9rieure en Argentine que sur les \u00eeles Malouines. Les Malouines sont britanniques parce que les habitants des <a href=\"https:\/\/www.cnews.fr\/malouines\" target=\"_blank\" rel=\"nofollow noopener\">Malouines<\/a> choisissent d\u2019\u00eatre britanniques\u00bb, a-t-il \u00e9crit sur son compte X.<\/p>\n<p>\u00abNotre engagement envers les Malouines est absolu et in\u00e9branlable \ud83c\uddec\ud83c\udde7 \ud83c\uddeb\ud83c\uddf0\u00bb, a-t-il ajout\u00e9.\u00a0<\/p>\n<blockquote class=\"twitter-tweet\">\n<p lang=\"en\" dir=\"ltr\">Milei\u2019s statement overnight tells us more about domestic politics in Argentina than it does about the Falkland Islands.<\/p>\n<p>The Falklands are British because Falkland Islanders choose to be British.<\/p>\n<p>Our commitment to the Falklands is absolute and unshakeable \ud83c\uddec\ud83c\udde7 \ud83c\uddeb\ud83c\uddf0 <a href=\"https:\/\/t.co\/pi0xd7OhYS\" rel=\"nofollow\">pic.twitter.com\/pi0xd7OhYS<\/a><\/p>\n<p>\u2014 Wes Streeting (@wesstreeting) <a href=\"https:\/\/x.com\/wesstreeting\/status\/2095757882713055436?ref_src=twsrc%5Etfw\" rel=\"nofollow\">September 4, 2026<\/a><\/p>\n<\/blockquote>\n<p>donald Trump, soutien de poids de Javier Milei ?<\/p>\n<p class=\"dm_article-paragraph\">De son c\u00f4t\u00e9 Javier Milei s&rsquo;\u00e9tait montr\u00e9 offensif dans ses paroles, affirmant que l&rsquo;Etat argentin allait d\u00e9ployer \u00abtous les instruments diplomatiques, \u00e9conomiques, judiciaires, afin de dissuader les acteurs \u00e9tatiques et non \u00e9tatiques qui portent atteinte \u00e0 notre souverainet\u00e9\u00bb. Dans une allocution t\u00e9l\u00e9vis\u00e9e, il a annonc\u00e9 un projet de loi pour \u00abdurcir les sanctions et les peines \u00e0 l&rsquo;encontre des entreprises li\u00e9es \u00e0 des op\u00e9rations non autoris\u00e9es\u00bb, autour de l&rsquo;archipel de l&rsquo;Atlantique sud.<\/p>\n<p class=\"dm_article-paragraph\">Cet \u00e9change entre Londres et Buenos Aires est intervenu quelques jours apr\u00e8s la prise de parole de Donald Trump sur le sujet, d\u00e9clarant ne pas exclure de \u00abrevoir\u00bb la position am\u00e9ricaine de neutralit\u00e9 concernant l&rsquo;archipel.<\/p>\n<p>Les Etats-Unis, comme la plupart des pays occidentaux, reconnaissent que le Royaume-Uni administre de facto ces \u00eeles, mais ne se prononcent pas sur la souverainet\u00e9 stricto sensu. Celle-ci fait l&rsquo;objet d&rsquo;une r\u00e9solution en 1965 de l&rsquo;ONU, qui reconna\u00eet l&rsquo;existence d&rsquo;un diff\u00e9rend, et enjoint les parties \u00e0 trouver une solution pacifique.<\/p>\n<p>\u00abJe passe toujours toutes les positions en revue. C&rsquo;en est une parmi d&rsquo;autres\u00bb, avait d\u00e9clar\u00e9 lundi le pr\u00e9sident am\u00e9ricain, interrog\u00e9 sur les Malouines, sans \u00eatre plus explicite.<\/p>\n<p>Javier Milei s&rsquo;est aussit\u00f4t r\u00e9joui de la petite phrase de son homologue am\u00e9ricain, \u00e9voquant \u00abquelque chose de tr\u00e8s fort concernant la cause la plus importante et la plus sacr\u00e9e pour nous les Argentins\u00bb.<\/p>\n<p>L&rsquo;archipel des Malouines, \u00e0 600 kilom\u00e8tres de la c\u00f4te patagonienne argentine, a \u00e9t\u00e9 le th\u00e9\u00e2tre d&rsquo;une br\u00e8ve guerre entre l&rsquo;Argentine et le Royaume-Uni en 1982, qui a fait 649 morts argentins et 255 britanniques en 74 jours.<\/p>\n<p>\t<script async src=\"https:\/\/platform.twitter.com\/widgets.js\" charset=\"utf-8\"><\/script><\/p>\n","protected":false},"excerpt":{"rendered":"Ces derni\u00e8res heures, les d\u00e9clarations ont fus\u00e9 entre le Royaume-Uni et l&rsquo;Argentine. Au coeur de la discorde :&hellip;\n","protected":false},"author":2,"featured_media":1166788,"comment_status":"","ping_status":"","sticky":false,"template":"","format":"standard","meta":{"footnotes":"","_share_on_mastodon":"0"},"categories":[5],"tags":[11,6715,1011,27,14,5924,66251,12,28],"class_list":["post-1166787","post","type-post","status-publish","format-standard","has-post-thumbnail","category-international","tag-actualites","tag-argentine","tag-fr","tag-france","tag-international","tag-javier-milei","tag-malouines","tag-news","tag-world"],"share_on_mastodon":{"url":"https:\/\/pubeurope.com\/@fr\/117212589784218485","error":""},"_links":{"self":[{"href":"https:\/\/www.europesays.com\/fr\/wp-json\/wp\/v2\/posts\/1166787","targetHints":{"allow":["GET"]}}],"collection":[{"href":"https:\/\/www.europesays.com\/fr\/wp-json\/wp\/v2\/posts"}],"about":[{"href":"https:\/\/www.europesays.com\/fr\/wp-json\/wp\/v2\/types\/post"}],"author":[{"embeddable":true,"href":"https:\/\/www.europesays.com\/fr\/wp-json\/wp\/v2\/users\/2"}],"replies":[{"embeddable":true,"href":"https:\/\/www.europesays.com\/fr\/wp-json\/wp\/v2\/comments?post=1166787"}],"version-history":[{"count":0,"href":"https:\/\/www.europesays.com\/fr\/wp-json\/wp\/v2\/posts\/1166787\/revisions"}],"wp:featuredmedia":[{"embeddable":true,"href":"https:\/\/www.europesays.com\/fr\/wp-json\/wp\/v2\/media\/1166788"}],"wp:attachment":[{"href":"https:\/\/www.europesays.com\/fr\/wp-json\/wp\/v2\/media?parent=1166787"}],"wp:term":[{"taxonomy":"category","embeddable":true,"href":"https:\/\/www.europesays.com\/fr\/wp-json\/wp\/v2\/categories?post=1166787"},{"taxonomy":"post_tag","embeddable":true,"href":"https:\/\/www.europesays.com\/fr\/wp-json\/wp\/v2\/tags?post=1166787"}],"curies":[{"name":"wp","href":"https:\/\/api.w.org\/{rel}","templated":true}]}}