{"id":1166794,"date":"2026-09-04T11:46:32","date_gmt":"2026-09-04T11:46:32","guid":{"rendered":"https:\/\/www.europesays.com\/fr\/1166794\/"},"modified":"2026-09-04T11:46:32","modified_gmt":"2026-09-04T11:46:32","slug":"asse-avec-cathro-les-recruteurs-vivent-un-enfer","status":"publish","type":"post","link":"https:\/\/www.europesays.com\/fr\/1166794\/","title":{"rendered":"ASSE : Avec Cathro, les recruteurs vivent un enfer"},"content":{"rendered":"<p><b>Exigeant envers ses joueurs, Ian Cathro ne facilite pas non plus la t\u00e2che des recruteurs. Le coach de l\u2019AS Saint-Etienne se montre pointilleux lorsqu\u2019il s\u2019agit de valider les cibles propos\u00e9es. <\/b><\/p>\n<p><a href=\"https:\/\/www.foot01.com\/equipe\/st-etienne\/\" target=\"_blank\" rel=\"nofollow noopener\">L\u2019AS Saint-Etienne<\/a> ne pouvait pas r\u00eaver d\u2019un meilleur d\u00e9but de saison. L\u2019\u00e9chec du pr\u00e9c\u00e9dent exercice dig\u00e9r\u00e9, les Verts ont r\u00e9ussi un carton plein lors des quatre premi\u00e8res journ\u00e9es de championnat. Preuve que l\u2019actuel leader de <a href=\"https:\/\/www.foot01.com\/ligue2\" title=\"Ligue 2\" rel=\"nofollow noopener\" target=\"_blank\">Ligue 2<\/a> a pris les bonnes d\u00e9cisions durant l\u2019\u00e9t\u00e9, y compris lorsque le club a finalement d\u00e9cid\u00e9 de ne pas recruter le lat\u00e9ral gauche attendu. L\u2019entra\u00eeneur Ian Cathro n\u2019a valid\u00e9 aucune des pistes propos\u00e9es. Un sc\u00e9nario qui risque de se reproduire si l\u2019on en croit l\u2019Ecossais.<\/p>\n<p>\u00ab Je dois dire que je suis tr\u00e8s content des recrues qui sont arriv\u00e9es et du groupe \u00e0 ma disposition, s\u2019est r\u00e9joui le coach des Verts. Si vous n&rsquo;avez pas vu de lat\u00e9ral gauche d\u00e9barquer c&rsquo;est parce que nous n&rsquo;avons pas trouv\u00e9 la bonne option, le joueur id\u00e9al, si c&rsquo;\u00e9tait le cas on l&rsquo;aurait recrut\u00e9. On a confiance en notre groupe. Ce que je veux, c&rsquo;est que chaque jour qui passe ici ce soit de plus en plus difficile de recruter le joueur qui pourra nous apporter quelque chose. \u00bb<\/p>\n<p>L&rsquo;exigence de Cathro<\/p>\n<p>\u00ab \u00c7a voudra simplement dire qu&rsquo;on travaille tr\u00e8s bien avec les joueurs qu&rsquo;on a \u00e0 notre disposition et que c&rsquo;est difficile de trouver le bon profil pour venir compl\u00e9ter l&rsquo;effectif qu&rsquo;on a aujourd&rsquo;hui \u00e0 notre disposition. Ce sera aussi l&rsquo;un de nos objectifs, c&rsquo;est qu&rsquo;il faudra vraiment \u00eatre un tr\u00e8s bon joueur pour rejoindre l&rsquo;AS Saint-Etienne \u00bb, a pr\u00e9venu Ian Cathro, sachant que les jeunes issus du centre de formation \u00ab auront, quoi qu&rsquo;il arrive, l&rsquo;opportunit\u00e9 de se montrer cette saison parce que \u00e7a fait partie d&rsquo;un projet plus large \u00bb. Les recruteurs seront donc contraints de trouver la perle rare.<\/p>\n<p><img decoding=\"async\" class=\"w-6 h-6\" src=\"https:\/\/www.europesays.com\/fr\/wp-content\/uploads\/2025\/10\/304.png\" alt=\"\"\/>Ligue 205 septembre 2026 \u00e0 20:00<\/p>\n","protected":false},"excerpt":{"rendered":"Exigeant envers ses joueurs, Ian Cathro ne facilite pas non plus la t\u00e2che des recruteurs. Le coach de&hellip;\n","protected":false},"author":2,"featured_media":1166795,"comment_status":"","ping_status":"","sticky":false,"template":"","format":"standard","meta":{"footnotes":"","_share_on_mastodon":"0"},"categories":[9653],"tags":[1111,11,461,2430,1777,674,1011,27,446,1434,12,25,4001],"class_list":["post-1166794","post","type-post","status-publish","format-standard","has-post-thumbnail","category-saint-etienne","tag-actu","tag-actualites","tag-asse","tag-auvergne-rhone-alpes","tag-eu","tag-europe","tag-fr","tag-france","tag-ligue-2","tag-mercato","tag-news","tag-republique-francaise","tag-saint-etienne"],"share_on_mastodon":{"url":"https:\/\/pubeurope.com\/@fr\/117212611537347142","error":""},"_links":{"self":[{"href":"https:\/\/www.europesays.com\/fr\/wp-json\/wp\/v2\/posts\/1166794","targetHints":{"allow":["GET"]}}],"collection":[{"href":"https:\/\/www.europesays.com\/fr\/wp-json\/wp\/v2\/posts"}],"about":[{"href":"https:\/\/www.europesays.com\/fr\/wp-json\/wp\/v2\/types\/post"}],"author":[{"embeddable":true,"href":"https:\/\/www.europesays.com\/fr\/wp-json\/wp\/v2\/users\/2"}],"replies":[{"embeddable":true,"href":"https:\/\/www.europesays.com\/fr\/wp-json\/wp\/v2\/comments?post=1166794"}],"version-history":[{"count":0,"href":"https:\/\/www.europesays.com\/fr\/wp-json\/wp\/v2\/posts\/1166794\/revisions"}],"wp:featuredmedia":[{"embeddable":true,"href":"https:\/\/www.europesays.com\/fr\/wp-json\/wp\/v2\/media\/1166795"}],"wp:attachment":[{"href":"https:\/\/www.europesays.com\/fr\/wp-json\/wp\/v2\/media?parent=1166794"}],"wp:term":[{"taxonomy":"category","embeddable":true,"href":"https:\/\/www.europesays.com\/fr\/wp-json\/wp\/v2\/categories?post=1166794"},{"taxonomy":"post_tag","embeddable":true,"href":"https:\/\/www.europesays.com\/fr\/wp-json\/wp\/v2\/tags?post=1166794"}],"curies":[{"name":"wp","href":"https:\/\/api.w.org\/{rel}","templated":true}]}}