{"id":11668,"date":"2025-04-09T03:05:15","date_gmt":"2025-04-09T03:05:15","guid":{"rendered":"https:\/\/www.europesays.com\/fr\/11668\/"},"modified":"2025-04-09T03:05:15","modified_gmt":"2025-04-09T03:05:15","slug":"societe-civile-des-auteurs-multimedia","status":"publish","type":"post","link":"https:\/\/www.europesays.com\/fr\/11668\/","title":{"rendered":"Soci\u00e9t\u00e9 civile des auteurs multim\u00e9dia"},"content":{"rendered":"<p>Une table ronde pour pr\u00e9senter Fil\u00e9as se tiendra lors du Festival du Livre au Grand Palais le vendredi 11 avril 2025 \u00e0 9h, et r\u00e9unira des acteurs de la fili\u00e8re : Alban Cerisier, pr\u00e9sident de Fil\u00e9as, Alexandra Charroin Spangenberg, pr\u00e9sidente du Syndicat de la librairie fran\u00e7aise (SLF), Pierre Coutelle, directeur du livre \u00e0 la librairie Mollat, Laure Leroy, fondatrice des \u00e9ditions Zulma et S\u00e9verine Weiss, pr\u00e9sidente du Conseil permanent des \u00e9crivains (CPE). Une d\u00e9monstration du portail aura lieu lors de cette rencontre.<\/p>\n<p><strong>UN PREMIER VOLET AVEC DES DONN\u00c9ES HEBDOMADAIRES EXTRAPOL\u00c9ES<\/strong><\/p>\n<p>Le premier volet de Fil\u00e9as proposera des chiffres hebdomadaires issus de GfK. Ces chiffres extrapol\u00e9s permettront aux acteurs de l\u2019interprofession d\u2019avoir une id\u00e9e g\u00e9n\u00e9rale des ventes de leurs titres, sur un large panel de points de ventes.<\/p>\n<p><strong>Pour les auteurs, l\u2019acc\u00e8s \u00e0 Fil\u00e9as est gratuit, purement informatif et non obligatoire.<\/strong><\/p>\n<p>Les auteurs pourront se connecter \u00e0 Fil\u00e9as via un compte unique et s\u00e9curis\u00e9 pour acc\u00e9der aux ventes de leurs ouvrages. L\u2019inscription \u00e0 la version b\u00eata se fera directement depuis le site web de la plateforme. La validation des inscriptions sera progressive : afin de garantir la confidentialit\u00e9 et la fiabilit\u00e9 des donn\u00e9es, l\u2019\u00e9quipe de Fil\u00e9as v\u00e9rifiera les informations transmises avant de cr\u00e9er les comptes.<\/p>\n<p>Fil\u00e9as est un outil d\u2019information : les donn\u00e9es disponibles sur la plateforme ne se substitueront en rien aux redditions de comptes transmises par l\u2019\u00e9diteur et ne modifieront pas les modalit\u00e9s de r\u00e9mun\u00e9ration.<\/p>\n<p><strong>Pour les \u00e9diteurs et les diffuseurs, Fil\u00e9as permet de consulter les donn\u00e9es de vente de leur catalogue.<\/strong><\/p>\n<p>La premi\u00e8re phase de Fil\u00e9as s\u2019adresse surtout aux petites structures de la fili\u00e8re qui n\u2019ont g\u00e9n\u00e9ralement pas acc\u00e8s aux donn\u00e9es GfK. Afin de rendre ces donn\u00e9es accessibles au plus grand nombre, le co\u00fbt d\u2019acc\u00e8s \u00e0 la plateforme sera adapt\u00e9 au chiffre d\u2019affaires des maisons d\u2019\u00e9dition.<br \/>L\u2019adh\u00e9sion au service et l\u2019ouverture de comptes test se fera directement aupr\u00e8s de l\u2019\u00e9quipe Fil\u00e9as. Fil\u00e9as est une plateforme en construction, son d\u00e9ploiement est pr\u00e9vu en plusieurs \u00e9tapes. L\u2019\u00e9quipe<br \/>souhaite que l\u2019outil \u00e9volue en prenant en compte les retours et les besoins des utilisateurs.<\/p>\n<p><strong>PROCHAINES \u00c9TAPES : DES DONN\u00c9ES QUOTIDIENNES DE VENTES R\u00c9ELLES<\/strong><\/p>\n<p>D\u00e8s d\u00e9but 2026, Fil\u00e9as pr\u00e9voit de proposer des indicateurs quotidiens issus des donn\u00e9es de ventes r\u00e9elles et agr\u00e9g\u00e9es en librairie (\u00ab sorties de caisse \u00bb), en compl\u00e9ment des donn\u00e9es GfK.<br \/>Dans cet objectif, les travaux ont \u00e9t\u00e9 engag\u00e9s avec le SLF et l\u2019ADELC afin que les donn\u00e9es agr\u00e9g\u00e9es des librairies de l\u2019Observatoire de la librairie et des librairies abonn\u00e9es \u00e0 Datalib constituent la premi\u00e8re brique de ce second volet. Cette base sera enrichie avec les donn\u00e9es de libraires souhaitant participer directement au projet, \u00e0 l\u2019instar de la librairie Mollat qui a d\u2019ores et d\u00e9j\u00e0 confirm\u00e9 sa volont\u00e9 de contribuer au dispositif.<br \/>Fil\u00e9as s\u2019inscrit ainsi dans une d\u00e9marche collective visant \u00e0 favoriser la circulation de l\u2019information au sein de la fili\u00e8re du livre.<\/p>\n<p>Pour plus d\u2019information sur le service, rendez-vous le 11 avril prochain sur <a href=\"https:\/\/fileas.org\" rel=\"nofollow noopener\" target=\"_blank\">https:\/\/fileas.org<\/a> !<\/p>\n<p><strong>\u00c0 propos de Fil\u00e9as (Fils d\u2019informations libraires \u00e9diteurs auteurs) :<\/strong><br \/>Issu de concertations entre les acteurs de l\u2019interprofession, Fil\u00e9as est un dispositif in\u00e9dit et collectif, con\u00e7u dans l\u2019int\u00e9r\u00eat de toute la fili\u00e8re. Son objectif est double : favoriser la circulation de l\u2019information au sein de la cha\u00eene du livre et am\u00e9liorer son efficacit\u00e9 \u00e9conomique et environnementale.<br \/>Cr\u00e9\u00e9 fin 2024 sous forme de soci\u00e9t\u00e9 \u00e0 mission, Fil\u00e9as regroupe 8 grands acteurs du secteur : le Syndicat national de l\u2019\u00e9dition (SNE), le Cercle de la Librairie, Dilicom, l\u2019Association pour le d\u00e9veloppement de la librairie de cr\u00e9ation (ADELC), le Syndicat de la Librairie fran\u00e7aise (SLF), l\u2019Association des librairies informatis\u00e9es et utilisatrices de r\u00e9seaux \u00e9lectroniques (ALIRE), le Conseil permanent des \u00e9crivains (CPE) et la Soci\u00e9t\u00e9 des Gens de Lettres (SGDL).<\/p>\n<p>\u00a0<\/p>\n<p>Contact presse :<\/p>\n<p>La Scam <strong>\u2013 <\/strong>01 56 69 64 34 \u2013 <a href=\"https:\/\/www.scam.fr\/actualites-ressources\/fileas-ouvre-les-inscriptions-a-sa-plateforme-lors-du-festival-du-livre-de-paris-2025\/mailto:yann.bernes@scam.fr\" rel=\"nofollow noopener\" target=\"_blank\">presse@scam.fr <\/a><br \/>Harriet Seegmuller \u2013 hseegmuller@fileas.org<\/p>\n","protected":false},"excerpt":{"rendered":"Une table ronde pour pr\u00e9senter Fil\u00e9as se tiendra lors du Festival du Livre au Grand Palais le vendredi&hellip;\n","protected":false},"author":2,"featured_media":11669,"comment_status":"","ping_status":"","sticky":false,"template":"","format":"standard","meta":{"footnotes":""},"categories":[1357],"tags":[328,1379,58,59,1011,27,1380],"class_list":{"0":"post-11668","1":"post","2":"type-post","3":"status-publish","4":"format-standard","5":"has-post-thumbnail","7":"category-livres","8":"tag-a-la-une","9":"tag-books","10":"tag-divertissement","11":"tag-entertainment","12":"tag-fr","13":"tag-france","14":"tag-livres"},"share_on_mastodon":{"url":"https:\/\/pubeurope.com\/@fr\/114305795621087972","error":""},"_links":{"self":[{"href":"https:\/\/www.europesays.com\/fr\/wp-json\/wp\/v2\/posts\/11668","targetHints":{"allow":["GET"]}}],"collection":[{"href":"https:\/\/www.europesays.com\/fr\/wp-json\/wp\/v2\/posts"}],"about":[{"href":"https:\/\/www.europesays.com\/fr\/wp-json\/wp\/v2\/types\/post"}],"author":[{"embeddable":true,"href":"https:\/\/www.europesays.com\/fr\/wp-json\/wp\/v2\/users\/2"}],"replies":[{"embeddable":true,"href":"https:\/\/www.europesays.com\/fr\/wp-json\/wp\/v2\/comments?post=11668"}],"version-history":[{"count":0,"href":"https:\/\/www.europesays.com\/fr\/wp-json\/wp\/v2\/posts\/11668\/revisions"}],"wp:featuredmedia":[{"embeddable":true,"href":"https:\/\/www.europesays.com\/fr\/wp-json\/wp\/v2\/media\/11669"}],"wp:attachment":[{"href":"https:\/\/www.europesays.com\/fr\/wp-json\/wp\/v2\/media?parent=11668"}],"wp:term":[{"taxonomy":"category","embeddable":true,"href":"https:\/\/www.europesays.com\/fr\/wp-json\/wp\/v2\/categories?post=11668"},{"taxonomy":"post_tag","embeddable":true,"href":"https:\/\/www.europesays.com\/fr\/wp-json\/wp\/v2\/tags?post=11668"}],"curies":[{"name":"wp","href":"https:\/\/api.w.org\/{rel}","templated":true}]}}