{"id":1166814,"date":"2026-09-04T12:02:18","date_gmt":"2026-09-04T12:02:18","guid":{"rendered":"https:\/\/www.europesays.com\/fr\/1166814\/"},"modified":"2026-09-04T12:02:18","modified_gmt":"2026-09-04T12:02:18","slug":"strasbourg-lopposant-jean-philippe-vetter-lr-tend-la-main-a-la-maire-catherine-trautmann-ps","status":"publish","type":"post","link":"https:\/\/www.europesays.com\/fr\/1166814\/","title":{"rendered":"Strasbourg. L&rsquo;opposant Jean-Philippe Vetter (LR) tend la main \u00e0 la maire Catherine Trautmann (PS)"},"content":{"rendered":"<p>Cr\u00e9dit\u00e9 de 27\u00a0794 voix, soit 31,29\u00a0% des suffrages, <a href=\"https:\/\/www.dna.fr\/elections\/resultats?commune=67482&amp;canton=6722\" target=\"_blank\" rel=\"nofollow noopener\">au second tour des municipales<\/a> \u00a0le soir du 22\u00a0mars, <a href=\"https:\/\/www.dna.fr\/p\/jean-philippe-vetter\" target=\"_blank\" rel=\"nofollow noopener\">Jean-Philippe Vetter<\/a> a choisi de prendre du recul. Seules les s\u00e9ances d\u2019installation et de mise en route des premi\u00e8res mesures de la nouvelle majorit\u00e9 l\u2019ont sorti de sa r\u00e9flexion sur la suite \u00e0 donner \u00e0 ce scrutin qui l\u2019oblige, dit-il, aux yeux d\u2019\u00ab\u00a0<a href=\"https:\/\/www.dna.fr\/elections\/2026\/03\/23\/cruelle-desillusion-dans-le-camp-de-jean-philippe-vetter-a-strasbourg-qui-finit-troisieme\" target=\"_blank\" rel=\"nofollow noopener\">un peu moins du tiers<\/a>\u00a0\u00bb des votants. Ce dimanche 6\u00a0septembre, au parc de Pourtal\u00e8s, il va r\u00e9unir les troupes de son mouvement Aimer Strasbourg \u2013 quelques centaines de personnes \u2013 pour surfer sur leur \u00ab\u00a0aventure collective\u00a0\u00bb des municipales.<\/p>\n<p>Entre deux tartes flamb\u00e9es, ses sympathisants se retrouveront sans doute pour refaire le match, mais aussi et surtout \u00ab\u00a0parler du fond, de Strasbourg et de son avenir\u00a0\u00bb, confie-t-il ce jeudi 3\u00a0septembre aux DNA. Quatre invit\u00e9s livreront leurs analyses, \u00e0 la fa\u00e7on d\u2019une universit\u00e9 d\u2019\u00e9t\u00e9. Parmi ceux-ci figure notamment Fr\u00e9d\u00e9ric Dabi, directeur g\u00e9n\u00e9ral de l\u2019Ifop, sp\u00e9cialiste de l\u2019opinion publique fran\u00e7aise&#8230;.<\/p>\n","protected":false},"excerpt":{"rendered":"Cr\u00e9dit\u00e9 de 27\u00a0794 voix, soit 31,29\u00a0% des suffrages, au second tour des municipales \u00a0le soir du 22\u00a0mars, Jean-Philippe&hellip;\n","protected":false},"author":2,"featured_media":1166815,"comment_status":"","ping_status":"","sticky":false,"template":"","format":"standard","meta":{"footnotes":"","_share_on_mastodon":"0"},"categories":[2820],"tags":[1111,11,1984,2880,1777,674,107,1011,27,775,3540,2338,3539,6319,12,316,3370,25,640,2879],"class_list":["post-1166814","post","type-post","status-publish","format-standard","has-post-thumbnail","category-strasbourg","tag-actu","tag-actualites","tag-conseil-municipal","tag-edition-strasbourg","tag-eu","tag-europe","tag-fil-info","tag-fr","tag-france","tag-grand-est","tag-horizons","tag-la-france-insoumise","tag-les-ecologistes","tag-les-republicains","tag-news","tag-politique","tag-renaissance","tag-republique-francaise","tag-strasbourg","tag-strasbourg-ville"],"share_on_mastodon":{"url":"https:\/\/pubeurope.com\/@fr\/117212672648214799","error":""},"_links":{"self":[{"href":"https:\/\/www.europesays.com\/fr\/wp-json\/wp\/v2\/posts\/1166814","targetHints":{"allow":["GET"]}}],"collection":[{"href":"https:\/\/www.europesays.com\/fr\/wp-json\/wp\/v2\/posts"}],"about":[{"href":"https:\/\/www.europesays.com\/fr\/wp-json\/wp\/v2\/types\/post"}],"author":[{"embeddable":true,"href":"https:\/\/www.europesays.com\/fr\/wp-json\/wp\/v2\/users\/2"}],"replies":[{"embeddable":true,"href":"https:\/\/www.europesays.com\/fr\/wp-json\/wp\/v2\/comments?post=1166814"}],"version-history":[{"count":0,"href":"https:\/\/www.europesays.com\/fr\/wp-json\/wp\/v2\/posts\/1166814\/revisions"}],"wp:featuredmedia":[{"embeddable":true,"href":"https:\/\/www.europesays.com\/fr\/wp-json\/wp\/v2\/media\/1166815"}],"wp:attachment":[{"href":"https:\/\/www.europesays.com\/fr\/wp-json\/wp\/v2\/media?parent=1166814"}],"wp:term":[{"taxonomy":"category","embeddable":true,"href":"https:\/\/www.europesays.com\/fr\/wp-json\/wp\/v2\/categories?post=1166814"},{"taxonomy":"post_tag","embeddable":true,"href":"https:\/\/www.europesays.com\/fr\/wp-json\/wp\/v2\/tags?post=1166814"}],"curies":[{"name":"wp","href":"https:\/\/api.w.org\/{rel}","templated":true}]}}