{"id":1166816,"date":"2026-09-04T12:03:15","date_gmt":"2026-09-04T12:03:15","guid":{"rendered":"https:\/\/www.europesays.com\/fr\/1166816\/"},"modified":"2026-09-04T12:03:15","modified_gmt":"2026-09-04T12:03:15","slug":"visitez-les-antennes-de-france-televisions-a-strasbourg-reims-et-nancy-lors-des-journees-europeennes-du-patrimoine","status":"publish","type":"post","link":"https:\/\/www.europesays.com\/fr\/1166816\/","title":{"rendered":"Visitez les antennes de France T\u00e9l\u00e9visions \u00e0 Strasbourg, Reims et Nancy lors des Journ\u00e9es europ\u00e9ennes du patrimoine"},"content":{"rendered":"<p class=\"article__intro\">Vous \u00eates-vous d\u00e9j\u00e0 demand\u00e9 ce qu&rsquo;il y avait derri\u00e8re un plateau de t\u00e9l\u00e9vision ? Les stations d&rsquo;ICI Grand Est \u00e0 Strasbourg, Reims et Nancy ouvrent leurs portes pour des visites guid\u00e9es samedi 19 septembre 2026 \u00e0 l&rsquo;occasion des Journ\u00e9es europ\u00e9ennes du patrimoine. Inscrivez vous : vous n&rsquo;\u00eates qu&rsquo;\u00e0 un clic de passer la porte des coulisses !<\/p>\n<p>Comment fabrique-t-on un journal t\u00e9l\u00e9vis\u00e9 ? Quels sont les m\u00e9tiers de l&rsquo;audiovisuel ? Que se passe-t-il derri\u00e8re les cam\u00e9ras, dans une r\u00e9gie ou sur un plateau ? \u00c0 quoi ressemble le travail des journalistes, des pr\u00e9sentateurs ou encore des techniciens ? Vous pourrez \u00e9changer avec nos \u00e9quipes, qui partageront avec vous ce que vous ne pouvez voir ni \u00e0 la t\u00e9l\u00e9vision, ni sur les r\u00e9seaux sociaux.<\/p>\n<p><a data-article-figure=\"\" href=\"https:\/\/france3-regions.franceinfo.fr\/image\/izJ37LjBaAs3YbrHrL_Oc3LdN5Q\/4256x2832\/regions\/2026\/08\/20\/6a870e7552d86724629151.jpg\" data-pswp-width=\"4256\" data-pswp-height=\"2832\" target=\"_blank\" rel=\"nofollow noopener\"><\/p>\n<p>          <img width=\"600\" height=\"400\" class=\"article-image lazy\" data-src=\"https:\/\/www.europesays.com\/fr\/wp-content\/uploads\/2026\/09\/6a870e7552d86724629151.jpg\" alt=\"La r\u00e9gie d'ICI Champagne-Ardenne, l'antenne r\u00e9gionale de France T\u00e9l\u00e9visions \u00e0 Reims, lors d'un journal t\u00e9l\u00e9vis\u00e9 pr\u00e9sent\u00e9 par Romain Nowicki en 2023.\" fetchpriority=\"high\" as=\"image\"\/><\/p>\n<p>\n            La r\u00e9gie d&rsquo;ICI Champagne-Ardenne, l&rsquo;antenne r\u00e9gionale de France T\u00e9l\u00e9visions \u00e0 Reims, lors d&rsquo;un journal t\u00e9l\u00e9vis\u00e9 pr\u00e9sent\u00e9 par Romain Nowicki en 2023.<br \/>\n                           \u2022<br \/>\n                                      \u00a9 Cl\u00e9ment Pravaz &#8211; France T\u00e9l\u00e9visions\n                      <\/p>\n<p><\/a><\/p>\n<p>Des plateaux aux coulisses techniques, accompagn\u00e9s de votre guide, vous suivrez en un peu plus d&rsquo;une heure les diff\u00e9rentes \u00e9tapes qui permettent de fabriquer un journal t\u00e9l\u00e9vis\u00e9 et les contenus diffus\u00e9s sur nos antennes et nos plateformes num\u00e9riques. Pour une immersion compl\u00e8te, pourquoi ne pas prendre, le temps de quelques minutes, la place du pr\u00e9sentateur devant le prompteur ?<\/p>\n<p>L\u2019acc\u00e8s aux visites est <strong>gratuit<\/strong> mais se fait <strong>obligatoirement sur inscription<\/strong> et dans la limite des places disponibles (maximum 4 places par famille). Chaque ann\u00e9e, vous \u00eates nombreux \u00e0 vouloir vous inscrire, mais un certain nombre de personnes ne se pr\u00e9sentent pas le jour-j, emp\u00eachant des dizaines d&rsquo;autres int\u00e9ress\u00e9es de pouvoir en profiter. Une inscription vous engage, merci de vous assurer pr\u00e9alablement de pouvoir \u00eatre pr\u00e9sent.<\/p>\n<p>Pour visiter les antennes r\u00e9gionales de France T\u00e9l\u00e9visions dans le Grand Est, inscrivez vous en cliquant sur le lien correspondant :<\/p>\n<p>\ud83d\udc49 <a href=\"https:\/\/my.weezevent.com\/journees-europeennes-du-patrimoine-france-televisions-ici-alsace\" target=\"_blank\" rel=\"noopener noreferrer nofollow\" data-tooltip-url=\"https:\/\/my.weezevent.com\/journees-europeennes-du-patrimoine-france-televisions-ici-alsace\">Visiter ICI Alsace \u00e0 Strasbourg<\/a><\/p>\n<p>\ud83d\udc49 <a href=\"https:\/\/my.weezevent.com\/journees-europeennes-du-patrimoine-france-televisions-ici-champagne-ardenne-1\" target=\"_blank\" rel=\"noopener noreferrer nofollow\" data-tooltip-url=\"https:\/\/my.weezevent.com\/journees-europeennes-du-patrimoine-france-televisions-ici-champagne-ardenne-1\">Visiter ICI Champagne-Ardenne \u00e0 Reims<\/a><\/p>\n<p>\ud83d\udc49 <a href=\"https:\/\/my.weezevent.com\/journees-europeennes-du-patrimoine-france-televisions-ici-lorraine\" target=\"_blank\" rel=\"noopener noreferrer nofollow\" data-tooltip-url=\"https:\/\/my.weezevent.com\/journees-europeennes-du-patrimoine-france-televisions-ici-lorraine\">Visiter ICI Lorraine \u00e0 Nancy<\/a><\/p>\n","protected":false},"excerpt":{"rendered":"Vous \u00eates-vous d\u00e9j\u00e0 demand\u00e9 ce qu&rsquo;il y avait derri\u00e8re un plateau de t\u00e9l\u00e9vision ? Les stations d&rsquo;ICI Grand&hellip;\n","protected":false},"author":2,"featured_media":1166817,"comment_status":"","ping_status":"","sticky":false,"template":"","format":"standard","meta":{"footnotes":"","_share_on_mastodon":"0"},"categories":[2820],"tags":[1111,11,1777,674,1011,27,775,12,25,640],"class_list":["post-1166816","post","type-post","status-publish","format-standard","has-post-thumbnail","category-strasbourg","tag-actu","tag-actualites","tag-eu","tag-europe","tag-fr","tag-france","tag-grand-est","tag-news","tag-republique-francaise","tag-strasbourg"],"share_on_mastodon":{"url":"https:\/\/pubeurope.com\/@fr\/117212677214880217","error":""},"_links":{"self":[{"href":"https:\/\/www.europesays.com\/fr\/wp-json\/wp\/v2\/posts\/1166816","targetHints":{"allow":["GET"]}}],"collection":[{"href":"https:\/\/www.europesays.com\/fr\/wp-json\/wp\/v2\/posts"}],"about":[{"href":"https:\/\/www.europesays.com\/fr\/wp-json\/wp\/v2\/types\/post"}],"author":[{"embeddable":true,"href":"https:\/\/www.europesays.com\/fr\/wp-json\/wp\/v2\/users\/2"}],"replies":[{"embeddable":true,"href":"https:\/\/www.europesays.com\/fr\/wp-json\/wp\/v2\/comments?post=1166816"}],"version-history":[{"count":0,"href":"https:\/\/www.europesays.com\/fr\/wp-json\/wp\/v2\/posts\/1166816\/revisions"}],"wp:featuredmedia":[{"embeddable":true,"href":"https:\/\/www.europesays.com\/fr\/wp-json\/wp\/v2\/media\/1166817"}],"wp:attachment":[{"href":"https:\/\/www.europesays.com\/fr\/wp-json\/wp\/v2\/media?parent=1166816"}],"wp:term":[{"taxonomy":"category","embeddable":true,"href":"https:\/\/www.europesays.com\/fr\/wp-json\/wp\/v2\/categories?post=1166816"},{"taxonomy":"post_tag","embeddable":true,"href":"https:\/\/www.europesays.com\/fr\/wp-json\/wp\/v2\/tags?post=1166816"}],"curies":[{"name":"wp","href":"https:\/\/api.w.org\/{rel}","templated":true}]}}