{"id":1166822,"date":"2026-09-04T12:06:23","date_gmt":"2026-09-04T12:06:23","guid":{"rendered":"https:\/\/www.europesays.com\/fr\/1166822\/"},"modified":"2026-09-04T12:06:23","modified_gmt":"2026-09-04T12:06:23","slug":"travaux-pres-de-nantes-plusieurs-fermetures-de-routes-sont-prevues-dans-cette-commune","status":"publish","type":"post","link":"https:\/\/www.europesays.com\/fr\/1166822\/","title":{"rendered":"Travaux pr\u00e8s de Nantes : plusieurs fermetures de routes sont pr\u00e9vues dans cette commune"},"content":{"rendered":"<p>                    Par<br \/>\n        <strong><br \/>\n            <a href=\"https:\/\/actu.fr\/auteur\/farah-sadallah\" title=\"Consulter tous les articles de Farah Sadallah\" rel=\"nofollow noopener\" target=\"_blank\">Farah Sadallah<\/a><br \/>\n                    <\/strong><\/p>\n<p>        Publi\u00e9 le<\/p>\n<p>            4 sept. 2026 \u00e0 12h17        <\/p>\n<p>\u00c7a va durer pr\u00e8s d\u2019une semaine. \u00c0 hauteur de la commune d\u2019Orvault, pr\u00e8s de Nantes (Loire-Atlantique), <b>des travaux de signalisation sur la RN137<\/b> se d\u00e9rouleront durant les nuits, <b>du lundi 7 septembre \u00e0 21 h 30 au vendredi 11 septembre 2026 \u00e0 6 h<\/b>. Ce chantier concernera le sens Rennes vers Nantes.\u00a0<\/p>\n<p>Fermeture de deux bretelles<\/p>\n<p class=\" wall-content\"><b>Des restrictions de circulation<\/b> sont donc \u00e0 pr\u00e9voir :<\/p>\n<ul class=\" wall-content\">\n<li>Neutralisation de la voie de droite dans le sens Rennes vers Nantes \u00e0 partir du PR28+1300.<\/li>\n<li>Fermeture de la bretelle d\u2019insertion du Bois Raguenet.<\/li>\n<li>Fermeture de la bretelle de sortie Rennes vers Vannes en direction du p\u00e9riph\u00e9rique ext\u00e9rieur.<\/li>\n<\/ul>\n<p class=\" wall-content\">Un <b>itin\u00e9raire de d\u00e9viation<\/b> est \u00e9galement mis en place. Les usagers circulant sur la RN137 dans le sens Rennes vers Nantes, voulant se diriger <b>vers Vannes<\/b> <b>(p\u00e9riph\u00e9rique ext\u00e9rieur)<\/b>, sont d\u00e9vi\u00e9s par la RN137, jusqu\u2019\u00e0 la bretelle de sortie de l\u2019\u00e9changeur de la porte de Rennes, et font demi-tour \u00e0 l\u2019\u00e9changeur, pour reprendre la RN137 dans le sens Nantes vers Rennes, pour sortir vers la bretelle Nantes vers Vannes, o\u00f9 ils retrouvent leur itin\u00e9raire d\u2019origine.<\/p>\n<p class=\" wall-content\">Personnalisez votre actualit\u00e9 en ajoutant vos villes et m\u00e9dias en favori avec <a href=\"https:\/\/moncompte.actu.fr\" title=\"D\u00e9couvez Mon Actu\" rel=\"nofollow noopener\" data-trk=\"{&quot;cta&quot;:{&quot;action&quot;:&quot;https:\\\/\\\/moncompte.actu.fr&quot;,&quot;category&quot;:&quot;mon compte&quot;,&quot;from&quot;:&quot;article footer&quot;,&quot;name&quot;:&quot;Mon actu&quot;,&quot;type&quot;:&quot;cta&quot;}}\" target=\"_blank\">Mon Actu<\/a>.<\/p>\n","protected":false},"excerpt":{"rendered":"Par Farah Sadallah Publi\u00e9 le 4 sept. 2026 \u00e0 12h17 \u00c7a va durer pr\u00e8s d\u2019une semaine. \u00c0 hauteur&hellip;\n","protected":false},"author":2,"featured_media":1166823,"comment_status":"","ping_status":"","sticky":false,"template":"","format":"standard","meta":{"footnotes":"","_share_on_mastodon":"0"},"categories":[2818],"tags":[1111,11,1777,674,1011,27,766,12,2636,4013,25,104,2086],"class_list":["post-1166822","post","type-post","status-publish","format-standard","has-post-thumbnail","category-nantes","tag-actu","tag-actualites","tag-eu","tag-europe","tag-fr","tag-france","tag-nantes","tag-news","tag-pays-de-la-loire","tag-peripherique","tag-republique-francaise","tag-societe","tag-travaux"],"share_on_mastodon":{"url":"https:\/\/pubeurope.com\/@fr\/117212688105459068","error":""},"_links":{"self":[{"href":"https:\/\/www.europesays.com\/fr\/wp-json\/wp\/v2\/posts\/1166822","targetHints":{"allow":["GET"]}}],"collection":[{"href":"https:\/\/www.europesays.com\/fr\/wp-json\/wp\/v2\/posts"}],"about":[{"href":"https:\/\/www.europesays.com\/fr\/wp-json\/wp\/v2\/types\/post"}],"author":[{"embeddable":true,"href":"https:\/\/www.europesays.com\/fr\/wp-json\/wp\/v2\/users\/2"}],"replies":[{"embeddable":true,"href":"https:\/\/www.europesays.com\/fr\/wp-json\/wp\/v2\/comments?post=1166822"}],"version-history":[{"count":0,"href":"https:\/\/www.europesays.com\/fr\/wp-json\/wp\/v2\/posts\/1166822\/revisions"}],"wp:featuredmedia":[{"embeddable":true,"href":"https:\/\/www.europesays.com\/fr\/wp-json\/wp\/v2\/media\/1166823"}],"wp:attachment":[{"href":"https:\/\/www.europesays.com\/fr\/wp-json\/wp\/v2\/media?parent=1166822"}],"wp:term":[{"taxonomy":"category","embeddable":true,"href":"https:\/\/www.europesays.com\/fr\/wp-json\/wp\/v2\/categories?post=1166822"},{"taxonomy":"post_tag","embeddable":true,"href":"https:\/\/www.europesays.com\/fr\/wp-json\/wp\/v2\/tags?post=1166822"}],"curies":[{"name":"wp","href":"https:\/\/api.w.org\/{rel}","templated":true}]}}