{"id":1166828,"date":"2026-09-04T12:10:21","date_gmt":"2026-09-04T12:10:21","guid":{"rendered":"https:\/\/www.europesays.com\/fr\/1166828\/"},"modified":"2026-09-04T12:10:21","modified_gmt":"2026-09-04T12:10:21","slug":"video-incendie-a-bordeaux-un-supermarche-lidl-est-en-proie-aux-flammes-une-trentaine-de-pompiers-deployes","status":"publish","type":"post","link":"https:\/\/www.europesays.com\/fr\/1166828\/","title":{"rendered":"Vid\u00e9o. Incendie \u00e0 Bordeaux : un supermarch\u00e9 Lidl est en proie aux flammes, une trentaine de pompiers d\u00e9ploy\u00e9s"},"content":{"rendered":"<p>                    Par<br \/>\n        <strong><br \/>\n            <a href=\"https:\/\/actu.fr\/auteur\/sports33\" title=\"Consulter tous les articles de Nicolas Gosselin\" rel=\"nofollow noopener\" target=\"_blank\">Nicolas Gosselin<\/a><br \/>\n                    <\/strong><\/p>\n<p>        Publi\u00e9 le<\/p>\n<p>            4 sept. 2026 \u00e0 13h23<br \/>\n        ; mis \u00e0 jour le 4 sept. 2026 \u00e0 13h27    <\/p>\n<p>Le <strong>panach\u00e9 de fum\u00e9e noire<\/strong> est visible \u00e0 des kilom\u00e8tres \u00e0 la ronde dans l\u2019<a href=\"https:\/\/actu.fr\/tag\/bordeaux-metropole\" rel=\"nofollow noopener\" target=\"_blank\">agglom\u00e9ration de Bordeaux<\/a>. Vendredi 4 septembre 2026, les pompiers ont \u00e9t\u00e9 appel\u00e9s \u00e0 12h17 pour un <a href=\"https:\/\/actu.fr\/tag\/incendie\" rel=\"nofollow noopener\" target=\"_blank\">incendie<\/a> au niveau du <a href=\"https:\/\/actu.fr\/tag\/lidl\" rel=\"nofollow noopener\" target=\"_blank\">magasin Lidl<\/a> du <strong>quartier de la Benauge \u00e0 Bordeaux<\/strong>.<\/p>\n<p class=\" wall-content\">Une trentaine de soldats du feu ont \u00e9t\u00e9 envoy\u00e9s sur place, au 28 rue Alexander Fleming, pour lutter contre les flammes, qui se sont propag\u00e9es uniquement au niveau de la toiture. Le supermarch\u00e9 est pass\u00e9 sous enseigne Lidl, il y a moins d\u2019un an, suite <a href=\"https:\/\/actu.fr\/nouvelle-aquitaine\/bordeaux_33063\/c-est-officiel-ces-trois-supermarches-auchan-de-la-metropole-de-bordeaux-vont-devenir-des-lidl_63196610.html\" rel=\"nofollow noopener\" target=\"_blank\">au rachat par l\u2019enseigne discount allemande de 19 supermarch\u00e9s Auchan<\/a>, dont celui-ci.<\/p>\n<p>Une pharmacie \u00e9vacu\u00e9e<\/p>\n<p class=\" wall-content\">Le b\u00e2timent \u00e9tait actuellement en r\u00e9novation donc il n\u2019y avait<strong> aucun client \u00e0 l\u2019int\u00e9rieur<\/strong>. Le sinistre n\u2019a donc <strong>pas fait de victime<\/strong>. En revanche, une <strong>pharmacie<\/strong> situ\u00e9e \u00e0 proximit\u00e9 a \u00e9t\u00e9 \u00e9vacu\u00e9e par pr\u00e9caution. Les flammes, elles, ont impact\u00e9 150 m2 de toit sur les 600 m2\u00a0mais ont rapidement \u00e9t\u00e9 ma\u00eetris\u00e9es par les pompiers.<\/p>\n<p class=\" wall-content\">Personnalisez votre actualit\u00e9 en ajoutant vos villes et m\u00e9dias en favori avec <a href=\"https:\/\/moncompte.actu.fr\" title=\"D\u00e9couvez Mon Actu\" rel=\"nofollow noopener\" data-trk=\"{&quot;cta&quot;:{&quot;action&quot;:&quot;https:\\\/\\\/moncompte.actu.fr&quot;,&quot;category&quot;:&quot;mon compte&quot;,&quot;from&quot;:&quot;article footer&quot;,&quot;name&quot;:&quot;Mon actu&quot;,&quot;type&quot;:&quot;cta&quot;}}\" target=\"_blank\">Mon Actu<\/a>.<\/p>\n","protected":false},"excerpt":{"rendered":"Par Nicolas Gosselin Publi\u00e9 le 4 sept. 2026 \u00e0 13h23 ; mis \u00e0 jour le 4 sept. 2026&hellip;\n","protected":false},"author":2,"featured_media":1166829,"comment_status":"","ping_status":"","sticky":false,"template":"","format":"standard","meta":{"footnotes":"","_share_on_mastodon":"0"},"categories":[2817],"tags":[1111,11,1997,1777,674,118,1011,27,1310,18542,12,2219,25],"class_list":["post-1166828","post","type-post","status-publish","format-standard","has-post-thumbnail","category-bordeaux","tag-actu","tag-actualites","tag-bordeaux","tag-eu","tag-europe","tag-faits-divers","tag-fr","tag-france","tag-incendie","tag-lidl","tag-news","tag-nouvelle-aquitaine","tag-republique-francaise"],"share_on_mastodon":{"url":"https:\/\/pubeurope.com\/@fr\/117212704142150623","error":""},"_links":{"self":[{"href":"https:\/\/www.europesays.com\/fr\/wp-json\/wp\/v2\/posts\/1166828","targetHints":{"allow":["GET"]}}],"collection":[{"href":"https:\/\/www.europesays.com\/fr\/wp-json\/wp\/v2\/posts"}],"about":[{"href":"https:\/\/www.europesays.com\/fr\/wp-json\/wp\/v2\/types\/post"}],"author":[{"embeddable":true,"href":"https:\/\/www.europesays.com\/fr\/wp-json\/wp\/v2\/users\/2"}],"replies":[{"embeddable":true,"href":"https:\/\/www.europesays.com\/fr\/wp-json\/wp\/v2\/comments?post=1166828"}],"version-history":[{"count":0,"href":"https:\/\/www.europesays.com\/fr\/wp-json\/wp\/v2\/posts\/1166828\/revisions"}],"wp:featuredmedia":[{"embeddable":true,"href":"https:\/\/www.europesays.com\/fr\/wp-json\/wp\/v2\/media\/1166829"}],"wp:attachment":[{"href":"https:\/\/www.europesays.com\/fr\/wp-json\/wp\/v2\/media?parent=1166828"}],"wp:term":[{"taxonomy":"category","embeddable":true,"href":"https:\/\/www.europesays.com\/fr\/wp-json\/wp\/v2\/categories?post=1166828"},{"taxonomy":"post_tag","embeddable":true,"href":"https:\/\/www.europesays.com\/fr\/wp-json\/wp\/v2\/tags?post=1166828"}],"curies":[{"name":"wp","href":"https:\/\/api.w.org\/{rel}","templated":true}]}}