{"id":1166838,"date":"2026-09-04T12:16:16","date_gmt":"2026-09-04T12:16:16","guid":{"rendered":"https:\/\/www.europesays.com\/fr\/1166838\/"},"modified":"2026-09-04T12:16:16","modified_gmt":"2026-09-04T12:16:16","slug":"futur-data-center-dans-lex-sucriere-saint-louis-des-habitants-divises-sur-le-projet-a-marseille","status":"publish","type":"post","link":"https:\/\/www.europesays.com\/fr\/1166838\/","title":{"rendered":"Futur data center dans l\u2019ex-sucri\u00e8re Saint-Louis\u00a0: des habitants divis\u00e9s sur le projet \u00e0 Marseille"},"content":{"rendered":"<p>C\u2019est un projet qui fait parler. En ce jeudi 3\u00a0septembre 2026, il est 18\u00a0heures au centre municipal Denis Papin (15e). La premi\u00e8re r\u00e9union publique sur le projet de reconversion de la friche industrielle de <a href=\"https:\/\/www.laprovence.com\/article\/region\/4117829631759115\/a-marseille-lusine-saint-louis-un-terrain-de-jeux-pour-olivier-marchal-ridley-scott-ou-sch\" target=\"_self\" rel=\"nofollow noopener\">l\u2019ancienne sucri\u00e8re Saint-Louis de Marseille<\/a> en data center, port\u00e9 par le groupe am\u00e9ricano-su\u00e9dois Edged Energy, d\u00e9bute. Organis\u00e9e par le commissaire enqu\u00eateur Jacques Daligaux, cette r\u00e9union est impos\u00e9e par la loi relative \u00e0 l\u2019industrie verte \u00ab\u00a0dans un d\u00e9lai de quinze jours \u00e0 compter du d\u00e9but de la consultation\u00a0\u00bb.<\/p>\n<p>\u00ab\u00a0Pour une fois que quelqu\u2019un s\u2019int\u00e9resse \u00e0 nous\u00a0!\u00a0\u00bb<\/p>\n<p>\u00ab\u00a0Les plus concern\u00e9s, c\u2019est nous\u00a0!\u00a0\u00bb, s\u2019exclame l\u2019un des habitants pr\u00e9sents autour de ce projet, avec une capacit\u00e9 de 20 m\u00e9gawatts, qui devrait voir le jour au bout d\u2019un investissement de 300\u00a0millions d\u2019euros. Si cette affirmation semble valid\u00e9e par une majorit\u00e9 de la salle, les avis restent n\u00e9anmoins divis\u00e9s sur le projet. Pour certains, c\u2019est \u00ab\u00a0l\u2019opportunit\u00e9 de montrer de quoi on est capable\u00a0\u00bb dans un contexte o\u00f9 \u00ab\u00a0personne ne veut investir\u00a0\u00bb dans les quartiers Nord. Comme un nouvel \u00e9lan ou un vent d\u2019optimiste sur une zone o\u00f9 \u00ab\u00a0il n\u2019y a pas d\u2019\u00e9cole, il n\u2019y a rien en fait, que des constructions.\u00a0\u00bb Une m\u00e8re de famille approuve\u00a0: &#8230;<\/p>\n","protected":false},"excerpt":{"rendered":"C\u2019est un projet qui fait parler. En ce jeudi 3\u00a0septembre 2026, il est 18\u00a0heures au centre municipal Denis&hellip;\n","protected":false},"author":2,"featured_media":1166839,"comment_status":"","ping_status":"","sticky":false,"template":"","format":"standard","meta":{"footnotes":"","_share_on_mastodon":"0"},"categories":[2814],"tags":[5734,1111,11,5810,1446,12163,154,33,1777,674,1011,27,5852,120413,884,12,882,25,13969],"class_list":["post-1166838","post","type-post","status-publish","format-standard","has-post-thumbnail","category-marseille","tag-5734","tag-actu","tag-actualites","tag-center","tag-dans","tag-data","tag-des","tag-economie","tag-eu","tag-europe","tag-fr","tag-france","tag-futur","tag-lex-sucriere","tag-marseille","tag-news","tag-provence-alpes-cote-dazur","tag-republique-francaise","tag-saint-louis"],"share_on_mastodon":{"url":"https:\/\/pubeurope.com\/@fr\/117212727532916420","error":""},"_links":{"self":[{"href":"https:\/\/www.europesays.com\/fr\/wp-json\/wp\/v2\/posts\/1166838","targetHints":{"allow":["GET"]}}],"collection":[{"href":"https:\/\/www.europesays.com\/fr\/wp-json\/wp\/v2\/posts"}],"about":[{"href":"https:\/\/www.europesays.com\/fr\/wp-json\/wp\/v2\/types\/post"}],"author":[{"embeddable":true,"href":"https:\/\/www.europesays.com\/fr\/wp-json\/wp\/v2\/users\/2"}],"replies":[{"embeddable":true,"href":"https:\/\/www.europesays.com\/fr\/wp-json\/wp\/v2\/comments?post=1166838"}],"version-history":[{"count":0,"href":"https:\/\/www.europesays.com\/fr\/wp-json\/wp\/v2\/posts\/1166838\/revisions"}],"wp:featuredmedia":[{"embeddable":true,"href":"https:\/\/www.europesays.com\/fr\/wp-json\/wp\/v2\/media\/1166839"}],"wp:attachment":[{"href":"https:\/\/www.europesays.com\/fr\/wp-json\/wp\/v2\/media?parent=1166838"}],"wp:term":[{"taxonomy":"category","embeddable":true,"href":"https:\/\/www.europesays.com\/fr\/wp-json\/wp\/v2\/categories?post=1166838"},{"taxonomy":"post_tag","embeddable":true,"href":"https:\/\/www.europesays.com\/fr\/wp-json\/wp\/v2\/tags?post=1166838"}],"curies":[{"name":"wp","href":"https:\/\/api.w.org\/{rel}","templated":true}]}}