{"id":1166840,"date":"2026-09-04T12:17:13","date_gmt":"2026-09-04T12:17:13","guid":{"rendered":"https:\/\/www.europesays.com\/fr\/1166840\/"},"modified":"2026-09-04T12:17:13","modified_gmt":"2026-09-04T12:17:13","slug":"alonzo-marseille-est-une-equipe-moyen-plus","status":"publish","type":"post","link":"https:\/\/www.europesays.com\/fr\/1166840\/","title":{"rendered":"Alonzo : \u00ab Marseille est une \u00e9quipe moyen plus \u00bb"},"content":{"rendered":"<p><strong><\/p>\n<p>J\u00e9r\u00f4me Alonzo reste partag\u00e9 sur les perspectives de l\u2019OM apr\u00e8s un mercato sans recrue. L\u2019ancien gardien juge l\u2019effectif tr\u00e8s court, notamment derri\u00e8re, mais estime que Bruno Genesio dispose encore de suffisamment de qualit\u00e9 pour viser les places europ\u00e9ennes.<\/p>\n<p><\/strong>  <\/p>\n<p class=\"wp-block-paragraph\">Dans La Provence, <a href=\"https:\/\/www.footmarseille.com\/150818-alonzo-rend-un-hommage-bouleversant-a-roy\" rel=\"nofollow noopener\" target=\"_blank\">J\u00e9r\u00f4me Alonzo<\/a> s\u2019\u00e9tonne d\u2019abord de l\u2019\u00e9t\u00e9 marseillais. \u00ab Un mercato sans aucune recrue, m\u00eame pas un pr\u00eat ou un gamin qui ne joue pas \u00e0 l\u2019Inter, au Bayern ou \u00e0 Chelsea, pour un club de la stature de l\u2019OM, <strong>c\u2019est du jamais vu<\/strong> \u00bb, a-t-il confi\u00e9.<\/p>\n<p class=\"wp-block-paragraph\">L\u2019ancien Olympien mise toutefois beaucoup sur Bruno Genesio\u00a0: \u00ab Il fait du bien, il a calm\u00e9 les ardeurs tout de suite. Le fait que Bruno garde le cap, soit quelqu\u2019un de pond\u00e9r\u00e9\u2026 C\u2019est <strong>un entra\u00eeneur de tr\u00e8s, tr\u00e8s grande qualit\u00e9<\/strong>. \u00bb Malgr\u00e9 le contexte, Alonzo croit en sa capacit\u00e9 \u00e0 r\u00e9ussir : \u00ab Je lui souhaite bonne chance, parce que la mission, elle est belle en fait. Elle est un peu kamikaze, mais elle est belle. \u00bb<\/p>\n<p><strong>\u00ab<\/strong> Soit tu fais 13e, soit tu te bats pour le podium <strong>\u00bb<\/strong><\/p>\n<p class=\"wp-block-paragraph\">Alonzo reste prudent sur la valeur du groupe\u00a0: \u00ab Tu as des bons joueurs dans cette \u00e9quipe, m\u00eame si je pense que derri\u00e8re, \u00e7a va \u00eatre compliqu\u00e9. Sur le papier, Marseille est<strong> une \u00e9quipe moyen plus<\/strong>. \u00bb Il ajoute : \u00ab Je n\u2019exclus pas l\u2019OM des places 4-5-6, peut-\u00eatre m\u00eame le podium, ce qui vu le contexte serait une sacr\u00e9e bonne saison. \u00bb<\/p>\n<p class=\"wp-block-paragraph\">Pour lui, les premi\u00e8res semaines pourraient peser tr\u00e8s lourd : \u00ab C\u2019est souvent <strong>quitte ou double<\/strong>. \u00c0 mon avis, c\u2019est soit tu fais 13e, soit tu te bats pour le podium. \u00bb Alonzo estime que \u00ab le sprint du d\u00e9but \u00bb pourrait cette fois d\u00e9terminer toute la suite de la saison.<\/p>\n<p class=\"wp-block-paragraph\">L\u2019OM pointe pour l\u2019instant \u00e0 la 8e place de Ligue 1, avec une victoire et une d\u00e9faite en deux matchs. La rencontre face au Paris FC, programm\u00e9e dimanche, en dira davantage sur le potentiel de cette \u00e9quipe.\u00a0<\/p>\n","protected":false},"excerpt":{"rendered":"J\u00e9r\u00f4me Alonzo reste partag\u00e9 sur les perspectives de l\u2019OM apr\u00e8s un mercato sans recrue. L\u2019ancien gardien juge l\u2019effectif&hellip;\n","protected":false},"author":2,"featured_media":1166841,"comment_status":"","ping_status":"","sticky":false,"template":"","format":"standard","meta":{"footnotes":"","_share_on_mastodon":"0"},"categories":[2814],"tags":[1111,11,1777,674,1011,27,884,12,882,25],"class_list":["post-1166840","post","type-post","status-publish","format-standard","has-post-thumbnail","category-marseille","tag-actu","tag-actualites","tag-eu","tag-europe","tag-fr","tag-france","tag-marseille","tag-news","tag-provence-alpes-cote-dazur","tag-republique-francaise"],"share_on_mastodon":{"url":"https:\/\/pubeurope.com\/@fr\/117212731710234114","error":""},"_links":{"self":[{"href":"https:\/\/www.europesays.com\/fr\/wp-json\/wp\/v2\/posts\/1166840","targetHints":{"allow":["GET"]}}],"collection":[{"href":"https:\/\/www.europesays.com\/fr\/wp-json\/wp\/v2\/posts"}],"about":[{"href":"https:\/\/www.europesays.com\/fr\/wp-json\/wp\/v2\/types\/post"}],"author":[{"embeddable":true,"href":"https:\/\/www.europesays.com\/fr\/wp-json\/wp\/v2\/users\/2"}],"replies":[{"embeddable":true,"href":"https:\/\/www.europesays.com\/fr\/wp-json\/wp\/v2\/comments?post=1166840"}],"version-history":[{"count":0,"href":"https:\/\/www.europesays.com\/fr\/wp-json\/wp\/v2\/posts\/1166840\/revisions"}],"wp:featuredmedia":[{"embeddable":true,"href":"https:\/\/www.europesays.com\/fr\/wp-json\/wp\/v2\/media\/1166841"}],"wp:attachment":[{"href":"https:\/\/www.europesays.com\/fr\/wp-json\/wp\/v2\/media?parent=1166840"}],"wp:term":[{"taxonomy":"category","embeddable":true,"href":"https:\/\/www.europesays.com\/fr\/wp-json\/wp\/v2\/categories?post=1166840"},{"taxonomy":"post_tag","embeddable":true,"href":"https:\/\/www.europesays.com\/fr\/wp-json\/wp\/v2\/tags?post=1166840"}],"curies":[{"name":"wp","href":"https:\/\/api.w.org\/{rel}","templated":true}]}}