{"id":1166846,"date":"2026-09-04T12:20:29","date_gmt":"2026-09-04T12:20:29","guid":{"rendered":"https:\/\/www.europesays.com\/fr\/1166846\/"},"modified":"2026-09-04T12:20:29","modified_gmt":"2026-09-04T12:20:29","slug":"retour-de-la-vague-de-chaleur-a-paris-et-ile-de-france-la-meteo-va-radicalement-changer-la-semaine-prochaine","status":"publish","type":"post","link":"https:\/\/www.europesays.com\/fr\/1166846\/","title":{"rendered":"Retour de la vague de chaleur \u00e0 Paris et \u00cele-de-France : la m\u00e9t\u00e9o va radicalement changer la semaine prochaine"},"content":{"rendered":"<p>                    Par<br \/>\n        <strong><br \/>\n            <a href=\"https:\/\/actu.fr\/auteur\/arthur-guillamo\" title=\"Consulter tous les articles de Arthur Guillamo\" rel=\"nofollow noopener\" target=\"_blank\">Arthur Guillamo<\/a><br \/>\n                    <\/strong><\/p>\n<p>        Publi\u00e9 le<\/p>\n<p>            4 sept. 2026 \u00e0 12h22        <\/p>\n<p>Apr\u00e8s un <a href=\"https:\/\/actu.fr\/ile-de-france\/paris_75056\/canicule-a-paris-un-usager-saisit-la-justice-pour-contraindre-la-ratp-a-climatiser-tout-son-reseau_64708486.html\" rel=\"nofollow noopener\" target=\"_blank\">\u00e9t\u00e9 caniculaire<\/a>, le temps s\u2019appr\u00eate \u00e0 changer radicalement \u00e0 Paris et dans l\u2019ensemble de l\u2019\u00cele-de-France. Si <a href=\"https:\/\/actu.fr\/meteo\/crainte-d-une-nouvelle-canicule-en-france-a-quoi-faut-il-s-attendre-a-paris-et-en-ile-de-france_64722965.html\" rel=\"nofollow noopener\" target=\"_blank\">le week-end va conserver des airs d\u2019\u00e9t\u00e9<\/a> avec des maximales atteignant encore la barre des 30 \u00b0C, la transition d\u00e9butera d\u00e8s le lundi 7 septembre 2026 avec l\u2019arriv\u00e9e d\u2019un ciel de plus en plus charg\u00e9. \u00c0 partir du mardi, la pluie arrivera dans la r\u00e9gion, accompagn\u00e9e d\u2019un vent venu du nord-ouest de la France, marquant la fin de cette longue p\u00e9riode de chaleurs estivales.<\/p>\n<p>Jusqu\u2019\u00e0 10 degr\u00e9s en moins<\/p>\n<p class=\" wall-content\">C\u00f4t\u00e9 temp\u00e9ratures, le thermom\u00e8tre va chuter brutalement d\u00e8s le mardi 8\u00a0septembre, avec des temp\u00e9ratures qui ne d\u00e9passeront plus les 18 \u00e0 22\u00a0\u00b0C au plus chaud de la journ\u00e9e \u00e0 Paris et dans la petite couronne, selon M\u00e9t\u00e9o France.<\/p>\n<p>    <a href=\"https:\/\/www.facebook.com\/plugins\/post.php?href=https%3A%2F%2Fwww.facebook.com%2Flameilleureinfometeo%2Fposts%2Fpfbid02f6GzSzXFSLYMgUssiNHu1T5ky4AFDYGs1Dbofpnerxivxj9UYrHfCZJQ6URXNHPRl&amp;show_text=true&amp;width=350\" title=\"Ouvrie le lien\" rel=\"nofollow noopener\" target=\"_blank\">Cliquez ici pour visualiser le contenu<\/a><\/p>\n<p class=\" wall-content\">Les matin\u00e9es seront \u00e9galement bien plus fra\u00eeches, ne d\u00e9passant pas 10 \u00e0 14 degr\u00e9s dans l\u2019agglom\u00e9ration parisienne.<\/p>\n<p class=\" wall-content\">Mais d\u2019apr\u00e8s La Cha\u00eene M\u00e9t\u00e9o, cette fra\u00eecheur sera de courte dur\u00e9e. \u00c0 partir de la semaine du 14 septembre, la station pr\u00e9voit une tr\u00e8s belle arri\u00e8re-saison avec le <a href=\"https:\/\/actu.fr\/tag\/vague-de-chaleur\" rel=\"nofollow noopener\" target=\"_blank\">retour d\u2019un temps sec et chaud<\/a> en r\u00e9gion parisienne, jusqu\u2019\u00e0 la fin du mois de septembre.<\/p>\n<p class=\" wall-content\">Personnalisez votre actualit\u00e9 en ajoutant vos villes et m\u00e9dias en favori avec <a href=\"https:\/\/moncompte.actu.fr\" title=\"D\u00e9couvez Mon Actu\" rel=\"nofollow noopener\" data-trk=\"{&quot;cta&quot;:{&quot;action&quot;:&quot;https:\\\/\\\/moncompte.actu.fr&quot;,&quot;category&quot;:&quot;mon compte&quot;,&quot;from&quot;:&quot;article footer&quot;,&quot;name&quot;:&quot;Mon actu&quot;,&quot;type&quot;:&quot;cta&quot;}}\" target=\"_blank\">Mon Actu<\/a>.<\/p>\n","protected":false},"excerpt":{"rendered":"Par Arthur Guillamo Publi\u00e9 le 4 sept. 2026 \u00e0 12h22 Apr\u00e8s un \u00e9t\u00e9 caniculaire, le temps s\u2019appr\u00eate \u00e0&hellip;\n","protected":false},"author":2,"featured_media":1166847,"comment_status":"","ping_status":"","sticky":false,"template":"","format":"standard","meta":{"footnotes":"","_share_on_mastodon":"0"},"categories":[1592],"tags":[1111,11,6698,1777,674,1011,27,662,2487,2357,12,626,4459,25],"class_list":["post-1166846","post","type-post","status-publish","format-standard","has-post-thumbnail","category-ile-de-france","tag-actu","tag-actualites","tag-canicule","tag-eu","tag-europe","tag-fr","tag-france","tag-ile-de-france","tag-meteo","tag-meteo-france","tag-news","tag-paris","tag-pluie","tag-republique-francaise"],"share_on_mastodon":{"url":"https:\/\/pubeurope.com\/@fr\/117212743105206104","error":""},"_links":{"self":[{"href":"https:\/\/www.europesays.com\/fr\/wp-json\/wp\/v2\/posts\/1166846","targetHints":{"allow":["GET"]}}],"collection":[{"href":"https:\/\/www.europesays.com\/fr\/wp-json\/wp\/v2\/posts"}],"about":[{"href":"https:\/\/www.europesays.com\/fr\/wp-json\/wp\/v2\/types\/post"}],"author":[{"embeddable":true,"href":"https:\/\/www.europesays.com\/fr\/wp-json\/wp\/v2\/users\/2"}],"replies":[{"embeddable":true,"href":"https:\/\/www.europesays.com\/fr\/wp-json\/wp\/v2\/comments?post=1166846"}],"version-history":[{"count":0,"href":"https:\/\/www.europesays.com\/fr\/wp-json\/wp\/v2\/posts\/1166846\/revisions"}],"wp:featuredmedia":[{"embeddable":true,"href":"https:\/\/www.europesays.com\/fr\/wp-json\/wp\/v2\/media\/1166847"}],"wp:attachment":[{"href":"https:\/\/www.europesays.com\/fr\/wp-json\/wp\/v2\/media?parent=1166846"}],"wp:term":[{"taxonomy":"category","embeddable":true,"href":"https:\/\/www.europesays.com\/fr\/wp-json\/wp\/v2\/categories?post=1166846"},{"taxonomy":"post_tag","embeddable":true,"href":"https:\/\/www.europesays.com\/fr\/wp-json\/wp\/v2\/tags?post=1166846"}],"curies":[{"name":"wp","href":"https:\/\/api.w.org\/{rel}","templated":true}]}}