{"id":1166852,"date":"2026-09-04T12:25:22","date_gmt":"2026-09-04T12:25:22","guid":{"rendered":"https:\/\/www.europesays.com\/fr\/1166852\/"},"modified":"2026-09-04T12:25:22","modified_gmt":"2026-09-04T12:25:22","slug":"gratuite-de-la-cantine-la-mairie-de-paris-suspend-les-penalites-appliquees-en-cas-dabsence-injustifiee-2","status":"publish","type":"post","link":"https:\/\/www.europesays.com\/fr\/1166852\/","title":{"rendered":"Gratuit\u00e9 de la cantine\u00a0: La mairie de Paris suspend les p\u00e9nalit\u00e9s appliqu\u00e9es en cas d\u2019absence injustifi\u00e9e"},"content":{"rendered":"<p>C\u2019est une mesure qui devrait soulager les familles dont les enfants mangent dans les <a href=\"https:\/\/www.20minutes.fr\/paris\/\" class=\"c-link c-link--is-underlined\" rel=\"nofollow noopener\" target=\"_blank\">cantines parisiennes<\/a>. Ce jeudi, 20 Minutes vous faisait part de l&rsquo;alerte \u00e9mise par Sabrina Nouri, \u00e9lue Nouveau Paris Populaire du 11e\u00a0arrondissement, au sujet de <a href=\"https:\/\/www.20minutes.fr\/paris\/4242554-20260903-cinq-euros-absence-gratuite-cantine-denoncee-elue-parisienne\" class=\"c-link c-link--is-underlined\" rel=\"nofollow noopener\" target=\"_blank\">majorations appliqu\u00e9es aux familles en cas d\u2019absences injustifi\u00e9es<\/a> ou de pr\u00e9sence exceptionnelles non d\u00e9clar\u00e9es des enfants \u00e0 la <a href=\"https:\/\/www.20minutes.fr\/dossier\/cantine\" class=\"c-link c-link--is-underlined\" rel=\"nofollow noopener\" target=\"_blank\">cantine<\/a>.<\/p>\n<p>\u00c0 la suite de notre article, la <a href=\"https:\/\/www.20minutes.fr\/dossier\/mairie_de_paris\" class=\"c-link c-link--is-underlined\" rel=\"nofollow noopener\" target=\"_blank\">mairie de Paris<\/a>, contact\u00e9e par 20 Minutes, annonce la suspension temporaire de cette mesure. \u00ab\u00a0La Ville de Paris est \u00e0 l\u2019\u00e9coute des collectifs de parents et souhaite construire ses politiques en lien \u00e9troit avec eux. C\u2019est pourquoi elle a pris la d\u00e9cision de suspendre les modalit\u00e9s pr\u00e9vues pour les absences non justifi\u00e9es et les pr\u00e9sences non pr\u00e9vues afin d\u2019engager un temps de dialogue et de concertation avec ces collectifs sur le sujet\u00a0\u00bb, nous a-t-elle indiqu\u00e9.<\/p>\n<p>Une p\u00e9nalit\u00e9 justifi\u00e9e par la lutte contre le gaspillage alimentaire<\/p>\n<p>En juin dernier, <a href=\"https:\/\/www.20minutes.fr\/politique\/emmanuel-gregoire\/\" class=\"c-link c-link--is-underlined\" rel=\"nofollow noopener\" target=\"_blank\">Emmanuel Gr\u00e9goire<\/a> avait annonc\u00e9 <a href=\"https:\/\/www.20minutes.fr\/paris\/4227361-20260605-paris-gregoire-annonce-cantine-gratuite-17-000-enfants-rentree-gel-tarifs-tous-autres\" class=\"c-link c-link--is-underlined\" rel=\"nofollow noopener\" target=\"_blank\">la gratuit\u00e9 de la cantine pour 17.000 enfants issus de familles modestes<\/a> et dont le quotient familial les pla\u00e7ait dans les deux premi\u00e8res tranches tarifaires. Une promesse de campagne mise en place d\u00e8s ce mardi, jour de la rentr\u00e9e scolaire 2026.<\/p>\n<\/p>\n<p>Mais Sabrina Nouri s\u2019est indign\u00e9e dans la foul\u00e9e de l\u2019application de majorations impos\u00e9es aux familles en cas d\u2019absences injustifi\u00e9es ou de pr\u00e9sences exceptionnelles non d\u00e9clar\u00e9es. Ces majorations s\u2019\u00e9levaient \u00e0 cinq euros pour les deux premi\u00e8res tranches qui b\u00e9n\u00e9ficient de la gratuit\u00e9 et jusqu\u2019\u00e0 12 euros pour les tranches les plus ais\u00e9es. Une p\u00e9nalit\u00e9 \u00ab\u00a0injuste\u00a0\u00bb selon l\u2019\u00e9lue et en contradiction avec une annonce de gratuit\u00e9.<\/p>\n<p>Une majoration suspendue le temps de rediscuter du dispositif<\/p>\n<p>Dans sa communication de ce jour, la Ville de Paris, \u00ab\u00a0attach\u00e9e \u00e0 offrir une alimentation de qualit\u00e9 et accessible \u00e0 tous les \u00e9l\u00e8ves parisiens\u00a0\u00bb explique avoir souhait\u00e9 \u00ab\u00a0mettre en place des modalit\u00e9s de fonctionnement assurant le bon encadrement des enfants et limitant le gaspillage alimentaire, \u00e0 travers une nouvelle tarification sp\u00e9cifique en cas d\u2019absences non justifi\u00e9es ou de pr\u00e9sences non pr\u00e9vues des enfants \u00e0 la cantine\u00a0\u00bb. Toutefois, elle assure n\u2019avoir \u00ab\u00a0jamais entendu p\u00e9naliser les familles, notamment les plus modestes\u00a0\u00bb.<\/p>\n<p><a href=\"https:\/\/www.20minutes.fr\/paris\/\" class=\"c-link c-btn c-btn--primary\" rel=\"nofollow noopener\" target=\"_blank\">Retrouvez ici toute l&rsquo;actualit\u00e9 de Paris et d&rsquo;\u00cele-de-France<\/a><\/p>\n<p>Ainsi, elle d\u00e9clare avoir \u00ab\u00a0pris connaissance des alertes exprim\u00e9es par des associations et repr\u00e9sentants de parents d\u2019\u00e9l\u00e8ves concernant ces modalit\u00e9s de fonctionnement\u00a0\u00bb. \u00ab\u00a0Cette d\u00e9marche doit nous permettre de r\u00e9fl\u00e9chir collectivement \u00e0 un dispositif qui garantisse le respect des principes qui guident l\u2019action de la Ville de Paris, en particulier l\u2019attachement \u00e0 l\u2019\u00e9quit\u00e9 sociale\u00a0\u00bb, conclut-elle.<\/p>\n","protected":false},"excerpt":{"rendered":"C\u2019est une mesure qui devrait soulager les familles dont les enfants mangent dans les cantines parisiennes. Ce jeudi,&hellip;\n","protected":false},"author":2,"featured_media":1166853,"comment_status":"","ping_status":"","sticky":false,"template":"","format":"standard","meta":{"footnotes":"","_share_on_mastodon":"0"},"categories":[1888],"tags":[11,20695,1122,8186,1777,674,1011,27,326,662,2381,12,626,1306,25],"class_list":["post-1166852","post","type-post","status-publish","format-standard","has-post-thumbnail","category-paris","tag-actualites","tag-cantine","tag-ecole","tag-emmanuel-gregoire","tag-eu","tag-europe","tag-fr","tag-france","tag-gratuit","tag-ile-de-france","tag-mairie-de-paris","tag-news","tag-paris","tag-regions","tag-republique-francaise"],"share_on_mastodon":{"url":"https:\/\/pubeurope.com\/@fr\/117212763102479776","error":""},"_links":{"self":[{"href":"https:\/\/www.europesays.com\/fr\/wp-json\/wp\/v2\/posts\/1166852","targetHints":{"allow":["GET"]}}],"collection":[{"href":"https:\/\/www.europesays.com\/fr\/wp-json\/wp\/v2\/posts"}],"about":[{"href":"https:\/\/www.europesays.com\/fr\/wp-json\/wp\/v2\/types\/post"}],"author":[{"embeddable":true,"href":"https:\/\/www.europesays.com\/fr\/wp-json\/wp\/v2\/users\/2"}],"replies":[{"embeddable":true,"href":"https:\/\/www.europesays.com\/fr\/wp-json\/wp\/v2\/comments?post=1166852"}],"version-history":[{"count":0,"href":"https:\/\/www.europesays.com\/fr\/wp-json\/wp\/v2\/posts\/1166852\/revisions"}],"wp:featuredmedia":[{"embeddable":true,"href":"https:\/\/www.europesays.com\/fr\/wp-json\/wp\/v2\/media\/1166853"}],"wp:attachment":[{"href":"https:\/\/www.europesays.com\/fr\/wp-json\/wp\/v2\/media?parent=1166852"}],"wp:term":[{"taxonomy":"category","embeddable":true,"href":"https:\/\/www.europesays.com\/fr\/wp-json\/wp\/v2\/categories?post=1166852"},{"taxonomy":"post_tag","embeddable":true,"href":"https:\/\/www.europesays.com\/fr\/wp-json\/wp\/v2\/tags?post=1166852"}],"curies":[{"name":"wp","href":"https:\/\/api.w.org\/{rel}","templated":true}]}}