{"id":1166858,"date":"2026-09-04T12:28:21","date_gmt":"2026-09-04T12:28:21","guid":{"rendered":"https:\/\/www.europesays.com\/fr\/1166858\/"},"modified":"2026-09-04T12:28:21","modified_gmt":"2026-09-04T12:28:21","slug":"ukraine-volodymyr-zelensky-promet-des-sanctions-apres-une-fusillade-entre-agents-de-services-de-renseignements-rivaux-04-09-2026-a-1406","status":"publish","type":"post","link":"https:\/\/www.europesays.com\/fr\/1166858\/","title":{"rendered":"Ukraine : Volodymyr Zelensky promet des sanctions apr\u00e8s une fusillade entre agents de services de renseignements rivaux &#8211; 04\/09\/2026 \u00e0 14:06"},"content":{"rendered":"<p>\n <strong><br \/>\n  Plusieurs personnes ont \u00e9t\u00e9 bless\u00e9es dans une fusillade dans un quartier r\u00e9sidentiel de Kiev, entre agents de deux agences dont la rivalit\u00e9 est connue de longue date.<br \/>\n <\/strong>\n<\/p>\n<p>        <img decoding=\"async\" src=\"https:\/\/www.europesays.com\/fr\/wp-content\/uploads\/2026\/09\/6890d2e0b041f937054b10d88480e3ea-760x507.jpg\" alt=\"Volodymyr Zelensky \u00e0 Kiev, en Ukraine, le 3 septembre 2026. ( AFP \/ SERGEI SUPINSKY )\" loading=\"eager\" fetchpriority=\"high\" width=\"760\" height=\"507\" style=\"max-width: 100%!important; height: auto;\"\/><\/p>\n<p class=\"c-image-news__legend\">Volodymyr Zelensky \u00e0 Kiev, en Ukraine, le 3 septembre 2026. ( AFP \/ SERGEI SUPINSKY )<\/p>\n<p>\n Ils \u00ab\u00a0rendront des comptes\u00a0\u00bb. VOlodymyr Zelensky a promis une enqu\u00eate et des sanctions \u00e0 l&rsquo;encontre de des services de s\u00e9curit\u00e9 (SBU) et du renseignement militaire (GUR) apr\u00e8s une fusillade entre agents des deux agences \u00e0 Kiev cette semaine, un incident aux circonstances floues qui a expos\u00e9 au grand jour leur rivalit\u00e9.\n<\/p>\n<p>\n \u00ab\u00a0Deux individus impliqu\u00e9s dans la fusillade ont \u00e9t\u00e9 officiellement d\u00e9sign\u00e9s comme suspects (dans une enqu\u00eate, NDLR) : il s&rsquo;agit d&rsquo;un agent du SBU et d&rsquo;un agent du GUR\u00a0\u00bb, a indiqu\u00e9 VOlodymyr Zelensky dans son allocution quotidienne jeudi soir. \u00ab\u00a0Toutes les autres circonstances de l&rsquo;incident font \u00e9galement l&rsquo;objet d&rsquo;une enqu\u00eate\u00a0\u00bb, a-t-il ajout\u00e9. \u00ab\u00a0Il est important que la v\u00e9rit\u00e9 soit \u00e9tablie et que de telles situations ne se reproduisent plus jamais\u00a0\u00bb.\n<\/p>\n<p>\n Le pr\u00e9sident ukrainien a annonc\u00e9, sans plus de d\u00e9tails, que<br \/>\n <strong><br \/>\n  des chefs adjoints des deux agences seraient \u00ab\u00a0limog\u00e9s\u00a0\u00bb<br \/>\n <\/strong><br \/>\n . \u00ab\u00a0Les deux entit\u00e9s doivent rendre des comptes\u00a0\u00bb, a-t-il affirm\u00e9.\n<\/p>\n<p>\n Mercredi matin, \u00e0 Kiev, plusieurs m\u00e9dias avaient rapport\u00e9 une fusillade entre des agents du GUR et du SBU dans un quartier r\u00e9sidentiel de Kiev. Le SBU a affirm\u00e9 jeudi que cet incident \u00ab\u00a0absolument inacceptable\u00a0\u00bb entre des agents des deux structures avaient eu lieu alors que le SBU menaient une perquisition.\n<\/p>\n<p> Rivalit\u00e9 de longue date<\/p>\n<p>\n Selon le SBU, cette op\u00e9ration s&rsquo;inscrivait dans une enqu\u00eate concernant de suppos\u00e9s liens entre les services de s\u00e9curit\u00e9 russes (FSB) et un commandant du Corps des volontaires russes, une unit\u00e9 militaire ukrainienne sous le contr\u00f4le du GUR.\n<\/p>\n<p>\n Plusieurs personnes ont \u00e9t\u00e9 bless\u00e9es lors de cette fusillade, a indiqu\u00e9 le SBU, sans plus de pr\u00e9cisions.\n<\/p>\n<p>\n Le GUR a d\u00e9nonc\u00e9 jeudi dans un communiqu\u00e9<br \/>\n <strong><br \/>\n  une \u00ab\u00a0campagne de d\u00e9sinformation\u00a0\u00bb visant \u00e0 \u00ab\u00a0discr\u00e9diter\u00a0\u00bb l&rsquo;agence \u00ab\u00a0et ses unit\u00e9s de combat\u00a0\u00bb<br \/>\n <\/strong><br \/>\n , sans \u00e9voquer directement le conflit avec le SBU.\n<\/p>\n<p>\n Le SBU et le GUR sont deux puissants organismes, pleinement impliqu\u00e9s dans la lutte militaire contre la Russie, mais leur rivalit\u00e9 est connue de longue date.\n<\/p>\n<p>\n L&rsquo;analyste politique Volodymyr Fessenko, sur son compte Facebook, a estim\u00e9 que la cause de ce conflit serait \u00ab\u00a0la confrontation personnelle et politique\u00a0\u00bb entre le chef du SBU, Oleksandr Poklad, et l&rsquo;ancien patron du GUR et actuel chef de l&rsquo;administration pr\u00e9sidentielle, Kyrylo Boudanov.<\/p>\n","protected":false},"excerpt":{"rendered":"Plusieurs personnes ont \u00e9t\u00e9 bless\u00e9es dans une fusillade dans un quartier r\u00e9sidentiel de Kiev, entre agents de deux&hellip;\n","protected":false},"author":2,"featured_media":1166859,"comment_status":"","ping_status":"","sticky":false,"template":"","format":"standard","meta":{"footnotes":"","_share_on_mastodon":"0"},"categories":[1590],"tags":[400,11,398,408,405,1777,674,403,402,399,404,12,401,406,220,407],"class_list":["post-1166858","post","type-post","status-publish","format-standard","has-post-thumbnail","category-ukraine","tag-action-cac-40","tag-actualites","tag-bourse-de-paris","tag-boursorama","tag-cotations","tag-eu","tag-europe","tag-indices-devises","tag-investir","tag-investissement","tag-marche-boursier","tag-news","tag-sicav","tag-trackers","tag-ukraine","tag-warrants"],"share_on_mastodon":{"url":"https:\/\/pubeurope.com\/@fr\/117212776399999785","error":""},"_links":{"self":[{"href":"https:\/\/www.europesays.com\/fr\/wp-json\/wp\/v2\/posts\/1166858","targetHints":{"allow":["GET"]}}],"collection":[{"href":"https:\/\/www.europesays.com\/fr\/wp-json\/wp\/v2\/posts"}],"about":[{"href":"https:\/\/www.europesays.com\/fr\/wp-json\/wp\/v2\/types\/post"}],"author":[{"embeddable":true,"href":"https:\/\/www.europesays.com\/fr\/wp-json\/wp\/v2\/users\/2"}],"replies":[{"embeddable":true,"href":"https:\/\/www.europesays.com\/fr\/wp-json\/wp\/v2\/comments?post=1166858"}],"version-history":[{"count":0,"href":"https:\/\/www.europesays.com\/fr\/wp-json\/wp\/v2\/posts\/1166858\/revisions"}],"wp:featuredmedia":[{"embeddable":true,"href":"https:\/\/www.europesays.com\/fr\/wp-json\/wp\/v2\/media\/1166859"}],"wp:attachment":[{"href":"https:\/\/www.europesays.com\/fr\/wp-json\/wp\/v2\/media?parent=1166858"}],"wp:term":[{"taxonomy":"category","embeddable":true,"href":"https:\/\/www.europesays.com\/fr\/wp-json\/wp\/v2\/categories?post=1166858"},{"taxonomy":"post_tag","embeddable":true,"href":"https:\/\/www.europesays.com\/fr\/wp-json\/wp\/v2\/tags?post=1166858"}],"curies":[{"name":"wp","href":"https:\/\/api.w.org\/{rel}","templated":true}]}}