{"id":116686,"date":"2025-05-21T11:01:11","date_gmt":"2025-05-21T11:01:11","guid":{"rendered":"https:\/\/www.europesays.com\/fr\/116686\/"},"modified":"2025-05-21T11:01:11","modified_gmt":"2025-05-21T11:01:11","slug":"10-ans-de-prison-requis-contre-le-cerveau-presume-du-braquage-de-la-star-a-paris","status":"publish","type":"post","link":"https:\/\/www.europesays.com\/fr\/116686\/","title":{"rendered":"10 ans de prison requis contre le cerveau pr\u00e9sum\u00e9 du braquage de la star \u00e0 Paris"},"content":{"rendered":"<p>            Par<br \/>\n        <strong><br \/>\n            <a href=\"https:\/\/actu.fr\/auteur\/antoine-blanchet\" title=\"Consulter tous les articles de Antoine Blanchet\" target=\"_blank\" rel=\"noopener\">Antoine Blanchet<\/a><br \/>\n        <\/strong><\/p>\n<p>        Publi\u00e9 le<\/p>\n<p>            21 mai 2025 \u00e0 12h27        <\/p>\n<p>Pas des vieux \u00ab\u2009pieds nickel\u00e9s\u2009\u00bb aux \u00ab\u2009rides rassurantes\u2009\u00bb, mais des malfrats \u00ab\u2009chevronn\u00e9s\u2009\u00bb. Ce mercredi 21\u00a0mai 2025, l\u2019heure est aux r\u00e9quisitions <a href=\"https:\/\/actu.fr\/ile-de-france\/paris_75056\/paris-douze-braqueurs-aux-cheveux-blancs-juges-pour-l-incroyable-vol-des-bijoux-de-kim-kardashian_62483182.html\" target=\"_blank\" rel=\"noopener\">au proc\u00e8s des braqueurs de Kim Kardashian<\/a> se tenant aux assises de <a href=\"https:\/\/actu.fr\/paris\/\" target=\"_blank\" rel=\"noopener\">Paris<\/a>. L\u2019avocate g\u00e9n\u00e9rale a requis<strong> 10\u00a0ans de prison<\/strong> contre <strong>Aomar A\u00eft Khedache<\/strong>, le cerveau pr\u00e9sum\u00e9 du vol \u00e0 main arm\u00e9 commis en octobre\u00a02016. Dix personnes sont jug\u00e9es au cours de cette audience fleuve.<\/p>\n<p>\u00ab\u2009Mon intime conviction, c\u2019est qu\u2019ils sont tous coupables\u2009\u00bb<\/p>\n<p class=\" wall-content\">\u00ab\u2009Je sais tout comme vous que parmi les dix accus\u00e9s, huit clament leur innocence\u2009\u00bb, d\u00e9clare au d\u00e9but de ses r\u00e9quisitions l\u2019avocate g\u00e9n\u00e9rale <strong>Anne-Dominique Merville<\/strong>, s\u2019adressant aux magistrats professionnels et jur\u00e9s populaires de la cour d\u2019assises de Paris. \u00ab\u2009Pourtant mon intime conviction, c\u2019est qu\u2019ils sont tous coupables.\u2009\u00bb<\/p>\n<p class=\" wall-content\">\u00ab\u2009Aujourd\u2019hui, on vous les pr\u00e9sente comme des pieds nickel\u00e9s, des vieux messieurs et dame aux rides rassurantes. Mais en 2016, on est face \u00e0 des braqueurs chevronn\u00e9s du grand banditisme\u2009\u00bb, mart\u00e8le encore la magistrate. \u00ab\u2009La r\u00e9alit\u00e9, c\u2019est qu\u2019ils ont mont\u00e9 un coup et qu\u2019ils ont r\u00e9ussi\u2009\u00bb.<\/p>\n<p>\u00ab\u2009Ils n\u2019ont aucune empathie\u2009\u00bb<\/p>\n<p class=\" wall-content\">La repr\u00e9sentante de l\u2019accusation va \u00e9grener les peines demand\u00e9es \u00e0 l\u2019encontre de chacun des accus\u00e9s au fil de ses r\u00e9quisitions qui doivent durer trois heures. Elle les avait commenc\u00e9es en revenant sur ce braquage \u00ab\u2009\u00e9clair\u2009\u00bb, <a href=\"https:\/\/actu.fr\/ile-de-france\/paris_75056\/braquage-de-kim-kardashian-a-paris-le-no-address-hotel-secret-des-stars-et-monument-historique_62613086.html\" target=\"_blank\" rel=\"noopener\">survenu \u00e0 l\u2019h\u00f4tel No Adress<\/a> dans <strong>la nuit du 2 au 3\u00a0octobre 2016,<\/strong> quand cinq malfrats \u00e9taient entr\u00e9s en pleine Fashion week dans l\u2019h\u00f4tel parisien de la star am\u00e9ricaine.<\/p>\n<p class=\" wall-content\">\u00ab\u2009Ils sont cagoul\u00e9s, gant\u00e9s, ils vont s\u00e9questrer, ligoter. Ils n\u2019ont aucune empathie pour Kim Kardashian, pour le r\u00e9ceptionniste\u2009\u00bb, dit-elle. Avec \u00ab\u2009une cible\u2009\u00bb\u2009: la<strong> fameuse bague estim\u00e9e \u00e0 3,5\u00a0millions d\u2019euros<\/strong> que la reine des influenceuses exhibe sur les r\u00e9seaux sociaux comme le reste de sa vie. Dans ce coup \u00ab\u2009minutieusement pr\u00e9par\u00e9\u2009\u00bb o\u00f9 l\u2019on s\u2019est recrut\u00e9 \u00ab\u2009entre voleurs\u2009\u00bb, \u00ab\u2009ils sont venus pour cette bague, ils la r\u00e9cup\u00e8rent, ils savent exactement ce qu\u2019ils font\u2009\u00bb.<\/p>\n<p>Vid\u00e9os : en ce moment sur ActuUn \u00ab\u2009pass\u00e9 judiciaire\u2009\u00bb cons\u00e9quent<\/p>\n<p class=\" wall-content\">L\u2019avocate g\u00e9n\u00e9rale d\u00e9taille ensuite les responsabilit\u00e9s de chacun des accus\u00e9s. En commen\u00e7ant par \u00ab\u2009le personnage central\u2009\u00bb, le \u00ab\u2009coordinateur\u2009\u00bb, Aomar A\u00eft Khedache, contre qui elle r\u00e9clame une peine de 10\u00a0ans de prison.<\/p>\n<p class=\" wall-content\">Il a un \u00ab\u2009certain \u00e2ge\u2009\u00bb mais un \u00ab\u2009pass\u00e9 judiciaire cons\u00e9quent\u2009\u00bb, dit-elle de l\u2019accus\u00e9 qui comparait aujourd\u2019hui libre, comme tous les autres. \u00ab\u2009Le risque de r\u00e9cidive n\u2019existe pas\u2009\u00bb, mais il \u00ab\u2009doit maintenant payer pour ses crimes\u2009\u00bb, souligne l\u2019avocate g\u00e9n\u00e9rale. \u00c0 69\u00a0ans aujourd\u2019hui, l\u2019homme tass\u00e9 sur son si\u00e8ge dans son \u00e9ternelle parka bleue marine, d\u00e9sormais compl\u00e8tement sourd et quasiment muet, lit les r\u00e9quisitions en direct sur son ordinateur, gr\u00e2ce \u00e0 deux st\u00e9notypistes.<\/p>\n<p>L\u2019accus\u00e9 nie \u00eatre le cerveau du braquage<\/p>\n<p class=\" wall-content\">Une fois la peine contre lui annonc\u00e9e, il quitte lentement la salle, appuy\u00e9 sur sa canne, comme il doit le faire toutes les heures environ pour des raisons de sant\u00e9. Confondu par son ADN, il avait vite reconnu sa participation, mais r\u00e9fut\u00e9 \u00eatre le \u00ab\u2009cerveau\u2009\u00bb, bl\u00e2mant un myst\u00e9rieux \u00ab\u2009X ou Ben\u2009\u00bb, dont on ne trouve aucune trace dans le dossier, rel\u00e8ve la magistrate. Aomar A\u00eft Khedache \u00ab\u2009donne les ordres\u2009\u00bb dans les \u00e9coutes, \u00ab\u2009recrute\u2009\u00bb, part en Belgique revendre les 9\u00a0millions d\u2019euros de butin \u2013 jamais retrouv\u00e9.<\/p>\n<p class=\" wall-content\">Et \u00ab\u2009il minimise la violence, il ne reconna\u00eet pas les autres. Personne ne reconna\u00eet personne dans ce dossier, \u00e7a vous l\u2019avez compris\u2009\u00bb. Cette \u00ab\u2009photo de famille\u2009\u00bb o\u00f9 on voit les \u00ab\u2009papys braqueurs\u2009\u00bb ensemble \u00e0 la terrasse d\u2019un caf\u00e9 deux mois apr\u00e8s le braquage\u2009? \u00ab\u2009Ce serait une co\u00efncidence\u2009\u00bb, ironise la magistrate.<\/p>\n<p class=\" wall-content\">Jug\u00e9s pour vol avec arme, s\u00e9questration et enl\u00e8vement \u2013 ou complicit\u00e9 -,<strong> ils encourent 30\u00a0ans de r\u00e9clusion criminelle<\/strong> (la perp\u00e9tuit\u00e9, pour certains en r\u00e9cidive).<\/p>\n<p class=\" wall-content\">Avec AFP<\/p>\n<p class=\" wall-content\">Suivez toute l\u2019actualit\u00e9 de vos villes et m\u00e9dias favoris en vous inscrivant \u00e0 <a href=\"https:\/\/moncompte.actu.fr\" title=\"D\u00e9couvez Mon Actu\" rel=\"nofollow noopener\" data-trk=\"{&quot;cta&quot;:{&quot;action&quot;:&quot;https:\\\/\\\/moncompte.actu.fr&quot;,&quot;category&quot;:&quot;mon compte&quot;,&quot;from&quot;:&quot;article footer&quot;,&quot;name&quot;:&quot;Mon actu&quot;,&quot;type&quot;:&quot;cta&quot;}}\" target=\"_blank\">Mon Actu<\/a>.<\/p>\n","protected":false},"excerpt":{"rendered":"Par Antoine Blanchet Publi\u00e9 le 21 mai 2025 \u00e0 12h27 Pas des vieux \u00ab\u2009pieds nickel\u00e9s\u2009\u00bb aux \u00ab\u2009rides rassurantes\u2009\u00bb,&hellip;\n","protected":false},"author":2,"featured_media":116687,"comment_status":"","ping_status":"","sticky":false,"template":"","format":"standard","meta":{"footnotes":""},"categories":[1888],"tags":[11,1777,674,118,1011,27,303,12,626,2694,25],"class_list":{"0":"post-116686","1":"post","2":"type-post","3":"status-publish","4":"format-standard","5":"has-post-thumbnail","7":"category-paris","8":"tag-actualites","9":"tag-eu","10":"tag-europe","11":"tag-faits-divers","12":"tag-fr","13":"tag-france","14":"tag-justice","15":"tag-news","16":"tag-paris","17":"tag-proces","18":"tag-republique-francaise"},"share_on_mastodon":{"url":"https:\/\/pubeurope.com\/@fr\/114545484342992808","error":""},"_links":{"self":[{"href":"https:\/\/www.europesays.com\/fr\/wp-json\/wp\/v2\/posts\/116686","targetHints":{"allow":["GET"]}}],"collection":[{"href":"https:\/\/www.europesays.com\/fr\/wp-json\/wp\/v2\/posts"}],"about":[{"href":"https:\/\/www.europesays.com\/fr\/wp-json\/wp\/v2\/types\/post"}],"author":[{"embeddable":true,"href":"https:\/\/www.europesays.com\/fr\/wp-json\/wp\/v2\/users\/2"}],"replies":[{"embeddable":true,"href":"https:\/\/www.europesays.com\/fr\/wp-json\/wp\/v2\/comments?post=116686"}],"version-history":[{"count":0,"href":"https:\/\/www.europesays.com\/fr\/wp-json\/wp\/v2\/posts\/116686\/revisions"}],"wp:featuredmedia":[{"embeddable":true,"href":"https:\/\/www.europesays.com\/fr\/wp-json\/wp\/v2\/media\/116687"}],"wp:attachment":[{"href":"https:\/\/www.europesays.com\/fr\/wp-json\/wp\/v2\/media?parent=116686"}],"wp:term":[{"taxonomy":"category","embeddable":true,"href":"https:\/\/www.europesays.com\/fr\/wp-json\/wp\/v2\/categories?post=116686"},{"taxonomy":"post_tag","embeddable":true,"href":"https:\/\/www.europesays.com\/fr\/wp-json\/wp\/v2\/tags?post=116686"}],"curies":[{"name":"wp","href":"https:\/\/api.w.org\/{rel}","templated":true}]}}