{"id":1166881,"date":"2026-09-04T12:45:18","date_gmt":"2026-09-04T12:45:18","guid":{"rendered":"https:\/\/www.europesays.com\/fr\/1166881\/"},"modified":"2026-09-04T12:45:18","modified_gmt":"2026-09-04T12:45:18","slug":"decathlon-cma-cgm-felix-gall-perd-son-plus-precieux-equipier-sur-la-vuelta-actualite","status":"publish","type":"post","link":"https:\/\/www.europesays.com\/fr\/1166881\/","title":{"rendered":"Decathlon CMA CGM : Felix Gall perd son plus pr\u00e9cieux \u00e9quipier sur la Vuelta &#8211; Actualit\u00e9"},"content":{"rendered":"<p>Coup dur pour la formation Decathlon CMA CGM sur les routes du Tour d&rsquo;Espagne. L&rsquo;Autrichien <strong><a style=\"color: #000000; text-decoration: underline;\" href=\"https:\/\/www.directvelo.com\/coureur\/10311\/gregor-muhlberger\" target=\"_blank\" rel=\"noopener nofollow\">Gregor M\u00fchlberger<\/a><\/strong> vient en effet d&rsquo;abandonner d\u00e8s la premi\u00e8re heure de course de la treizi\u00e8me \u00e9tape, ce vendredi en d\u00e9but d&rsquo;apr\u00e8s-midi, apr\u00e8s \u00eatre tomb\u00e9 vers le trenti\u00e8me kilom\u00e8tre.\u00a0<\/p>\n<p>Tr\u00e8s pr\u00e9cieux aupr\u00e8s de son leader et compatriote Felix Gall, Gregor M\u00fchlberger pointait \u00e0 la neuvi\u00e8me place du classement g\u00e9n\u00e9ral apr\u00e8s douze journ\u00e9es de comp\u00e9tition.\u00a0<\/p>\n<p>La WorldTeam fran\u00e7aise n&rsquo;a pas encore donn\u00e9 de d\u00e9tails quant \u00e0 la raison de cet abandon.\u00a0\u00a0<\/p>\n","protected":false},"excerpt":{"rendered":"Coup dur pour la formation Decathlon CMA CGM sur les routes du Tour d&rsquo;Espagne. L&rsquo;Autrichien Gregor M\u00fchlberger vient&hellip;\n","protected":false},"author":2,"featured_media":1166882,"comment_status":"","ping_status":"","sticky":false,"template":"","format":"standard","meta":{"footnotes":"","_share_on_mastodon":"0"},"categories":[1411],"tags":[834,828,836,829,837,827,83,826,824,823,1154,207,814,817,815,816,822,821,832,211,839,1011,27,820,818,819,835,831,830,833,838,60,212,208,825],"class_list":["post-1166881","post","type-post","status-publish","format-standard","has-post-thumbnail","category-cyclisme","tag-attaque","tag-belgique","tag-braquet","tag-bretagne","tag-chute","tag-competition","tag-coupe-de-france","tag-coureur","tag-course-cyclisme","tag-course-cycliste","tag-cycling","tag-cyclisme","tag-direct","tag-direct-velo","tag-directvelo","tag-directvelo-com","tag-epreuve","tag-epreuve-cycliste","tag-federation-francaise-de-cyclisme","tag-ffc","tag-flandres","tag-fr","tag-france","tag-live","tag-live-course","tag-live-epreuve","tag-peloton","tag-radio-peloton","tag-radio-tour","tag-ravitaillement","tag-relance","tag-sports","tag-uci","tag-velo","tag-velos"],"share_on_mastodon":{"url":"https:\/\/pubeurope.com\/@fr\/117212841929934046","error":""},"_links":{"self":[{"href":"https:\/\/www.europesays.com\/fr\/wp-json\/wp\/v2\/posts\/1166881","targetHints":{"allow":["GET"]}}],"collection":[{"href":"https:\/\/www.europesays.com\/fr\/wp-json\/wp\/v2\/posts"}],"about":[{"href":"https:\/\/www.europesays.com\/fr\/wp-json\/wp\/v2\/types\/post"}],"author":[{"embeddable":true,"href":"https:\/\/www.europesays.com\/fr\/wp-json\/wp\/v2\/users\/2"}],"replies":[{"embeddable":true,"href":"https:\/\/www.europesays.com\/fr\/wp-json\/wp\/v2\/comments?post=1166881"}],"version-history":[{"count":0,"href":"https:\/\/www.europesays.com\/fr\/wp-json\/wp\/v2\/posts\/1166881\/revisions"}],"wp:featuredmedia":[{"embeddable":true,"href":"https:\/\/www.europesays.com\/fr\/wp-json\/wp\/v2\/media\/1166882"}],"wp:attachment":[{"href":"https:\/\/www.europesays.com\/fr\/wp-json\/wp\/v2\/media?parent=1166881"}],"wp:term":[{"taxonomy":"category","embeddable":true,"href":"https:\/\/www.europesays.com\/fr\/wp-json\/wp\/v2\/categories?post=1166881"},{"taxonomy":"post_tag","embeddable":true,"href":"https:\/\/www.europesays.com\/fr\/wp-json\/wp\/v2\/tags?post=1166881"}],"curies":[{"name":"wp","href":"https:\/\/api.w.org\/{rel}","templated":true}]}}