{"id":1166885,"date":"2026-09-04T12:47:13","date_gmt":"2026-09-04T12:47:13","guid":{"rendered":"https:\/\/www.europesays.com\/fr\/1166885\/"},"modified":"2026-09-04T12:47:13","modified_gmt":"2026-09-04T12:47:13","slug":"de-kendall-jenner-a-vittoria-ceretti-les-stars-soffrent-un-diner-glamour-avec-armani-beauty-en-marge-de-la-mostra-de-venise","status":"publish","type":"post","link":"https:\/\/www.europesays.com\/fr\/1166885\/","title":{"rendered":"De Kendall Jenner \u00e0 Vittoria Ceretti, les stars s\u2019offrent un d\u00eener glamour avec Armani Beauty en marge de la Mostra de Venise"},"content":{"rendered":"<p>    Kendall Jenner<br \/>\n                Backgrid UK\/ Bestimage<\/p>\n<p class=\"fig-standfirst\">\n    La soir\u00e9e de ce jeudi 3 septembre s\u2019est termin\u00e9e en beaut\u00e9 pour la poign\u00e9e de c\u00e9l\u00e9brit\u00e9s, convi\u00e9es au tr\u00e8s chic d\u00eener d\u2019Armani Beauty, aux Royal Gardens de Venise. \u00c9g\u00e9ries, artistes et mannequins proches de la maison italienne ont rivalis\u00e9 de paillettes au photocall de l\u2019\u00e9v\u00e8nement. D\u00e9couvrez leurs looks.<\/p>\n<p class=\"fig-paragraph\">Il fallait quitter\u00a0<a href=\"http:\/\/www.gala.fr\/mode\/les_stars_et_la_mode\/fashion-story-ce-jour-ou-catherine-deneuve-et-sa-fille-chiara-mastroianni-ont-foule-le-tapis-rouge-du-lido-a-venise-ensemble-20260902\" data-fig-type=\"Article\" data-gtm-custom-categorie=\"navigation\" data-gtm-custom-action=\"crossclick\" data-gtm-custom-label=\"Contextuel\" data-gtm-event=\"customEventSPE\" data-fig-domain=\"GALA\" rel=\"nofollow noopener\" target=\"_blank\">le Lido et son Palazzo del Cinema<\/a>\u00a0quelques heures pour assister \u00e0 la soir\u00e9e la plus glamour de ce jeudi 3 septembre. Armani Beauty, qui domine largement le classement des marques\u00a0<a href=\"http:\/\/www.gala.fr\/mode\/les_stars_et_la_mode\/amal-et-george-clooney-robe-noire-sculpturale-et-smoking-elegant-le-couple-fait-sensation-a-la-mostra-de-venise-20260903\" data-fig-type=\"Article\" data-gtm-custom-categorie=\"navigation\" data-gtm-custom-action=\"crossclick\" data-gtm-custom-label=\"Contextuel\" data-gtm-event=\"customEventSPE\" data-fig-domain=\"GALA\" rel=\"nofollow noopener\" target=\"_blank\">participant \u00e0 la Mostra de Venise<\/a>, a organis\u00e9 son d\u00eener traditionnel et tr\u00e8s convoit\u00e9 dans les jardins royaux, situ\u00e9s juste derri\u00e8re la place Saint-Marc. Quelques jours en amont,\u00a0<a href=\"http:\/\/www.gala.fr\/beaute\/tendances_beaute\/gala-backstage-l-astuce-imparable-du-defile-armani-pour-un-teint-frais-en-pleine-canicule-20260709\" data-fig-type=\"Article\" data-gtm-custom-categorie=\"navigation\" data-gtm-custom-action=\"crossclick\" data-gtm-custom-label=\"Contextuel\" data-gtm-event=\"customEventSPE\" data-fig-domain=\"GALA\" rel=\"nofollow noopener\" target=\"_blank\">les \u00e9quipes de la maison italienne<\/a>\u00a0avaient assur\u00e9 que le casting de rendez-vous glamour serait \u00ab le meilleur de tous les temps\u00a0\u00bb. Effectivement, la guest-list avait de quoi faire tourner des t\u00eates. \u00c0 commencer par Kendall Jenner, qui revenait tout juste de la premi\u00e8re de Wild Horse Nine de Martin MCDonagh avec sa cons\u0153ur, Vittoria Ceretti.<\/p>\n<p class=\"fig-paragraph\">Actuellement ambassadrice mondiale des parfums Emporio Armani et visage de Power of You, Kendall Jenner portait une robe moulante \u00e0 bretelles issue de la collection automne-hiver 1995 d\u2019Armani, en georgette de soie dor\u00e9e et brod\u00e9e de fleurs iris\u00e9es. De son c\u00f4t\u00e9,\u00a0<a href=\"http:\/\/www.gala.fr\/beaute\/beaute_de_star\/vittoria-ceretti-est-nommee-ambassadrice-mondiale-internationale-giorgio-armani-20260505\" data-fig-type=\"Article\" data-gtm-custom-categorie=\"navigation\" data-gtm-custom-action=\"crossclick\" data-gtm-custom-label=\"Contextuel\" data-gtm-event=\"customEventSPE\" data-fig-domain=\"GALA\" rel=\"nofollow noopener\" target=\"_blank\">la compagne de Leonardo DiCaprio<\/a>\u00a0et ambassadrice make-up mondiale de la marque depuis mai dernier, s\u2019est d\u00e9marqu\u00e9e dans un long fourreau de velours noir avec une poitrine transparente couverte de strass.<\/p>\n<p>    Kendall Jenner au d\u00eener Armani Beauty le 3 septembre 2026.<br \/>\n                Backgrid UK\/ Bestimage<\/p>\n<p>                                                <a class=\"fig-a11y-skip\" href=\"#fig-a11y-skip-main-inarticle\" is=\"fig-a11y-skip\" data-trigger-mode=\"visible-once\"><br \/>\n    Passer la publicit\u00e9<br \/>\n<\/a>            <\/p>\n<p class=\"fig-paragraph\">Toutes deux ont crois\u00e9 Sydney Sweeney,\u00a0<a href=\"https:\/\/www.gala.fr\/beaute\/beaute_de_star\/sydney-sweeney-avec-monsieur-armani-nous-partageons-le-meme-amour-pour-le-cinema_511292\" data-fig-type=\"Article\" data-gtm-custom-categorie=\"navigation\" data-gtm-custom-action=\"crossclick\" data-gtm-custom-label=\"Contextuel\" data-gtm-event=\"customEventSPE\" data-fig-domain=\"GALA\" rel=\"nofollow noopener\" target=\"_blank\">\u00e9g\u00e9rie de la fragrance My Way<\/a>, qui a imit\u00e9 Kendall Jenner en faisant le pari du vintage, lov\u00e9e dans une robe grise scintillante et transparente de la collection automne-hiver 2000 d\u2019Armani, au bras de son petit ami Scooter Braun. Jonathan Bailey, star de la s\u00e9rie Netflix Bridgerton fra\u00eechement choisi comme \u00e9g\u00e9rie du parfum I Will, a r\u00e9pondu \u00e0 l\u2019\u00e9l\u00e9gance de ces dames dans son smoking noir \u00e0 pantalon large et \u00e9tole de soie blanche autour de son n\u0153ud papillon.<\/p>\n<p>    Vittoria Ceretti au d\u00eener Armani Beauty le 3 septembre 2026.<br \/>\n                Zuma Press \/ Bestimage<\/p>\n<p>                                                <a href=\"#slideshow-header\" class=\"fig-slideshow__opener\" title=\"Acc\u00e9der au diaporama PHOTOS - Kendall Jenner, Sydney Sweeney... pluie de stars au d\u00eener Armani Beauty \u00e0 Venise - (13 photos)\" aria-label=\"Acc\u00e9der au diaporama PHOTOS - Kendall Jenner, Sydney Sweeney... pluie de stars au d\u00eener Armani Beauty \u00e0 Venise - (13 photos)\"><\/p>\n<p class=\"fig-slideshow__title\">\n                    PHOTOS &#8211; Kendall Jenner, Sydney Sweeney&#8230; pluie de stars au d\u00eener Armani Beauty \u00e0 Venise\n                <\/p>\n<p>    <\/a><br \/>\n                                                \u00ab Toutes les stars sont extr\u00eamement importantes, quel que soit leur statut\u00a0\u00bb<\/p>\n<p class=\"fig-paragraph\">\u00ab Armani habille les femmes et les maquille sans les transformer, ni alt\u00e9rer leur personnalit\u00e9, mais au contraire en sublimant leurs multiples facettes. Prenons l\u2019exemple de Cate Blanchett, d\u00e9licate et \u00e9vanescente, tandis qu\u2019Anna Foglietta incarne la force de la sobri\u00e9t\u00e9\u00a0\u00bb, expliquait \u00e0\u00a0<a href=\"https:\/\/www.vogue.it\/bellezza\/article\/mostra-cinema-venezia-2020-armani-beauty-make-up-star?utm_\" target=\"_blank\" rel=\"nofollow noopener\" data-gtm-custom-categorie=\"navigation\" data-gtm-custom-action=\"crossclick\" data-gtm-custom-label=\"Contextuel\" data-gtm-event=\"customEventSPE\">Vogue Italia<\/a> \u00a0Donatella Ferrari, alias Dodi, maquilleuse nationale de Armani en 2020, lorsque la griffe \u00e9tait sponsor officiel de la Mostra de Venise. \u00ab Quel que soit leur statut, toutes les stars sont extr\u00eamement importantes, et l\u2019\u00e9quipe se relaie pour les maquiller\u00a0\u00bb, assurait l\u2019Italienne originaire de Venise, d\u00e9voilant ainsi les coulisses de la pr\u00e9paration des c\u00e9l\u00e9brit\u00e9s avant le tapis rouge du Festival du Film.<\/p>\n","protected":false},"excerpt":{"rendered":"Kendall Jenner Backgrid UK\/ Bestimage La soir\u00e9e de ce jeudi 3 septembre s\u2019est termin\u00e9e en beaut\u00e9 pour la&hellip;\n","protected":false},"author":2,"featured_media":1166886,"comment_status":"","ping_status":"","sticky":false,"template":"","format":"standard","meta":{"footnotes":"","_share_on_mastodon":"0"},"categories":[1359],"tags":[51753,20070,58,59,1011,27,5522,29076,48869,973,987,41445,16787,120452],"class_list":["post-1166885","post","type-post","status-publish","format-standard","has-post-thumbnail","category-people","tag-armani","tag-diner","tag-divertissement","tag-entertainment","tag-fr","tag-france","tag-kendall-jenner","tag-mostra","tag-mostra-de-venise","tag-people","tag-robe","tag-sydney-sweeney","tag-venise","tag-vittoria-ceretti"],"share_on_mastodon":{"url":"https:\/\/pubeurope.com\/@fr\/117212849563653382","error":""},"_links":{"self":[{"href":"https:\/\/www.europesays.com\/fr\/wp-json\/wp\/v2\/posts\/1166885","targetHints":{"allow":["GET"]}}],"collection":[{"href":"https:\/\/www.europesays.com\/fr\/wp-json\/wp\/v2\/posts"}],"about":[{"href":"https:\/\/www.europesays.com\/fr\/wp-json\/wp\/v2\/types\/post"}],"author":[{"embeddable":true,"href":"https:\/\/www.europesays.com\/fr\/wp-json\/wp\/v2\/users\/2"}],"replies":[{"embeddable":true,"href":"https:\/\/www.europesays.com\/fr\/wp-json\/wp\/v2\/comments?post=1166885"}],"version-history":[{"count":0,"href":"https:\/\/www.europesays.com\/fr\/wp-json\/wp\/v2\/posts\/1166885\/revisions"}],"wp:featuredmedia":[{"embeddable":true,"href":"https:\/\/www.europesays.com\/fr\/wp-json\/wp\/v2\/media\/1166886"}],"wp:attachment":[{"href":"https:\/\/www.europesays.com\/fr\/wp-json\/wp\/v2\/media?parent=1166885"}],"wp:term":[{"taxonomy":"category","embeddable":true,"href":"https:\/\/www.europesays.com\/fr\/wp-json\/wp\/v2\/categories?post=1166885"},{"taxonomy":"post_tag","embeddable":true,"href":"https:\/\/www.europesays.com\/fr\/wp-json\/wp\/v2\/tags?post=1166885"}],"curies":[{"name":"wp","href":"https:\/\/api.w.org\/{rel}","templated":true}]}}