{"id":116690,"date":"2025-05-21T11:03:03","date_gmt":"2025-05-21T11:03:03","guid":{"rendered":"https:\/\/www.europesays.com\/fr\/116690\/"},"modified":"2025-05-21T11:03:03","modified_gmt":"2025-05-21T11:03:03","slug":"la-russie-dement-faire-trainer-les-pourparlers-en-vue-dune-fin-du-conflit","status":"publish","type":"post","link":"https:\/\/www.europesays.com\/fr\/116690\/","title":{"rendered":"la Russie d\u00e9ment faire tra\u00eener les pourparlers en vue d&rsquo;une fin du conflit"},"content":{"rendered":"<p>            <a href=\"https:\/\/www.lefigaro.fr\/international\/roumanie-le-candidat-pro-europeen-nicusor-dan-en-tete-du-second-tour-de-l-election-presidentielle-20250518\" class=\"fig-ranking-profile-link\" data-fig-domain=\"LEFIGARO\" rel=\"nofollow noopener\" target=\"_blank\"><\/p>\n<p>        Roumanie\u00a0: le candidat pro-europ\u00e9en Nicusor Dan remporte la pr\u00e9sidentielle<\/p>\n<p>                                                                        <\/a><\/p>\n<p>        <img   class=\"fig-img fig-ranking-profile-media-small-picture__photo\" alt=\"Roumanie\u00a0: le candidat pro-europ\u00e9en Nicusor Dan remporte la pr\u00e9sidentielle\" height=\"2000\" width=\"3000\"\/><\/p>\n<p class=\"fig-ranking-profile-standfirst\">\n    Le maire centriste de Bucarest est donn\u00e9 vainqueur avec 53,6% des voix, selon les r\u00e9sultats d\u00e9finitifs, face au candidat d\u2019extr\u00eame droite George Simion.\n<\/p>\n<p>            <a href=\"https:\/\/www.lefigaro.fr\/international\/cela-nous-inquiete-tous-gravement-l-administration-trump-denonce-les-menaces-d-un-ancien-patron-du-fbi-et-ouvre-une-enquete-20250516\" class=\"fig-ranking-profile-link\" data-fig-domain=\"LEFIGARO\" rel=\"nofollow noopener\" target=\"_blank\"><\/p>\n<p>        \u00abCela nous inqui\u00e8te tous gravement\u00bb\u00a0: l\u2019administration Trump d\u00e9nonce les \u00abmenaces\u00bb d\u2019un ancien patron du FBI et ouvre une enqu\u00eate<\/p>\n<p>                                                                        <\/a><\/p>\n<p>        <img   class=\"fig-img fig-ranking-profile-media-small-picture__photo\" alt=\"\u00abCela nous inqui\u00e8te tous gravement\u00bb\u00a0: l\u2019administration Trump d\u00e9nonce les \u00abmenaces\u00bb d\u2019un ancien patron du FBI et ouvre une enqu\u00eate\" height=\"2012\" width=\"3000\"\/><\/p>\n<p class=\"fig-ranking-profile-standfirst\">\n    James Comey a partag\u00e9 une photo sur Instagram montrant des coquillages former le message \u00ab86 47\u00bb dans le sable, le premier chiffre \u00e9tant parfois utilis\u00e9 pour signifier le souhait de faire partir, voire de tuer, quelqu\u2019un, le second pouvant se r\u00e9f\u00e9rer \u00e0 Donald Trump, 47e pr\u00e9sident des \u00c9tats-Unis.\n<\/p>\n<p>            <a href=\"https:\/\/www.lefigaro.fr\/international\/mon-pays-a-ete-ravage-par-les-russes-les-confidences-de-george-simion-le-nationaliste-roumain-qui-ne-veut-plus-etre-associe-a-poutine-20250516\" class=\"fig-ranking-profile-link\" aria-label=\"\u00abMon pays a \u00e9t\u00e9 ravag\u00e9 par les Russes\u00bb\u00a0: les confidences de George Simion, le nationaliste roumain qui ne veut plus \u00eatre associ\u00e9 \u00e0 Poutine (article Premium)\" title=\"\u00abMon pays a \u00e9t\u00e9 ravag\u00e9 par les Russes\u00bb\u00a0: les confidences de George Simion, le nationaliste roumain qui ne veut plus \u00eatre associ\u00e9 \u00e0 Poutine (article Premium)\" data-fig-domain=\"LEFIGARO\" rel=\"nofollow noopener\" target=\"_blank\"><\/p>\n<p>        \u00abMon pays a \u00e9t\u00e9 ravag\u00e9 par les Russes\u00bb\u00a0: les confidences de George Simion, le nationaliste roumain qui ne veut plus \u00eatre associ\u00e9 \u00e0 Poutine<\/p>\n<p>                                                                        <\/a><\/p>\n<p>        <img   class=\"fig-img fig-ranking-profile-media-small-picture__photo\" alt=\"\u00abMon pays a \u00e9t\u00e9 ravag\u00e9 par les Russes\u00bb\u00a0: les confidences de George Simion, le nationaliste roumain qui ne veut plus \u00eatre associ\u00e9 \u00e0 Poutine\" height=\"2001\" width=\"3000\"\/><\/p>\n<p class=\"fig-ranking-profile-standfirst\">\n    Grand favori de l\u2019\u00e9lection pr\u00e9sidentielle en Roumanie dont le second tour a lieu ce week-end, le candidat a conclu \u00e0 Paris ce vendredi une tourn\u00e9e europ\u00e9enne. Il s\u2019est d\u00e9fendu d\u2019\u00eatre prorusse et a exprim\u00e9 son souhait de renforcer la coop\u00e9ration avec l\u2019Otan, tout en d\u00e9non\u00e7ant les ing\u00e9rences europ\u00e9ennes.<\/p>\n","protected":false},"excerpt":{"rendered":"Roumanie\u00a0: le candidat pro-europ\u00e9en Nicusor Dan remporte la pr\u00e9sidentielle Le maire centriste de Bucarest est donn\u00e9 vainqueur avec&hellip;\n","protected":false},"author":2,"featured_media":116691,"comment_status":"","ping_status":"","sticky":false,"template":"","format":"standard","meta":{"footnotes":""},"categories":[1591],"tags":[259,11,260,1887,131,14,261,12,262,1885,1886,132],"class_list":{"0":"post-116690","1":"post","2":"type-post","3":"status-publish","4":"format-standard","5":"has-post-thumbnail","7":"category-russie","8":"tag-actualite-internationale","9":"tag-actualites","10":"tag-affaires-etrangeres","11":"tag-federation-de-russie","12":"tag-guerre-en-ukraine","13":"tag-international","14":"tag-ministere-des-affaires-etrangeres","15":"tag-news","16":"tag-politique-etrangere","17":"tag-russia","18":"tag-russian-federation","19":"tag-russie"},"share_on_mastodon":{"url":"https:\/\/pubeurope.com\/@fr\/114545492249964979","error":""},"_links":{"self":[{"href":"https:\/\/www.europesays.com\/fr\/wp-json\/wp\/v2\/posts\/116690","targetHints":{"allow":["GET"]}}],"collection":[{"href":"https:\/\/www.europesays.com\/fr\/wp-json\/wp\/v2\/posts"}],"about":[{"href":"https:\/\/www.europesays.com\/fr\/wp-json\/wp\/v2\/types\/post"}],"author":[{"embeddable":true,"href":"https:\/\/www.europesays.com\/fr\/wp-json\/wp\/v2\/users\/2"}],"replies":[{"embeddable":true,"href":"https:\/\/www.europesays.com\/fr\/wp-json\/wp\/v2\/comments?post=116690"}],"version-history":[{"count":0,"href":"https:\/\/www.europesays.com\/fr\/wp-json\/wp\/v2\/posts\/116690\/revisions"}],"wp:featuredmedia":[{"embeddable":true,"href":"https:\/\/www.europesays.com\/fr\/wp-json\/wp\/v2\/media\/116691"}],"wp:attachment":[{"href":"https:\/\/www.europesays.com\/fr\/wp-json\/wp\/v2\/media?parent=116690"}],"wp:term":[{"taxonomy":"category","embeddable":true,"href":"https:\/\/www.europesays.com\/fr\/wp-json\/wp\/v2\/categories?post=116690"},{"taxonomy":"post_tag","embeddable":true,"href":"https:\/\/www.europesays.com\/fr\/wp-json\/wp\/v2\/tags?post=116690"}],"curies":[{"name":"wp","href":"https:\/\/api.w.org\/{rel}","templated":true}]}}