{"id":1166905,"date":"2026-09-04T12:58:32","date_gmt":"2026-09-04T12:58:32","guid":{"rendered":"https:\/\/www.europesays.com\/fr\/1166905\/"},"modified":"2026-09-04T12:58:32","modified_gmt":"2026-09-04T12:58:32","slug":"espagne-une-mere-et-sa-fille-meurent-apres-la-chute-de-leur-voiture-dans-la-mer","status":"publish","type":"post","link":"https:\/\/www.europesays.com\/fr\/1166905\/","title":{"rendered":"Espagne\u00a0: Une m\u00e8re et sa fille meurent apr\u00e8s la chute de leur voiture dans la mer"},"content":{"rendered":"<p>Un tragique accident au\u00a0port de la baie d\u2019Alg\u00e9siras (<a href=\"https:\/\/www.20minutes.fr\/dossier\/espagne\" class=\"c-link c-link--is-underlined\" rel=\"nofollow noopener\" target=\"_blank\">Espagne<\/a>) a fait deux morts et deux bless\u00e9s, dont un gri\u00e8vement, dans la nuit de mardi \u00e0 mercredi. Leur <a href=\"https:\/\/www.20minutes.fr\/dossier\/voiture\" class=\"c-link c-link--is-underlined\" rel=\"nofollow noopener\" target=\"_blank\">voiture<\/a> est tomb\u00e9e dans la mer alors que les victimes d\u2019origine marocaine\u00a0s\u2019appr\u00eataient \u00e0 embarquer dans un ferry pour se rendre \u00e0 Tanger (<a href=\"https:\/\/www.20minutes.fr\/dossier\/maroc\" class=\"c-link c-link--is-underlined\" rel=\"nofollow noopener\" target=\"_blank\">Maroc<\/a>), rapporte <a href=\"https:\/\/elpais.com\/espana\/2026-09-02\/dos-mujeres-mueren-al-caer-un-coche-al-mar-en-el-puerto-de-algeciras-cadiz.html\" rel=\"nofollow noopener\" target=\"_blank\" class=\"c-link c-link--is-underlined\">El Pa\u00eds<\/a>.<\/p>\n<p>Vers 00 h 30, les victimes, qui habitent \u00e0 S\u00e9govie, au nord de <a href=\"https:\/\/www.20minutes.fr\/dossier\/madrid\" class=\"c-link c-link--is-underlined\" rel=\"nofollow noopener\" target=\"_blank\">Madrid<\/a>, ont\u00a0pass\u00e9 les contr\u00f4les portuaires et le personnel leur a\u00a0indiqu\u00e9 l\u2019endroit o\u00f9 elles\u00a0devaient stationner avant de monter dans le bateau. Pour une raison que l\u2019enqu\u00eate devra d\u00e9terminer, leur\u00a0voiture a continu\u00e9 sa route\u00a0vers une rampe d\u2019acc\u00e8s, puis a bascul\u00e9 dans l\u2019eau.<\/p>\n<p>Un homme hospitalis\u00e9 dans un \u00e9tat grave<\/p>\n<p>Selon le quotidien espagnol, le <a href=\"https:\/\/www.20minutes.fr\/monde\/navire\/\" class=\"c-link c-link--is-underlined\" rel=\"nofollow noopener\" target=\"_blank\">navire<\/a> n\u2019\u00e9tait pas encore amarr\u00e9 au port au moment de l\u2019accident. \u00ab\u00a0[Le conducteur] a peut-\u00eatre cru que le bord du quai \u00e9tait plus \u00e9loign\u00e9\u00a0\u00bb, a sugg\u00e9r\u00e9 une source polici\u00e8re, \u00e9voquant une possible erreur d\u2019inattention des occupants du v\u00e9hicule. Du brouillard a \u00e9t\u00e9 constat\u00e9 la nuit de l\u2019accident, mais il n\u2019\u00e9tait pas assez \u00e9pais pour r\u00e9duire la visibilit\u00e9, expliquent nos confr\u00e8res.<\/p>\n<\/p>\n<p>Une femme et sa fille, qui se trouvaient \u00e0 l\u2019arri\u00e8re de la voiture, sont mortes apr\u00e8s avoir \u00e9t\u00e9 pi\u00e9g\u00e9es dans l\u2019habitacle. Elles avaient 71 et 43 ans, pr\u00e9cise le m\u00e9dia\u00a0<a href=\"https:\/\/www.20minutos.es\/andalucia\/cadiz\/dos-muertos-una-mujer-grave-caer-mar-con-coche-que-viajaban-puerto-algeciras_7031792_0.html\" rel=\"nofollow noopener\" target=\"_blank\" class=\"c-link c-link--is-underlined\">20 Minutos<\/a>. Les plongeurs ont r\u00e9cup\u00e9r\u00e9 leurs d\u00e9pouilles. L\u2019\u00e9poux de l\u2019une des victimes, \u00e2g\u00e9\u00a0d\u2019environ 70 ans, et un homme d\u2019une cinquantaine d\u2019ann\u00e9es, qui \u00e9taient \u00e0 l\u2019avant, sont parvenus \u00e0 sortir par leurs propres moyens du v\u00e9hicule. Ils ont \u00e9t\u00e9 transport\u00e9s \u00e0 l\u2019<a href=\"https:\/\/www.20minutes.fr\/dossier\/hopital\" class=\"c-link c-link--is-underlined\" rel=\"nofollow noopener\" target=\"_blank\">h\u00f4pital<\/a>. Le plus \u00e2g\u00e9 a \u00e9t\u00e9 gravement bless\u00e9 dans l\u2019accident.<\/p>\n","protected":false},"excerpt":{"rendered":"Un tragique accident au\u00a0port de la baie d\u2019Alg\u00e9siras (Espagne) a fait deux morts et deux bless\u00e9s, dont un&hellip;\n","protected":false},"author":2,"featured_media":1166906,"comment_status":"","ping_status":"","sticky":false,"template":"","format":"standard","meta":{"footnotes":"","_share_on_mastodon":"0"},"categories":[5],"tags":[119,47,11,123,118,1011,27,14,74,12,5159,28],"class_list":["post-1166905","post","type-post","status-publish","format-standard","has-post-thumbnail","category-international","tag-accident","tag-actualite","tag-actualites","tag-espagne","tag-faits-divers","tag-fr","tag-france","tag-international","tag-monde","tag-news","tag-port","tag-world"],"share_on_mastodon":{"url":"https:\/\/pubeurope.com\/@fr\/117212892833688657","error":""},"_links":{"self":[{"href":"https:\/\/www.europesays.com\/fr\/wp-json\/wp\/v2\/posts\/1166905","targetHints":{"allow":["GET"]}}],"collection":[{"href":"https:\/\/www.europesays.com\/fr\/wp-json\/wp\/v2\/posts"}],"about":[{"href":"https:\/\/www.europesays.com\/fr\/wp-json\/wp\/v2\/types\/post"}],"author":[{"embeddable":true,"href":"https:\/\/www.europesays.com\/fr\/wp-json\/wp\/v2\/users\/2"}],"replies":[{"embeddable":true,"href":"https:\/\/www.europesays.com\/fr\/wp-json\/wp\/v2\/comments?post=1166905"}],"version-history":[{"count":0,"href":"https:\/\/www.europesays.com\/fr\/wp-json\/wp\/v2\/posts\/1166905\/revisions"}],"wp:featuredmedia":[{"embeddable":true,"href":"https:\/\/www.europesays.com\/fr\/wp-json\/wp\/v2\/media\/1166906"}],"wp:attachment":[{"href":"https:\/\/www.europesays.com\/fr\/wp-json\/wp\/v2\/media?parent=1166905"}],"wp:term":[{"taxonomy":"category","embeddable":true,"href":"https:\/\/www.europesays.com\/fr\/wp-json\/wp\/v2\/categories?post=1166905"},{"taxonomy":"post_tag","embeddable":true,"href":"https:\/\/www.europesays.com\/fr\/wp-json\/wp\/v2\/tags?post=1166905"}],"curies":[{"name":"wp","href":"https:\/\/api.w.org\/{rel}","templated":true}]}}