{"id":116692,"date":"2025-05-21T11:04:08","date_gmt":"2025-05-21T11:04:08","guid":{"rendered":"https:\/\/www.europesays.com\/fr\/116692\/"},"modified":"2025-05-21T11:04:08","modified_gmt":"2025-05-21T11:04:08","slug":"apres-trois-ans-de-guerre-en-ukraine-lue-reste-toujours-dependante-du-gaz-russe-liberation","status":"publish","type":"post","link":"https:\/\/www.europesays.com\/fr\/116692\/","title":{"rendered":"Apr\u00e8s trois\u00a0ans de guerre en Ukraine, l\u2019UE reste toujours d\u00e9pendante du gaz russe \u2013 Lib\u00e9ration"},"content":{"rendered":"<p class=\"sc-ksZaOG ehjQrN text-element\">C\u2019est un chiffre que l\u2019on a tendance \u00e0 oublier, alors que la dissociation \u00e9conomique se fait de plus en plus grande entre l\u2019Europe et la Russie. L\u2019an dernier, l\u2019Union europ\u00e9enne a d\u00e9pens\u00e9 environ 23 milliards d\u2019euros en importations d\u2019\u00e9nergies fossiles russes. 23 milliards venus abonder la machine de guerre du Kremlin. C\u2019est plus que <a href=\"https:\/\/www.liberation.fr\/international\/amerique\/suspension-des-aides-americaines-lukraine-et-leurope-au-pied-du-mur-pour-obtenir-des-armes-20250304_IO32XO5VRRA35JMJJ26SUDRBNE\/\" target=\"_blank\" rel=\"nofollow noopener\" title=\"https:\/\/www.liberation.fr\/international\/amerique\/suspension-des-aides-americaines-lukraine-et-leurope-au-pied-du-mur-pour-obtenir-des-armes-20250304_IO32XO5VRRA35JMJJ26SUDRBNE\/\">l\u2019aide militaire accord\u00e9e \u00e0 Kyiv<\/a> sur la m\u00eame p\u00e9riode.<\/p>\n","protected":false},"excerpt":{"rendered":"C\u2019est un chiffre que l\u2019on a tendance \u00e0 oublier, alors que la dissociation \u00e9conomique se fait de plus&hellip;\n","protected":false},"author":2,"featured_media":116693,"comment_status":"","ping_status":"","sticky":false,"template":"","format":"standard","meta":{"footnotes":""},"categories":[1590],"tags":[11,893,1777,674,12,132,220,297,364],"class_list":{"0":"post-116692","1":"post","2":"type-post","3":"status-publish","4":"format-standard","5":"has-post-thumbnail","7":"category-ukraine","8":"tag-actualites","9":"tag-energie","10":"tag-eu","11":"tag-europe","12":"tag-news","13":"tag-russie","14":"tag-ukraine","15":"tag-ukraine-la-crise","16":"tag-union-europeenne"},"share_on_mastodon":{"url":"https:\/\/pubeurope.com\/@fr\/114545496374858787","error":""},"_links":{"self":[{"href":"https:\/\/www.europesays.com\/fr\/wp-json\/wp\/v2\/posts\/116692","targetHints":{"allow":["GET"]}}],"collection":[{"href":"https:\/\/www.europesays.com\/fr\/wp-json\/wp\/v2\/posts"}],"about":[{"href":"https:\/\/www.europesays.com\/fr\/wp-json\/wp\/v2\/types\/post"}],"author":[{"embeddable":true,"href":"https:\/\/www.europesays.com\/fr\/wp-json\/wp\/v2\/users\/2"}],"replies":[{"embeddable":true,"href":"https:\/\/www.europesays.com\/fr\/wp-json\/wp\/v2\/comments?post=116692"}],"version-history":[{"count":0,"href":"https:\/\/www.europesays.com\/fr\/wp-json\/wp\/v2\/posts\/116692\/revisions"}],"wp:featuredmedia":[{"embeddable":true,"href":"https:\/\/www.europesays.com\/fr\/wp-json\/wp\/v2\/media\/116693"}],"wp:attachment":[{"href":"https:\/\/www.europesays.com\/fr\/wp-json\/wp\/v2\/media?parent=116692"}],"wp:term":[{"taxonomy":"category","embeddable":true,"href":"https:\/\/www.europesays.com\/fr\/wp-json\/wp\/v2\/categories?post=116692"},{"taxonomy":"post_tag","embeddable":true,"href":"https:\/\/www.europesays.com\/fr\/wp-json\/wp\/v2\/tags?post=116692"}],"curies":[{"name":"wp","href":"https:\/\/api.w.org\/{rel}","templated":true}]}}