{"id":1166920,"date":"2026-09-04T13:08:11","date_gmt":"2026-09-04T13:08:11","guid":{"rendered":"https:\/\/www.europesays.com\/fr\/1166920\/"},"modified":"2026-09-04T13:08:11","modified_gmt":"2026-09-04T13:08:11","slug":"a-toulon-353-associations-reunies-pour-trouver-son-activite-ou-devenir-benevole","status":"publish","type":"post","link":"https:\/\/www.europesays.com\/fr\/1166920\/","title":{"rendered":"\u00c0 Toulon, 353 associations r\u00e9unies pour trouver son activit\u00e9\u2026 ou devenir b\u00e9n\u00e9vole"},"content":{"rendered":"<p>Sport, musique, culture, solidarit\u00e9, environnement\u2026 Le Forum des associations et du b\u00e9n\u00e9volat revient ce samedi 5 septembre au Palais Neptune \u00e0 Toulon. 353 associations seront pr\u00e9sentes pour s\u00e9duire de nouveaux adh\u00e9rents, mais aussi recruter des b\u00e9n\u00e9voles.<\/p>\n<p>C&rsquo;est l&rsquo;un des grands rendez-vous de la rentr\u00e9e dans la plupart des villes\u00a0! Le Forum des associations\u00a0! Dans le Var, de nombreuses communes organisent ce rendez-vous incontournable ce samedi\u00a0: <strong>La Seyne-sur-Mer, La Valette-du-Var, Carqueiranne, Saint-Mandrier, Draguignan\u2026<\/strong><\/p>\n<p>A Toulon, le Forum des Associations et du b\u00e9n\u00e9volat se tient toute la journ\u00e9e (9h00-18h00). <a target=\"_blank\" rel=\"nofollow noopener noreferrer\" aria-label=\"undefined, ouverture dans un nouvel onglet\" class=\"IciLink ici-link IciArticleLink g-ici-body-regular-1 underline brand svelte-1chfe2s\" href=\"https:\/\/toulon.fr\/agenda\/forum-des-associations-et-du-benevolat\">353 associations vont investir le Palais Neptune<\/a> et la place Besagne. L&rsquo;an dernier, <strong>entre 10 000 et 12 000 personnes<\/strong> ont parcouru les all\u00e9es du forum.<\/p>\n<p>Du sport, mais pas seulement\u00a0!<\/p>\n<p>Et cette ann\u00e9e encore, le choix sera particuli\u00e8rement large\u00a0: sport, culture, sant\u00e9, animaux, \u2026 Les associations sont r\u00e9parties autour de <strong>dix grandes th\u00e9matiques.<\/strong><\/p>\n<p>\u00ab\u00a0On couvre large. \u00c7a va de la culture \u00e0 la solidarit\u00e9, au sport, au d\u00e9veloppement durable. Ce sera vraiment tr\u00e8s complet\u00a0\u00bb explique Brigitte G\u00e9netelli, adjointe au maire de Toulon en charge du forum et des associations.<\/p>\n<p>Pr\u00e8s d&rsquo;une centaine de structures proposeront \u00e9galement des <strong>d\u00e9monstrations ou des ateliers<\/strong>. Danse, boxe, yoga, escrime, th\u00e9\u00e2tre ou encore activit\u00e9s cr\u00e9atives permettront aux visiteurs de tester ou simplement de d\u00e9couvrir certaines disciplines. Pour la premi\u00e8re fois, une trentaine de structures et sections li\u00e9es \u00e0 la Marine nationale seront \u00e9galement repr\u00e9sent\u00e9es.<\/p>\n<p>Un enjeu pour les associations<\/p>\n<p>Pour les associations, l&rsquo;enjeu est important. Cette journ\u00e9e permet de se faire conna\u00eetre mais surtout de transformer les rencontres en inscriptions.<\/p>\n<p>C&rsquo;est le cas de <strong>Music Lab<\/strong>, une <a target=\"_blank\" rel=\"nofollow noopener noreferrer\" aria-label=\"undefined, ouverture dans un nouvel onglet\" class=\"IciLink ici-link IciArticleLink g-ici-body-regular-1 underline brand svelte-1chfe2s\" href=\"https:\/\/musiclabtoulon.com\/\">\u00e9cole de musique situ\u00e9e quartier Escaillon \u00e0 Toulon<\/a>. \u00ab\u00a0Le Forum permet \u00e0 Music Lab d&rsquo;avoir une visibilit\u00e9 cons\u00e9quente. Et il y a beaucoup d&rsquo;\u00e9l\u00e8ves qui s&rsquo;inscrivent dans notre \u00e9cole gr\u00e2ce au forum des associations\u00a0\u00bb constate son directeur, Fred Ambroggi. Le musicien pr\u00e9cise aussi que les visiteurs peuvent profiter de la journ\u00e9e pour poser tr\u00e8s concr\u00e8tement leurs questions sur les horaires, les cours propos\u00e9s, la dizaine d&rsquo;instruments enseign\u00e9s ou encore le fonctionnement de l&rsquo;\u00e9cole. \u00ab\u00a0Tous les ans, ce sont de nouvelles personnes que l&rsquo;on rencontre et qu&rsquo;on peut aider pour l&rsquo;inscription qui se fait en ligne pour notre \u00e9cole\u00a0\u00bb souligne le directeur.<\/p>\n<p>Des b\u00e9n\u00e9voles de plus en plus difficiles \u00e0 trouver<\/p>\n<p>Mais il n&rsquo;est pas n\u00e9cessaire de chercher une activit\u00e9 pour pousser les portes du forum. On peut aussi venir avec l&rsquo;envie de <strong>donner quelques heures de son temps<\/strong>.<\/p>\n<p>Un enjeu devenu majeur pour certaines structures. \u00ab\u00a0Les b\u00e9n\u00e9voles est une ressource qui se tarit. Et c&rsquo;est vraiment la difficult\u00e9 des associations\u00a0\u00bb constate Olivia Combalasse, charg\u00e9e de mission \u00e0 la Ville de Toulon.<\/p>\n<p>Certaines personnes arrivent d&rsquo;ailleurs sans savoir pr\u00e9cis\u00e9ment dans quelle structure elles souhaitent s&rsquo;investir. \u00ab\u00a0Elles ne cherchent pas forc\u00e9ment une activit\u00e9 mais ont envie de donner de leur temps. Elles trouvent des associations et, petit \u00e0 petit, elles y vont\u00a0\u00bb explique-t-elle.<\/p>\n<p><strong>Forum des associations et du b\u00e9n\u00e9volat de Toulon\u00a0: samedi 5 septembre, de 9h \u00e0 18h, au Palais des Congr\u00e8s Neptune et place Besagne. Entr\u00e9e libre.<\/strong><\/p>\n<p>Les autres Forums des associations en Provence<\/p>\n<p>Ce week-end des 5 et 6 septembre, de tr\u00e8s nombreux forums des associations sont organis\u00e9s en Provence, par exemple\u00a0: (liste non exhaustive) :<\/p>\n<p><strong>VAR<\/strong><\/p>\n<p><strong>BOUCHES-DU-RH\u00d4NE<\/strong><\/p>\n<ul>\n<li>Samedi 5 septembre\u00a0: <a target=\"_blank\" rel=\"nofollow noopener noreferrer\" aria-label=\"undefined, ouverture dans un nouvel onglet\" class=\"IciLink ici-link IciArticleLink g-ici-body-regular-1 underline brand svelte-1chfe2s\" href=\"https:\/\/www.marseille.fr\/solidarite\/actualites\/rendez-vous-de-la-vie-associative\">A <strong>Marseille<\/strong>, forum des associations par secteurs<\/a>. Ce samedi\u00a0: Forum 4e\/5e \u2014 9h-13h, Stade Vallier (20, boulevard Fran\u00e7oise Duparc, 4e) ; Forum 9e\/10e \u2014 9h-17h, Parc de Maison Blanche (150, boulevard Paul-Claudel, 9e); Forum 11e\/12e \u201413h-18h, Parc Mirabelle (147, avenue William Booth, 12e).<\/li>\n<\/ul>\n<p>Mais aussi\u00a0: <a target=\"_blank\" rel=\"nofollow noopener noreferrer\" aria-label=\"undefined, ouverture dans un nouvel onglet\" class=\"IciLink ici-link IciArticleLink g-ici-body-regular-1 underline brand svelte-1chfe2s\" href=\"https:\/\/www.salondeprovence.fr\/agenda\/forum-des-associations\/\">Salon-de-Provence<\/a>, <a target=\"_blank\" rel=\"nofollow noopener noreferrer\" aria-label=\"undefined, ouverture dans un nouvel onglet\" class=\"IciLink ici-link IciArticleLink g-ici-body-regular-1 underline brand svelte-1chfe2s\" href=\"https:\/\/www.laciotat.com\/actualite\/lagenda\/1800-forum-des-associations-2026\">La Ciotat<\/a>, <a target=\"_blank\" rel=\"nofollow noopener noreferrer\" aria-label=\"undefined, ouverture dans un nouvel onglet\" class=\"IciLink ici-link IciArticleLink g-ici-body-regular-1 underline brand svelte-1chfe2s\" href=\"https:\/\/www.aixenprovence.fr\/Salon-des-Sports-2026\">Salon des Sports d&rsquo;Aix-en-Provence<\/a> (Val de l&rsquo;Arc), <a target=\"_blank\" rel=\"nofollow noopener noreferrer\" aria-label=\"undefined, ouverture dans un nouvel onglet\" class=\"IciLink ici-link IciArticleLink g-ici-body-regular-1 underline brand svelte-1chfe2s\" href=\"https:\/\/www.vitrolles13.fr\/actualite\/journee-des-associations\/\">Vitrolles<\/a>, <a target=\"_blank\" rel=\"nofollow noopener noreferrer\" aria-label=\"undefined, ouverture dans un nouvel onglet\" class=\"IciLink ici-link IciArticleLink g-ici-body-regular-1 underline brand svelte-1chfe2s\" href=\"https:\/\/www.ville-martigues.fr\/information-transversale\/infos-officielles-idee-a-la-une\/a-lassaut-des-assos-martegales-samedi-5-septembre-2026-41810\">Martigues<\/a>.<\/p>\n<p>      (function(w, d) {     if (w.FB &#038;&#038; w.FB.XFBML &#038;&#038; w.FB.XFBML.parse) {         if (&lsquo;undefined&rsquo; == typeof w.__fbTimeout) {             w.__fbTimeout = setTimeout(function() {                 w.FB.XFBML.parse();                 w.__fbTimeout = undefined;             }, 1000);         }     } else if (&lsquo;undefined&rsquo; == typeof w.__fbTimeout) {         if (d.querySelectorAll(&lsquo;#fb-root&rsquo;).length === 0) {             var fbRoot = d.createElement(&lsquo;div&rsquo;);             fbRoot.id = &lsquo;fb-root&rsquo;;             d.querySelector(&lsquo;body&rsquo;).append(fbRoot);         }         if (d.querySelectorAll(&lsquo;#facebook-jssdk&rsquo;).length === 0) {             var fbScript = d.createElement(&lsquo;script&rsquo;);             fbScript.id = &lsquo;facebook-jssdk&rsquo;;             fbScript.src=\u00a0\u00bb\/\/connect.facebook.net\/fr_FR\/sdk.js#xfbml=1&#038;version=v2.8&#038;appId=593991304071705&Prime;;             fbScript.async = 1;             d.querySelector(&lsquo;head&rsquo;).append(fbScript);         }     } })(window, window.document); \\u003C\/script>\\\u00a0\u00bb,\\\u00a0\u00bbprovider\\\u00a0\u00bb:\\\u00a0\u00bbfacebook\\\u00a0\u00bb,\\\u00a0\u00bbdidomiPurposes\\\u00a0\u00bb:\\\u00a0\u00bbPour afficher ce contenu Facebook, vous devez accepter les cookies \\u003Cb>R\u00e9seaux Sociaux\\u003C\/b>.\\u003Cbr>\\u003Cbr>Ces cookies permettent de partager ou r\u00e9agir directement sur les r\u00e9seaux sociaux auxquels vous \u00eates connect\u00e9s ou d&rsquo;int\u00e9grer du contenu initialement post\u00e9 sur ces r\u00e9seaux sociaux. Ils permettent aussi aux r\u00e9seaux sociaux d&rsquo;utiliser vos visites sur nos sites et applications \u00e0 des fins de personnalisation et de ciblage publicitaire.\\\u00a0\u00bb,\\\u00a0\u00bbdidomiVendorId\\\u00a0\u00bb:\\\u00a0\u00bbc:facebookc-rgacRMQm\\\u00a0\u00bb}},{\\\u00a0\u00bbtype\\\u00a0\u00bb:\\\u00a0\u00bbembed\\\u00a0\u00bb,\\\u00a0\u00bbdata\\\u00a0\u00bb:{\\\u00a0\u00bbhtml\\\u00a0\u00bb:\\\u00a0\u00bb\\u003Cdiv class=\\\\\\\u00a0\u00bbfb-post\\\\\\\u00a0\u00bb data-href=\\\\\\\u00a0\u00bbhttps:\/\/www.facebook.com\/lavalette83160\/posts\/pfbid02vG59TDPShatNP87Hi5km2Uc3nagYpDBefjAzJySustqzH5j4QScg1n83wJAMSV3al\\\\\\\u00a0\u00bb data-width=\\\\\\\u00a0\u00bb560\\\\\\\u00a0\u00bb data-show-text=\\\\\\\u00a0\u00bbtrue\\\\\\\u00a0\u00bb >\\u003C\/div> \\u003Cscript> (function(w, d) {     if (w.FB &#038;&#038; w.FB.XFBML &#038;&#038; w.FB.XFBML.parse) {         if (&lsquo;undefined&rsquo; == typeof w.__fbTimeout) {             w.__fbTimeout = setTimeout(function() {                 w.FB.XFBML.parse();                 w.__fbTimeout = undefined;             }, 1000);         }     } else if (&lsquo;undefined&rsquo; == typeof w.__fbTimeout) {         if (d.querySelectorAll(&lsquo;#fb-root&rsquo;).length === 0) {             var fbRoot = d.createElement(&lsquo;div&rsquo;);             fbRoot.id = &lsquo;fb-root&rsquo;;             d.querySelector(&lsquo;body&rsquo;).append(fbRoot);         }         if (d.querySelectorAll(&lsquo;#facebook-jssdk&rsquo;).length === 0) {             var fbScript = d.createElement(&lsquo;script&rsquo;);             fbScript.id = &lsquo;facebook-jssdk&rsquo;;             fbScript.src=\u00a0\u00bb\/\/connect.facebook.net\/fr_FR\/sdk.js#xfbml=1&#038;version=v2.8&#038;appId=593991304071705&Prime;;             fbScript.async = 1;             d.querySelector(&lsquo;head&rsquo;).append(fbScript);         }     } })(window, window.document); \\u003C\/script>\\\u00a0\u00bb,\\\u00a0\u00bbprovider\\\u00a0\u00bb:\\\u00a0\u00bbfacebook\\\u00a0\u00bb,\\\u00a0\u00bbdidomiPurposes\\\u00a0\u00bb:\\\u00a0\u00bbPour afficher ce contenu Facebook, vous devez accepter les cookies \\u003Cb>R\u00e9seaux Sociaux\\u003C\/b>.\\u003Cbr>\\u003Cbr>Ces cookies permettent de partager ou r\u00e9agir directement sur les r\u00e9seaux sociaux auxquels vous \u00eates connect\u00e9s ou d&rsquo;int\u00e9grer du contenu initialement post\u00e9 sur ces r\u00e9seaux sociaux. Ils permettent aussi aux r\u00e9seaux sociaux d&rsquo;utiliser vos visites sur nos sites et applications \u00e0 des fins de personnalisation et de ciblage publicitaire.\\\u00a0\u00bb,\\\u00a0\u00bbdidomiVendorId\\\u00a0\u00bb:\\\u00a0\u00bbc:facebookc-rgacRMQm\\\u00a0\u00bb}},{\\\u00a0\u00bbtype\\\u00a0\u00bb:\\\u00a0\u00bbembed\\\u00a0\u00bb,\\\u00a0\u00bbdata\\\u00a0\u00bb:{\\\u00a0\u00bbhtml\\\u00a0\u00bb:\\\u00a0\u00bb\\u003Cdiv class=\\\\\\\u00a0\u00bbfb-post\\\\\\\u00a0\u00bb data-href=\\\\\\\u00a0\u00bbhttps:\/\/www.facebook.com\/villecarqueiranne\/posts\/pfbid025eGTSL8aCVmVLzwjxDUocjm3XEwfqMUxa2DZkew4htpE22sGZ8pTafApBvxRLG2sl\\\\\\\u00a0\u00bb data-width=\\\\\\\u00a0\u00bb560\\\\\\\u00a0\u00bb data-show-text=\\\\\\\u00a0\u00bbtrue\\\\\\\u00a0\u00bb >\\u003C\/div> \\u003Cscript> (function(w, d) {     if (w.FB &#038;&#038; w.FB.XFBML &#038;&#038; w.FB.XFBML.parse) {         if (&lsquo;undefined&rsquo; == typeof w.__fbTimeout) {             w.__fbTimeout = setTimeout(function() {                 w.FB.XFBML.parse();                 w.__fbTimeout = undefined;             }, 1000);         }     } else if (&lsquo;undefined&rsquo; == typeof w.__fbTimeout) {         if (d.querySelectorAll(&lsquo;#fb-root&rsquo;).length === 0) {             var fbRoot = d.createElement(&lsquo;div&rsquo;);             fbRoot.id = &lsquo;fb-root&rsquo;;             d.querySelector(&lsquo;body&rsquo;).append(fbRoot);         }         if (d.querySelectorAll(&lsquo;#facebook-jssdk&rsquo;).length === 0) {             var fbScript = d.createElement(&lsquo;script&rsquo;);             fbScript.id = &lsquo;facebook-jssdk&rsquo;;             fbScript.src=\u00a0\u00bb\/\/connect.facebook.net\/fr_FR\/sdk.js#xfbml=1&#038;version=v2.8&#038;appId=593991304071705&Prime;;             fbScript.async = 1;             d.querySelector(&lsquo;head&rsquo;).append(fbScript);         }     } })(window, window.document); \\u003C\/script>\\\u00a0\u00bb,\\\u00a0\u00bbprovider\\\u00a0\u00bb:\\\u00a0\u00bbfacebook\\\u00a0\u00bb,\\\u00a0\u00bbdidomiPurposes\\\u00a0\u00bb:\\\u00a0\u00bbPour afficher ce contenu Facebook, vous devez accepter les cookies \\u003Cb>R\u00e9seaux Sociaux\\u003C\/b>.\\u003Cbr>\\u003Cbr>Ces cookies permettent de partager ou r\u00e9agir directement sur les r\u00e9seaux sociaux auxquels vous \u00eates connect\u00e9s ou d&rsquo;int\u00e9grer du contenu initialement post\u00e9 sur ces r\u00e9seaux sociaux. Ils permettent aussi aux r\u00e9seaux sociaux d&rsquo;utiliser vos visites sur nos sites et applications \u00e0 des fins de personnalisation et de ciblage publicitaire.\\\u00a0\u00bb,\\\u00a0\u00bbdidomiVendorId\\\u00a0\u00bb:\\\u00a0\u00bbc:facebookc-rgacRMQm\\\u00a0\u00bb}},{\\\u00a0\u00bbtype\\\u00a0\u00bb:\\\u00a0\u00bbembed\\\u00a0\u00bb,\\\u00a0\u00bbdata\\\u00a0\u00bb:{\\\u00a0\u00bbhtml\\\u00a0\u00bb:\\\u00a0\u00bb\\u003Cdiv class=\\\\\\\u00a0\u00bbfb-post\\\\\\\u00a0\u00bb data-href=\\\\\\\u00a0\u00bbhttps:\/\/www.facebook.com\/villedelalondelesmaures\/posts\/pfbid029gQyc5vUTt35iUWuyQrcXSykBY1yCpZubS7rDfJjymtko6LvNJuJH8gL1py79chQl\\\\\\\u00a0\u00bb data-width=\\\\\\\u00a0\u00bb560\\\\\\\u00a0\u00bb data-show-text=\\\\\\\u00a0\u00bbtrue\\\\\\\u00a0\u00bb >\\u003C\/div> \\u003Cscript> (function(w, d) {     if (w.FB &#038;&#038; w.FB.XFBML &#038;&#038; w.FB.XFBML.parse) {         if (&lsquo;undefined&rsquo; == typeof w.__fbTimeout) {             w.__fbTimeout = setTimeout(function() {                 w.FB.XFBML.parse();                 w.__fbTimeout = undefined;             }, 1000);         }     } else if (&lsquo;undefined&rsquo; == typeof w.__fbTimeout) {         if (d.querySelectorAll(&lsquo;#fb-root&rsquo;).length === 0) {             var fbRoot = d.createElement(&lsquo;div&rsquo;);             fbRoot.id = &lsquo;fb-root&rsquo;;             d.querySelector(&lsquo;body&rsquo;).append(fbRoot);         }         if (d.querySelectorAll(&lsquo;#facebook-jssdk&rsquo;).length === 0) {             var fbScript = d.createElement(&lsquo;script&rsquo;);             fbScript.id = &lsquo;facebook-jssdk&rsquo;;             fbScript.src=\u00a0\u00bb\/\/connect.facebook.net\/fr_FR\/sdk.js#xfbml=1&#038;version=v2.8&#038;appId=593991304071705&Prime;;             fbScript.async = 1;             d.querySelector(&lsquo;head&rsquo;).append(fbScript);         }     } })(window, window.document); \\u003C\/script>\\\u00a0\u00bb,\\\u00a0\u00bbprovider\\\u00a0\u00bb:\\\u00a0\u00bbfacebook\\\u00a0\u00bb,\\\u00a0\u00bbdidomiPurposes\\\u00a0\u00bb:\\\u00a0\u00bbPour afficher ce contenu Facebook, vous devez accepter les cookies \\u003Cb>R\u00e9seaux Sociaux\\u003C\/b>.\\u003Cbr>\\u003Cbr>Ces cookies permettent de partager ou r\u00e9agir directement sur les r\u00e9seaux sociaux auxquels vous \u00eates connect\u00e9s ou d&rsquo;int\u00e9grer du contenu initialement post\u00e9 sur ces r\u00e9seaux sociaux. Ils permettent aussi aux r\u00e9seaux sociaux d&rsquo;utiliser vos visites sur nos sites et applications \u00e0 des fins de personnalisation et de ciblage publicitaire.\\\u00a0\u00bb,\\\u00a0\u00bbdidomiVendorId\\\u00a0\u00bb:\\\u00a0\u00bbc:facebookc-rgacRMQm\\\u00a0\u00bb}},{\\\u00a0\u00bbtype\\\u00a0\u00bb:\\\u00a0\u00bbembed\\\u00a0\u00bb,\\\u00a0\u00bbdata\\\u00a0\u00bb:{\\\u00a0\u00bbhtml\\\u00a0\u00bb:\\\u00a0\u00bb\\u003Cdiv class=\\\\\\\u00a0\u00bbfb-post\\\\\\\u00a0\u00bb data-href=\\\\\\\u00a0\u00bbhttps:\/\/www.facebook.com\/ville.draguignan\/posts\/pfbid0rXjBaxA52uorPkr3iPDGnEpBamGDrutstasxQSQDDpVNW55CVSPov941svWGUAsVl\\\\\\\u00a0\u00bb data-width=\\\\\\\u00a0\u00bb560\\\\\\\u00a0\u00bb data-show-text=\\\\\\\u00a0\u00bbtrue\\\\\\\u00a0\u00bb >\\u003C\/div> \\u003Cscript> (function(w, d) {     if (w.FB &#038;&#038; w.FB.XFBML &#038;&#038; w.FB.XFBML.parse) {         if (&lsquo;undefined&rsquo; == typeof w.__fbTimeout) {             w.__fbTimeout = setTimeout(function() {                 w.FB.XFBML.parse();                 w.__fbTimeout = undefined;             }, 1000);         }     } else if (&lsquo;undefined&rsquo; == typeof w.__fbTimeout) {         if (d.querySelectorAll(&lsquo;#fb-root&rsquo;).length === 0) {             var fbRoot = d.createElement(&lsquo;div&rsquo;);             fbRoot.id = &lsquo;fb-root&rsquo;;             d.querySelector(&lsquo;body&rsquo;).append(fbRoot);         }         if (d.querySelectorAll(&lsquo;#facebook-jssdk&rsquo;).length === 0) {             var fbScript = d.createElement(&lsquo;script&rsquo;);             fbScript.id = &lsquo;facebook-jssdk&rsquo;;             fbScript.src=\u00a0\u00bb\/\/connect.facebook.net\/fr_FR\/sdk.js#xfbml=1&#038;version=v2.8&#038;appId=593991304071705&Prime;;             fbScript.async = 1;             d.querySelector(&lsquo;head&rsquo;).append(fbScript);         }     } })(window, window.document); \\u003C\/script>\\\u00a0\u00bb,\\\u00a0\u00bbprovider\\\u00a0\u00bb:\\\u00a0\u00bbfacebook\\\u00a0\u00bb,\\\u00a0\u00bbdidomiPurposes\\\u00a0\u00bb:\\\u00a0\u00bbPour afficher ce contenu Facebook, vous devez accepter les cookies \\u003Cb>R\u00e9seaux Sociaux\\u003C\/b>.\\u003Cbr>\\u003Cbr>Ces cookies permettent de partager ou r\u00e9agir directement sur les r\u00e9seaux sociaux auxquels vous \u00eates connect\u00e9s ou d&rsquo;int\u00e9grer du contenu initialement post\u00e9 sur ces r\u00e9seaux sociaux. Ils permettent aussi aux r\u00e9seaux sociaux d&rsquo;utiliser vos visites sur nos sites et applications \u00e0 des fins de personnalisation et de ciblage publicitaire.\\\u00a0\u00bb,\\\u00a0\u00bbdidomiVendorId\\\u00a0\u00bb:\\\u00a0\u00bbc:facebookc-rgacRMQm\\\u00a0\u00bb}}]},\\\u00a0\u00bbgeoInfos\\\u00a0\u00bb:{\\\u00a0\u00bbregion\\\u00a0\u00bb:{\\\u00a0\u00bbslug\\\u00a0\u00bb:\\\u00a0\u00bbprovence-alpes-cote-d-azur\\\u00a0\u00bb,\\\u00a0\u00bbtitle\\\u00a0\u00bb:\\\u00a0\u00bbProvence-Alpes-C\u00f4te d&rsquo;Azur\\\u00a0\u00bb,\\\u00a0\u00bbcities\\\u00a0\u00bb:[{\\\u00a0\u00bbtitle\\\u00a0\u00bb:\\\u00a0\u00bbAix-en-Provence\\\u00a0\u00bb,\\\u00a0\u00bbpath\\\u00a0\u00bb:\\\u00a0\u00bb\/provence-alpes-cote-d-azur\/bouches-du-rhone-13\/aix-en-provence\\\u00a0\u00bb},{\\\u00a0\u00bbtitle\\\u00a0\u00bb:\\\u00a0\u00bbAntibes\\\u00a0\u00bb,\\\u00a0\u00bbpath\\\u00a0\u00bb:\\\u00a0\u00bb\/provence-alpes-cote-d-azur\/alpes-maritimes-06\/antibes\\\u00a0\u00bb},{\\\u00a0\u00bbtitle\\\u00a0\u00bb:\\\u00a0\u00bbAvignon\\\u00a0\u00bb,\\\u00a0\u00bbpath\\\u00a0\u00bb:\\\u00a0\u00bb\/provence-alpes-cote-d-azur\/vaucluse-84\/avignon\\\u00a0\u00bb},{\\\u00a0\u00bbtitle\\\u00a0\u00bb:\\\u00a0\u00bbCannes\\\u00a0\u00bb,\\\u00a0\u00bbpath\\\u00a0\u00bb:\\\u00a0\u00bb\/provence-alpes-cote-d-azur\/alpes-maritimes-06\/cannes\\\u00a0\u00bb},{\\\u00a0\u00bbtitle\\\u00a0\u00bb:\\\u00a0\u00bbFr\u00e9jus\\\u00a0\u00bb,\\\u00a0\u00bbpath\\\u00a0\u00bb:\\\u00a0\u00bb\/provence-alpes-cote-d-azur\/var-83\/frejus\\\u00a0\u00bb},{\\\u00a0\u00bbtitle\\\u00a0\u00bb:\\\u00a0\u00bbHy\u00e8res\\\u00a0\u00bb,\\\u00a0\u00bbpath\\\u00a0\u00bb:\\\u00a0\u00bb\/provence-alpes-cote-d-azur\/var-83\/hyeres\\\u00a0\u00bb},{\\\u00a0\u00bbtitle\\\u00a0\u00bb:\\\u00a0\u00bbMarseille\\\u00a0\u00bb,\\\u00a0\u00bbpath\\\u00a0\u00bb:\\\u00a0\u00bb\/provence-alpes-cote-d-azur\/bouches-du-rhone-13\/marseille\\\u00a0\u00bb},{\\\u00a0\u00bbtitle\\\u00a0\u00bb:\\\u00a0\u00bbNice\\\u00a0\u00bb,\\\u00a0\u00bbpath\\\u00a0\u00bb:\\\u00a0\u00bb\/provence-alpes-cote-d-azur\/alpes-maritimes-06\/nice\\\u00a0\u00bb},{\\\u00a0\u00bbtitle\\\u00a0\u00bb:\\\u00a0\u00bbLa Seyne-sur-Mer\\\u00a0\u00bb,\\\u00a0\u00bbpath\\\u00a0\u00bb:\\\u00a0\u00bb\/provence-alpes-cote-d-azur\/var-83\/seyne-sur-mer\\\u00a0\u00bb},{\\\u00a0\u00bbtitle\\\u00a0\u00bb:\\\u00a0\u00bbToulon\\\u00a0\u00bb,\\\u00a0\u00bbpath\\\u00a0\u00bb:\\\u00a0\u00bb\/provence-alpes-cote-d-azur\/var-83\/toulon\\\u00a0\u00bb}],\\\u00a0\u00bbdepartments\\\u00a0\u00bb:[{\\\u00a0\u00bbslug\\\u00a0\u00bb:\\\u00a0\u00bbalpes-de-haute-provence-04\\\u00a0\u00bb,\\\u00a0\u00bbtitle\\\u00a0\u00bb:\\\u00a0\u00bbAlpes-de-Haute-Provence\\\u00a0\u00bb,\\\u00a0\u00bbtitleArticle\\\u00a0\u00bb:\\\u00a0\u00bbdes \\\u00a0\u00bb,\\\u00a0\u00bblocale\\\u00a0\u00bb:{\\\u00a0\u00bbnearest\\\u00a0\u00bb:[\\\u00a0\u00bbazur\\\u00a0\u00bb,\\\u00a0\u00bbisere\\\u00a0\u00bb,\\\u00a0\u00bbprovence\\\u00a0\u00bb]},\\\u00a0\u00bbnearestDepartment\\\u00a0\u00bb:[\\\u00a0\u00bbdrome-26\\\u00a0\u00bb,\\\u00a0\u00bbhautes-alpes-05\\\u00a0\u00bb,\\\u00a0\u00bbalpes-maritimes-06\\\u00a0\u00bb,\\\u00a0\u00bbvar-83\\\u00a0\u00bb,\\\u00a0\u00bbbouches-du-rhone-13\\\u00a0\u00bb,\\\u00a0\u00bbvaucluse-84\\\u00a0\u00bb],\\\u00a0\u00bbcities\\\u00a0\u00bb:[{\\\u00a0\u00bbpath\\\u00a0\u00bb:\\\u00a0\u00bb\/provence-alpes-cote-d-azur\/alpes-de-haute-provence-04\/chateau-arnoux-saint-auban\\\u00a0\u00bb,\\\u00a0\u00bbtitle\\\u00a0\u00bb:\\\u00a0\u00bbCh\u00e2teau-Arnoux-Saint-Auban\\\u00a0\u00bb},{\\\u00a0\u00bbpath\\\u00a0\u00bb:\\\u00a0\u00bb\/provence-alpes-cote-d-azur\/alpes-de-haute-provence-04\/digne-les-bains\\\u00a0\u00bb,\\\u00a0\u00bbtitle\\\u00a0\u00bb:\\\u00a0\u00bbDigne-les-Bains\\\u00a0\u00bb},{\\\u00a0\u00bbpath\\\u00a0\u00bb:\\\u00a0\u00bb\/provence-alpes-cote-d-azur\/alpes-de-haute-provence-04\/forcalquier\\\u00a0\u00bb,\\\u00a0\u00bbtitle\\\u00a0\u00bb:\\\u00a0\u00bbForcalquier\\\u00a0\u00bb},{\\\u00a0\u00bbpath\\\u00a0\u00bb:\\\u00a0\u00bb\/provence-alpes-cote-d-azur\/alpes-de-haute-provence-04\/manosque\\\u00a0\u00bb,\\\u00a0\u00bbtitle\\\u00a0\u00bb:\\\u00a0\u00bbManosque\\\u00a0\u00bb},{\\\u00a0\u00bbpath\\\u00a0\u00bb:\\\u00a0\u00bb\/provence-alpes-cote-d-azur\/alpes-de-haute-provence-04\/oraison\\\u00a0\u00bb,\\\u00a0\u00bbtitle\\\u00a0\u00bb:\\\u00a0\u00bbOraison\\\u00a0\u00bb},{\\\u00a0\u00bbpath\\\u00a0\u00bb:\\\u00a0\u00bb\/provence-alpes-cote-d-azur\/alpes-de-haute-provence-04\/pierrevert\\\u00a0\u00bb,\\\u00a0\u00bbtitle\\\u00a0\u00bb:\\\u00a0\u00bbPierrevert\\\u00a0\u00bb},{\\\u00a0\u00bbpath\\\u00a0\u00bb:\\\u00a0\u00bb\/provence-alpes-cote-d-azur\/alpes-de-haute-provence-04\/sisteron\\\u00a0\u00bb,\\\u00a0\u00bbtitle\\\u00a0\u00bb:\\\u00a0\u00bbSisteron\\\u00a0\u00bb},{\\\u00a0\u00bbpath\\\u00a0\u00bb:\\\u00a0\u00bb\/provence-alpes-cote-d-azur\/alpes-de-haute-provence-04\/villeneuve\\\u00a0\u00bb,\\\u00a0\u00bbtitle\\\u00a0\u00bb:\\\u00a0\u00bbVilleneuve\\\u00a0\u00bb},{\\\u00a0\u00bbpath\\\u00a0\u00bb:\\\u00a0\u00bb\/provence-alpes-cote-d-azur\/alpes-de-haute-provence-04\/sainte-tulle\\\u00a0\u00bb,\\\u00a0\u00bbtitle\\\u00a0\u00bb:\\\u00a0\u00bbSainte-Tulle\\\u00a0\u00bb},{\\\u00a0\u00bbpath\\\u00a0\u00bb:\\\u00a0\u00bb\/provence-alpes-cote-d-azur\/alpes-de-haute-provence-04\/mees\\\u00a0\u00bb,\\\u00a0\u00bbtitle\\\u00a0\u00bb:\\\u00a0\u00bbLes M\u00e9es\\\u00a0\u00bb}]},{\\\u00a0\u00bbslug\\\u00a0\u00bb:\\\u00a0\u00bbalpes-maritimes-06\\\u00a0\u00bb,\\\u00a0\u00bbtitle\\\u00a0\u00bb:\\\u00a0\u00bbAlpes-Maritimes\\\u00a0\u00bb,\\\u00a0\u00bbtitleArticle\\\u00a0\u00bb:\\\u00a0\u00bbdes \\\u00a0\u00bb,\\\u00a0\u00bblocale\\\u00a0\u00bb:{\\\u00a0\u00bbmain\\\u00a0\u00bb:\\\u00a0\u00bbazur\\\u00a0\u00bb,\\\u00a0\u00bbnearest\\\u00a0\u00bb:[]},\\\u00a0\u00bbnearestDepartment\\\u00a0\u00bb:[\\\u00a0\u00bbalpes-de-haute-provence-04\\\u00a0\u00bb,\\\u00a0\u00bbvar-83\\\u00a0\u00bb],\\\u00a0\u00bbcities\\\u00a0\u00bb:[{\\\u00a0\u00bbpath\\\u00a0\u00bb:\\\u00a0\u00bb\/provence-alpes-cote-d-azur\/alpes-maritimes-06\/antibes\\\u00a0\u00bb,\\\u00a0\u00bbtitle\\\u00a0\u00bb:\\\u00a0\u00bbAntibes\\\u00a0\u00bb},{\\\u00a0\u00bbpath\\\u00a0\u00bb:\\\u00a0\u00bb\/provence-alpes-cote-d-azur\/alpes-maritimes-06\/cagnes-sur-mer\\\u00a0\u00bb,\\\u00a0\u00bbtitle\\\u00a0\u00bb:\\\u00a0\u00bbCagnes-sur-Mer\\\u00a0\u00bb},{\\\u00a0\u00bbpath\\\u00a0\u00bb:\\\u00a0\u00bb\/provence-alpes-cote-d-azur\/alpes-maritimes-06\/cannes\\\u00a0\u00bb,\\\u00a0\u00bbtitle\\\u00a0\u00bb:\\\u00a0\u00bbCannes\\\u00a0\u00bb},{\\\u00a0\u00bbpath\\\u00a0\u00bb:\\\u00a0\u00bb\/provence-alpes-cote-d-azur\/alpes-maritimes-06\/grasse\\\u00a0\u00bb,\\\u00a0\u00bbtitle\\\u00a0\u00bb:\\\u00a0\u00bbGrasse\\\u00a0\u00bb},{\\\u00a0\u00bbpath\\\u00a0\u00bb:\\\u00a0\u00bb\/provence-alpes-cote-d-azur\/alpes-maritimes-06\/menton\\\u00a0\u00bb,\\\u00a0\u00bbtitle\\\u00a0\u00bb:\\\u00a0\u00bbMenton\\\u00a0\u00bb},{\\\u00a0\u00bbpath\\\u00a0\u00bb:\\\u00a0\u00bb\/provence-alpes-cote-d-azur\/alpes-maritimes-06\/nice\\\u00a0\u00bb,\\\u00a0\u00bbtitle\\\u00a0\u00bb:\\\u00a0\u00bbNice\\\u00a0\u00bb},{\\\u00a0\u00bbpath\\\u00a0\u00bb:\\\u00a0\u00bb\/provence-alpes-cote-d-azur\/alpes-maritimes-06\/saint-laurent-du-var\\\u00a0\u00bb,\\\u00a0\u00bbtitle\\\u00a0\u00bb:\\\u00a0\u00bbSaint-Laurent-du-Var\\\u00a0\u00bb},{\\\u00a0\u00bbpath\\\u00a0\u00bb:\\\u00a0\u00bb\/provence-alpes-cote-d-azur\/alpes-maritimes-06\/vallauris\\\u00a0\u00bb,\\\u00a0\u00bbtitle\\\u00a0\u00bb:\\\u00a0\u00bbVallauris\\\u00a0\u00bb},{\\\u00a0\u00bbpath\\\u00a0\u00bb:\\\u00a0\u00bb\/provence-alpes-cote-d-azur\/alpes-maritimes-06\/mandelieu-la-napoule\\\u00a0\u00bb,\\\u00a0\u00bbtitle\\\u00a0\u00bb:\\\u00a0\u00bbMandelieu-la-Napoule\\\u00a0\u00bb},{\\\u00a0\u00bbpath\\\u00a0\u00bb:\\\u00a0\u00bb\/provence-alpes-cote-d-azur\/alpes-maritimes-06\/cannet\\\u00a0\u00bb,\\\u00a0\u00bbtitle\\\u00a0\u00bb:\\\u00a0\u00bbLe Cannet\\\u00a0\u00bb}]},{\\\u00a0\u00bbslug\\\u00a0\u00bb:\\\u00a0\u00bbbouches-du-rhone-13\\\u00a0\u00bb,\\\u00a0\u00bbtitle\\\u00a0\u00bb:\\\u00a0\u00bbBouches-du-Rh\u00f4ne\\\u00a0\u00bb,\\\u00a0\u00bbtitleArticle\\\u00a0\u00bb:\\\u00a0\u00bbdes \\\u00a0\u00bb,\\\u00a0\u00bbtitleHtml\\\u00a0\u00bb:\\\u00a0\u00bbBouches-du\u2011Rh\u00f4ne\\\u00a0\u00bb,\\\u00a0\u00bblocale\\\u00a0\u00bb:{\\\u00a0\u00bbmain\\\u00a0\u00bb:\\\u00a0\u00bbprovence\\\u00a0\u00bb,\\\u00a0\u00bbnearest\\\u00a0\u00bb:[]},\\\u00a0\u00bbnearestDepartment\\\u00a0\u00bb:[\\\u00a0\u00bbgard-30\\\u00a0\u00bb,\\\u00a0\u00bbvaucluse-84\\\u00a0\u00bb,\\\u00a0\u00bbalpes-de-haute-provence-04\\\u00a0\u00bb,\\\u00a0\u00bbvar-83\\\u00a0\u00bb],\\\u00a0\u00bbcities\\\u00a0\u00bb:[{\\\u00a0\u00bbpath\\\u00a0\u00bb:\\\u00a0\u00bb\/provence-alpes-cote-d-azur\/bouches-du-rhone-13\/aix-en-provence\\\u00a0\u00bb,\\\u00a0\u00bbtitle\\\u00a0\u00bb:\\\u00a0\u00bbAix-en-Provence\\\u00a0\u00bb},{\\\u00a0\u00bbpath\\\u00a0\u00bb:\\\u00a0\u00bb\/provence-alpes-cote-d-azur\/bouches-du-rhone-13\/arles\\\u00a0\u00bb,\\\u00a0\u00bbtitle\\\u00a0\u00bb:\\\u00a0\u00bbArles\\\u00a0\u00bb},{\\\u00a0\u00bbpath\\\u00a0\u00bb:\\\u00a0\u00bb\/provence-alpes-cote-d-azur\/bouches-du-rhone-13\/aubagne\\\u00a0\u00bb,\\\u00a0\u00bbtitle\\\u00a0\u00bb:\\\u00a0\u00bbAubagne\\\u00a0\u00bb},{\\\u00a0\u00bbpath\\\u00a0\u00bb:\\\u00a0\u00bb\/provence-alpes-cote-d-azur\/bouches-du-rhone-13\/istres\\\u00a0\u00bb,\\\u00a0\u00bbtitle\\\u00a0\u00bb:\\\u00a0\u00bbIstres\\\u00a0\u00bb},{\\\u00a0\u00bbpath\\\u00a0\u00bb:\\\u00a0\u00bb\/provence-alpes-cote-d-azur\/bouches-du-rhone-13\/marseille\\\u00a0\u00bb,\\\u00a0\u00bbtitle\\\u00a0\u00bb:\\\u00a0\u00bbMarseille\\\u00a0\u00bb},{\\\u00a0\u00bbpath\\\u00a0\u00bb:\\\u00a0\u00bb\/provence-alpes-cote-d-azur\/bouches-du-rhone-13\/martigues\\\u00a0\u00bb,\\\u00a0\u00bbtitle\\\u00a0\u00bb:\\\u00a0\u00bbMartigues\\\u00a0\u00bb},{\\\u00a0\u00bbpath\\\u00a0\u00bb:\\\u00a0\u00bb\/provence-alpes-cote-d-azur\/bouches-du-rhone-13\/salon-de-provence\\\u00a0\u00bb,\\\u00a0\u00bbtitle\\\u00a0\u00bb:\\\u00a0\u00bbSalon-de-Provence\\\u00a0\u00bb},{\\\u00a0\u00bbpath\\\u00a0\u00bb:\\\u00a0\u00bb\/provence-alpes-cote-d-azur\/bouches-du-rhone-13\/vitrolles\\\u00a0\u00bb,\\\u00a0\u00bbtitle\\\u00a0\u00bb:\\\u00a0\u00bbVitrolles\\\u00a0\u00bb},{\\\u00a0\u00bbpath\\\u00a0\u00bb:\\\u00a0\u00bb\/provence-alpes-cote-d-azur\/bouches-du-rhone-13\/marignane\\\u00a0\u00bb,\\\u00a0\u00bbtitle\\\u00a0\u00bb:\\\u00a0\u00bbMarignane\\\u00a0\u00bb},{\\\u00a0\u00bbpath\\\u00a0\u00bb:\\\u00a0\u00bb\/provence-alpes-cote-d-azur\/bouches-du-rhone-13\/ciotat\\\u00a0\u00bb,\\\u00a0\u00bbtitle\\\u00a0\u00bb:\\\u00a0\u00bbLa Ciotat\\\u00a0\u00bb}]},{\\\u00a0\u00bbslug\\\u00a0\u00bb:\\\u00a0\u00bbhautes-alpes-05\\\u00a0\u00bb,\\\u00a0\u00bbtitle\\\u00a0\u00bb:\\\u00a0\u00bbHautes-Alpes\\\u00a0\u00bb,\\\u00a0\u00bbtitleArticle\\\u00a0\u00bb:\\\u00a0\u00bbdes \\\u00a0\u00bb,\\\u00a0\u00bblocale\\\u00a0\u00bb:{\\\u00a0\u00bbnearest\\\u00a0\u00bb:[\\\u00a0\u00bbazur\\\u00a0\u00bb,\\\u00a0\u00bbisere\\\u00a0\u00bb,\\\u00a0\u00bbprovence\\\u00a0\u00bb]},\\\u00a0\u00bbnearestDepartment\\\u00a0\u00bb:[\\\u00a0\u00bbisere-38\\\u00a0\u00bb,\\\u00a0\u00bbsavoie-73\\\u00a0\u00bb,\\\u00a0\u00bbalpes-de-haute-provence-04\\\u00a0\u00bb,\\\u00a0\u00bbdrome-26\\\u00a0\u00bb],\\\u00a0\u00bbcities\\\u00a0\u00bb:[{\\\u00a0\u00bbpath\\\u00a0\u00bb:\\\u00a0\u00bb\/provence-alpes-cote-d-azur\/hautes-alpes-05\/briancon\\\u00a0\u00bb,\\\u00a0\u00bbtitle\\\u00a0\u00bb:\\\u00a0\u00bbBrian\u00e7on\\\u00a0\u00bb},{\\\u00a0\u00bbpath\\\u00a0\u00bb:\\\u00a0\u00bb\/provence-alpes-cote-d-azur\/hautes-alpes-05\/chorges\\\u00a0\u00bb,\\\u00a0\u00bbtitle\\\u00a0\u00bb:\\\u00a0\u00bbChorges\\\u00a0\u00bb},{\\\u00a0\u00bbpath\\\u00a0\u00bb:\\\u00a0\u00bb\/provence-alpes-cote-d-azur\/hautes-alpes-05\/embrun\\\u00a0\u00bb,\\\u00a0\u00bbtitle\\\u00a0\u00bb:\\\u00a0\u00bbEmbrun\\\u00a0\u00bb},{\\\u00a0\u00bbpath\\\u00a0\u00bb:\\\u00a0\u00bb\/provence-alpes-cote-d-azur\/hautes-alpes-05\/gap\\\u00a0\u00bb,\\\u00a0\u00bbtitle\\\u00a0\u00bb:\\\u00a0\u00bbGap\\\u00a0\u00bb},{\\\u00a0\u00bbpath\\\u00a0\u00bb:\\\u00a0\u00bb\/provence-alpes-cote-d-azur\/hautes-alpes-05\/guillestre\\\u00a0\u00bb,\\\u00a0\u00bbtitle\\\u00a0\u00bb:\\\u00a0\u00bbGuillestre\\\u00a0\u00bb},{\\\u00a0\u00bbpath\\\u00a0\u00bb:\\\u00a0\u00bb\/provence-alpes-cote-d-azur\/hautes-alpes-05\/argentiere-la-bessee\\\u00a0\u00bb,\\\u00a0\u00bbtitle\\\u00a0\u00bb:\\\u00a0\u00bbL&rsquo;Argenti\u00e8re-la-Bess\u00e9e\\\u00a0\u00bb},{\\\u00a0\u00bbpath\\\u00a0\u00bb:\\\u00a0\u00bb\/provence-alpes-cote-d-azur\/hautes-alpes-05\/laragne-monteglin\\\u00a0\u00bb,\\\u00a0\u00bbtitle\\\u00a0\u00bb:\\\u00a0\u00bbLaragne-Mont\u00e9glin\\\u00a0\u00bb},{\\\u00a0\u00bbpath\\\u00a0\u00bb:\\\u00a0\u00bb\/provence-alpes-cote-d-azur\/hautes-alpes-05\/veynes\\\u00a0\u00bb,\\\u00a0\u00bbtitle\\\u00a0\u00bb:\\\u00a0\u00bbVeynes\\\u00a0\u00bb},{\\\u00a0\u00bbpath\\\u00a0\u00bb:\\\u00a0\u00bb\/provence-alpes-cote-d-azur\/hautes-alpes-05\/tallard\\\u00a0\u00bb,\\\u00a0\u00bbtitle\\\u00a0\u00bb:\\\u00a0\u00bbTallard\\\u00a0\u00bb},{\\\u00a0\u00bbpath\\\u00a0\u00bb:\\\u00a0\u00bb\/provence-alpes-cote-d-azur\/hautes-alpes-05\/batie-neuve\\\u00a0\u00bb,\\\u00a0\u00bbtitle\\\u00a0\u00bb:\\\u00a0\u00bbLa B\u00e2tie-Neuve\\\u00a0\u00bb}]},{\\\u00a0\u00bbslug\\\u00a0\u00bb:\\\u00a0\u00bbvar-83\\\u00a0\u00bb,\\\u00a0\u00bbtitle\\\u00a0\u00bb:\\\u00a0\u00bbVar\\\u00a0\u00bb,\\\u00a0\u00bbtitleArticle\\\u00a0\u00bb:\\\u00a0\u00bbdu \\\u00a0\u00bb,\\\u00a0\u00bblocale\\\u00a0\u00bb:{\\\u00a0\u00bbnearest\\\u00a0\u00bb:[\\\u00a0\u00bbazur\\\u00a0\u00bb,\\\u00a0\u00bbprovence\\\u00a0\u00bb]},\\\u00a0\u00bbnearestDepartment\\\u00a0\u00bb:[\\\u00a0\u00bbvaucluse-84\\\u00a0\u00bb,\\\u00a0\u00bbalpes-de-haute-provence-04\\\u00a0\u00bb,\\\u00a0\u00bbalpes-maritimes-06\\\u00a0\u00bb,\\\u00a0\u00bbbouches-du-rhone-13\\\u00a0\u00bb],\\\u00a0\u00bbcities\\\u00a0\u00bb:[{\\\u00a0\u00bbpath\\\u00a0\u00bb:\\\u00a0\u00bb\/provence-alpes-cote-d-azur\/var-83\/draguignan\\\u00a0\u00bb,\\\u00a0\u00bbtitle\\\u00a0\u00bb:\\\u00a0\u00bbDraguignan\\\u00a0\u00bb},{\\\u00a0\u00bbpath\\\u00a0\u00bb:\\\u00a0\u00bb\/provence-alpes-cote-d-azur\/var-83\/frejus\\\u00a0\u00bb,\\\u00a0\u00bbtitle\\\u00a0\u00bb:\\\u00a0\u00bbFr\u00e9jus\\\u00a0\u00bb},{\\\u00a0\u00bbpath\\\u00a0\u00bb:\\\u00a0\u00bb\/provence-alpes-cote-d-azur\/var-83\/hyeres\\\u00a0\u00bb,\\\u00a0\u00bbtitle\\\u00a0\u00bb:\\\u00a0\u00bbHy\u00e8res\\\u00a0\u00bb},{\\\u00a0\u00bbpath\\\u00a0\u00bb:\\\u00a0\u00bb\/provence-alpes-cote-d-azur\/var-83\/saint-raphael\\\u00a0\u00bb,\\\u00a0\u00bbtitle\\\u00a0\u00bb:\\\u00a0\u00bbSaint-Rapha\u00ebl\\\u00a0\u00bb},{\\\u00a0\u00bbpath\\\u00a0\u00bb:\\\u00a0\u00bb\/provence-alpes-cote-d-azur\/var-83\/six-fours-les-plages\\\u00a0\u00bb,\\\u00a0\u00bbtitle\\\u00a0\u00bb:\\\u00a0\u00bbSix-Fours-les-Plages\\\u00a0\u00bb},{\\\u00a0\u00bbpath\\\u00a0\u00bb:\\\u00a0\u00bb\/provence-alpes-cote-d-azur\/var-83\/toulon\\\u00a0\u00bb,\\\u00a0\u00bbtitle\\\u00a0\u00bb:\\\u00a0\u00bbToulon\\\u00a0\u00bb},{\\\u00a0\u00bbpath\\\u00a0\u00bb:\\\u00a0\u00bb\/provence-alpes-cote-d-azur\/var-83\/crau\\\u00a0\u00bb,\\\u00a0\u00bbtitle\\\u00a0\u00bb:\\\u00a0\u00bbLa Crau\\\u00a0\u00bb},{\\\u00a0\u00bbpath\\\u00a0\u00bb:\\\u00a0\u00bb\/provence-alpes-cote-d-azur\/var-83\/garde\\\u00a0\u00bb,\\\u00a0\u00bbtitle\\\u00a0\u00bb:\\\u00a0\u00bbLa Garde\\\u00a0\u00bb},{\\\u00a0\u00bbpath\\\u00a0\u00bb:\\\u00a0\u00bb\/provence-alpes-cote-d-azur\/var-83\/seyn\\\\te-sur-mer\\\u00a0\u00bb,\\\u00a0\u00bbtitle\\\u00a0\u00bb:\\\u00a0\u00bbLa Seyne-sur-Mer\\\u00a0\u00bb},{\\\u00a0\u00bbpath\\\u00a0\u00bb:\\\u00a0\u00bb\/provence-alpes-cote-d-azur\/var-83\/valette-du-var\\\u00a0\u00bb,\\\u00a0\u00bbtitle\\\u00a0\u00bb:\\\u00a0\u00bbLa Valette-du-Var\\\u00a0\u00bb}]},{\\\u00a0\u00bbslug\\\u00a0\u00bb:\\\u00a0\u00bbvaucluse-84\\\u00a0\u00bb,\\\u00a0\u00bbtitle\\\u00a0\u00bb:\\\u00a0\u00bbVaucluse\\\u00a0\u00bb,\\\u00a0\u00bbtitleArticle\\\u00a0\u00bb:\\\u00a0\u00bbdu \\\u00a0\u00bb,\\\u00a0\u00bblocale\\\u00a0\u00bb:{\\\u00a0\u00bbmain\\\u00a0\u00bb:\\\u00a0\u00bbvaucluse\\\u00a0\u00bb,\\\u00a0\u00bbnearest\\\u00a0\u00bb:[\\\u00a0\u00bbprovence\\\u00a0\u00bb]},\\\u00a0\u00bbnearestDepartment\\\u00a0\u00bb:[\\\u00a0\u00bbardeche-07\\\u00a0\u00bb,\\\u00a0\u00bbdrome-26\\\u00a0\u00bb,\\\u00a0\u00bbalpes-de-haute-provence-04\\\u00a0\u00bb,\\\u00a0\u00bbvar-83\\\u00a0\u00bb,\\\u00a0\u00bbbouches-du-rhone-13\\\u00a0\u00bb,\\\u00a0\u00bbgard-30\\\u00a0\u00bb],\\\u00a0\u00bbcities\\\u00a0\u00bb:[{\\\u00a0\u00bbpath\\\u00a0\u00bb:\\\u00a0\u00bb\/provence-alpes-cote-d-azur\/vaucluse-84\/avignon\\\u00a0\u00bb,\\\u00a0\u00bbtitle\\\u00a0\u00bb:\\\u00a0\u00bbAvignon\\\u00a0\u00bb},{\\\u00a0\u00bbpath\\\u00a0\u00bb:\\\u00a0\u00bb\/provence-alpes-cote-d-azur\/vaucluse-84\/bollene\\\u00a0\u00bb,\\\u00a0\u00bbtitle\\\u00a0\u00bb:\\\u00a0\u00bbBoll\u00e8ne\\\u00a0\u00bb},{\\\u00a0\u00bbpath\\\u00a0\u00bb:\\\u00a0\u00bb\/provence-alpes-cote-d-azur\/vaucluse-84\/carpentras\\\u00a0\u00bb,\\\u00a0\u00bbtitle\\\u00a0\u00bb:\\\u00a0\u00bbCarpentras\\\u00a0\u00bb},{\\\u00a0\u00bbpath\\\u00a0\u00bb:\\\u00a0\u00bb\/provence-alpes-cote-d-azur\/vaucluse-84\/cavaillon\\\u00a0\u00bb,\\\u00a0\u00bbtitle\\\u00a0\u00bb:\\\u00a0\u00bbCavaillon\\\u00a0\u00bb},{\\\u00a0\u00bbpath\\\u00a0\u00bb:\\\u00a0\u00bb\/provence-alpes-cote-d-azur\/vaucluse-84\/isle-sur-la-sorgue\\\u00a0\u00bb,\\\u00a0\u00bbtitle\\\u00a0\u00bb:\\\u00a0\u00bbL&rsquo;Isle-sur-la-Sorgue\\\u00a0\u00bb},{\\\u00a0\u00bbpath\\\u00a0\u00bb:\\\u00a0\u00bb\/provence-alpes-cote-d-azur\/vaucluse-84\/orange\\\u00a0\u00bb,\\\u00a0\u00bbtitle\\\u00a0\u00bb:\\\u00a0\u00bbOrange\\\u00a0\u00bb},{\\\u00a0\u00bbpath\\\u00a0\u00bb:\\\u00a0\u00bb\/provence-alpes-cote-d-azur\/vaucluse-84\/pertuis\\\u00a0\u00bb,\\\u00a0\u00bbtitle\\\u00a0\u00bb:\\\u00a0\u00bbPertuis\\\u00a0\u00bb},{\\\u00a0\u00bbpath\\\u00a0\u00bb:\\\u00a0\u00bb\/provence-alpes-cote-d-azur\/vaucluse-84\/sorgues\\\u00a0\u00bb,\\\u00a0\u00bbtitle\\\u00a0\u00bb:\\\u00a0\u00bbSorgues\\\u00a0\u00bb},{\\\u00a0\u00bbpath\\\u00a0\u00bb:\\\u00a0\u00bb\/provence-alpes-cote-d-azur\/vaucluse-84\/monteux\\\u00a0\u00bb,\\\u00a0\u00bbtitle\\\u00a0\u00bb:\\\u00a0\u00bbMonteux\\\u00a0\u00bb},{\\\u00a0\u00bbpath\\\u00a0\u00bb:\\\u00a0\u00bb\/provence-alpes-cote-d-azur\/vaucluse-84\/pontet\\\u00a0\u00bb,\\\u00a0\u00bbtitle\\\u00a0\u00bb:\\\u00a0\u00bbLe Pontet\\\u00a0\u00bb}]}],\\\u00a0\u00bbtitleArticle\\\u00a0\u00bb:\\\u00a0\u00bbde \\\u00a0\u00bb,\\\u00a0\u00bbtitleHtml\\\u00a0\u00bb:\\\u00a0\u00bbProvence\u2011Alpes-C\u00f4te\u00a0d&rsquo;Azur\\\u00a0\u00bb,\\\u00a0\u00bbnearestRegion\\\u00a0\u00bb:[\\\u00a0\u00bbauvergne-rhone-alpes\\\u00a0\u00bb,\\\u00a0\u00bboccitanie\\\u00a0\u00bb],\\\u00a0\u00bbnearestLocales\\\u00a0\u00bb:[\\\u00a0\u00bbazur\\\u00a0\u00bb,\\\u00a0\u00bbprovence\\\u00a0\u00bb,\\\u00a0\u00bbvaucluse\\\u00a0\u00bb]},\\\u00a0\u00bbdepartment\\\u00a0\u00bb:{\\\u00a0\u00bbslug\\\u00a0\u00bb:\\\u00a0\u00bbvar-83\\\u00a0\u00bb,\\\u00a0\u00bbtitle\\\u00a0\u00bb:\\\u00a0\u00bbVar\\\u00a0\u00bb,\\\u00a0\u00bbtitleArticle\\\u00a0\u00bb:\\\u00a0\u00bbdu \\\u00a0\u00bb,\\\u00a0\u00bblocale\\\u00a0\u00bb:{\\\u00a0\u00bbnearest\\\u00a0\u00bb:[\\\u00a0\u00bbazur\\\u00a0\u00bb,\\\u00a0\u00bbprovence\\\u00a0\u00bb]},\\\u00a0\u00bbnearestDepartment\\\u00a0\u00bb:[\\\u00a0\u00bbvaucluse-84\\\u00a0\u00bb,\\\u00a0\u00bbalpes-de-haute-provence-04\\\u00a0\u00bb,\\\u00a0\u00bbalpes-maritimes-06\\\u00a0\u00bb,\\\u00a0\u00bbbouches-du-rhone-13\\\u00a0\u00bb],\\\u00a0\u00bbcities\\\u00a0\u00bb:[{\\\u00a0\u00bbpath\\\u00a0\u00bb:\\\u00a0\u00bb\/provence-alpes-cote-d-azur\/var-83\/draguignan\\\u00a0\u00bb,\\\u00a0\u00bbtitle\\\u00a0\u00bb:\\\u00a0\u00bbDraguignan\\\u00a0\u00bb},{\\\u00a0\u00bbpath\\\u00a0\u00bb:\\\u00a0\u00bb\/provence-alpes-cote-d-azur\/var-83\/frejus\\\u00a0\u00bb,\\\u00a0\u00bbtitle\\\u00a0\u00bb:\\\u00a0\u00bbFr\u00e9jus\\\u00a0\u00bb},{\\\u00a0\u00bbpath\\\u00a0\u00bb:\\\u00a0\u00bb\/provence-alpes-cote-d-azur\/var-83\/hyeres\\\u00a0\u00bb,\\\u00a0\u00bbtitle\\\u00a0\u00bb:\\\u00a0\u00bbHy\u00e8res\\\u00a0\u00bb},{\\\u00a0\u00bbpath\\\u00a0\u00bb:\\\u00a0\u00bb\/provence-alpes-cote-d-azur\/var-83\/saint-raphael\\\u00a0\u00bb,\\\u00a0\u00bbtitle\\\u00a0\u00bb:\\\u00a0\u00bbSaint-Rapha\u00ebl\\\u00a0\u00bb},{\\\u00a0\u00bbpath\\\u00a0\u00bb:\\\u00a0\u00bb\/provence-alpes-cote-d-azur\/var-83\/six-fours-les-plages\\\u00a0\u00bb,\\\u00a0\u00bbtitle\\\u00a0\u00bb:\\\u00a0\u00bbSix-Fours-les-Plages\\\u00a0\u00bb},{\\\u00a0\u00bbpath\\\u00a0\u00bb:\\\u00a0\u00bb\/provence-alpes-cote-d-azur\/var-83\/toulon\\\u00a0\u00bb,\\\u00a0\u00bbtitle\\\u00a0\u00bb:\\\u00a0\u00bbToulon\\\u00a0\u00bb},{\\\u00a0\u00bbpath\\\u00a0\u00bb:\\\u00a0\u00bb\/provence-alpes-cote-d-azur\/var-83\/crau\\\u00a0\u00bb,\\\u00a0\u00bbtitle\\\u00a0\u00bb:\\\u00a0\u00bbLa Crau\\\u00a0\u00bb},{\\\u00a0\u00bbpath\\\u00a0\u00bb:\\\u00a0\u00bb\/provence-alpes-cote-d-azur\/var-83\/garde\\\u00a0\u00bb,\\\u00a0\u00bbtitle\\\u00a0\u00bb:\\\u00a0\u00bbLa Garde\\\u00a0\u00bb},{\\\u00a0\u00bbpath\\\u00a0\u00bb:\\\u00a0\u00bb\/provence-alpes-cote-d-azur\/var-83\/seyn\\\\te-sur-mer\\\u00a0\u00bb,\\\u00a0\u00bbtitle\\\u00a0\u00bb:\\\u00a0\u00bbLa Seyne-sur-Mer\\\u00a0\u00bb},{\\\u00a0\u00bbpath\\\u00a0\u00bb:\\\u00a0\u00bb\/provence-alpes-cote-d-azur\/var-83\/valette-du-var\\\u00a0\u00bb,\\\u00a0\u00bbtitle\\\u00a0\u00bb:\\\u00a0\u00bbLa Valette-du-Var\\\u00a0\u00bb}],\\\u00a0\u00bbregionSlug\\\u00a0\u00bb:\\\u00a0\u00bbprovence-alpes-cote-d-azur\\\u00a0\u00bb}},\\\u00a0\u00bbweather\\\u00a0\u00bb:\\\u00a0\u00bb14d258f4-de02-41f0-bf06-87e183de4095\\\u00a0\u00bb},\\\u00a0\u00bbdisplay\\\u00a0\u00bb:{\\\u00a0\u00bbhighBanner\\\u00a0\u00bb:true}}\u00a0\u00bb}<\/p>\n","protected":false},"excerpt":{"rendered":"Sport, musique, culture, solidarit\u00e9, environnement\u2026 Le Forum des associations et du b\u00e9n\u00e9volat revient ce samedi 5 septembre au&hellip;\n","protected":false},"author":2,"featured_media":1166921,"comment_status":"","ping_status":"","sticky":false,"template":"","format":"standard","meta":{"footnotes":"","_share_on_mastodon":"0"},"categories":[9619],"tags":[1111,11,1777,674,1011,27,12,882,25,2310],"class_list":["post-1166920","post","type-post","status-publish","format-standard","has-post-thumbnail","category-toulon","tag-actu","tag-actualites","tag-eu","tag-europe","tag-fr","tag-france","tag-news","tag-provence-alpes-cote-dazur","tag-republique-francaise","tag-toulon"],"share_on_mastodon":{"url":"https:\/\/pubeurope.com\/@fr\/117212931983663858","error":""},"_links":{"self":[{"href":"https:\/\/www.europesays.com\/fr\/wp-json\/wp\/v2\/posts\/1166920","targetHints":{"allow":["GET"]}}],"collection":[{"href":"https:\/\/www.europesays.com\/fr\/wp-json\/wp\/v2\/posts"}],"about":[{"href":"https:\/\/www.europesays.com\/fr\/wp-json\/wp\/v2\/types\/post"}],"author":[{"embeddable":true,"href":"https:\/\/www.europesays.com\/fr\/wp-json\/wp\/v2\/users\/2"}],"replies":[{"embeddable":true,"href":"https:\/\/www.europesays.com\/fr\/wp-json\/wp\/v2\/comments?post=1166920"}],"version-history":[{"count":0,"href":"https:\/\/www.europesays.com\/fr\/wp-json\/wp\/v2\/posts\/1166920\/revisions"}],"wp:featuredmedia":[{"embeddable":true,"href":"https:\/\/www.europesays.com\/fr\/wp-json\/wp\/v2\/media\/1166921"}],"wp:attachment":[{"href":"https:\/\/www.europesays.com\/fr\/wp-json\/wp\/v2\/media?parent=1166920"}],"wp:term":[{"taxonomy":"category","embeddable":true,"href":"https:\/\/www.europesays.com\/fr\/wp-json\/wp\/v2\/categories?post=1166920"},{"taxonomy":"post_tag","embeddable":true,"href":"https:\/\/www.europesays.com\/fr\/wp-json\/wp\/v2\/tags?post=1166920"}],"curies":[{"name":"wp","href":"https:\/\/api.w.org\/{rel}","templated":true}]}}