{"id":1166936,"date":"2026-09-04T13:19:16","date_gmt":"2026-09-04T13:19:16","guid":{"rendered":"https:\/\/www.europesays.com\/fr\/1166936\/"},"modified":"2026-09-04T13:19:16","modified_gmt":"2026-09-04T13:19:16","slug":"a-strasbourg-un-gros-pont-ferme-durgence-apres-lalerte-dun-habitant-voici-ce-que-lon-sait","status":"publish","type":"post","link":"https:\/\/www.europesays.com\/fr\/1166936\/","title":{"rendered":"\u00c0 Strasbourg, un gros pont ferm\u00e9 d\u2019urgence apr\u00e8s l\u2019alerte d\u2019un habitant : voici ce que l&rsquo;on sait"},"content":{"rendered":"<p>                    Par<br \/>\n        <strong><br \/>\n            <a href=\"https:\/\/actu.fr\/auteur\/thomas-blanc\" title=\"Consulter tous les articles de Thomas Blanc\" rel=\"nofollow noopener\" target=\"_blank\">Thomas Blanc<\/a><br \/>\n                    <\/strong><\/p>\n<p>        Publi\u00e9 le<\/p>\n<p>            4 sept. 2026 \u00e0 13h07        <\/p>\n<p>Jeudi 3\u00a0septembre en fin de journ\u00e9e, <strong>un pont routier tr\u00e8s emprunt\u00e9<\/strong> \u00e0 <a href=\"https:\/\/actu.fr\/strasbourg\/\" rel=\"nofollow noopener\" target=\"_blank\">Strasbourg<\/a> a \u00e9t\u00e9 ferm\u00e9 par les services de l\u2019<a href=\"https:\/\/actu.fr\/tag\/eurometropole-de-strasbourg\" rel=\"nofollow noopener\" target=\"_blank\">Eurom\u00e9tropole<\/a>. Des doutes <strong>sur la solidit\u00e9 de l\u2019ouvrage<\/strong> ont \u00e9t\u00e9 \u00e9mis. Voici ce que l\u2019on sait.<\/p>\n<p>Un pont de 2\u00d72 voies ferm\u00e9 \u00e0 la circulation \u00e0 Strasbourg<\/p>\n<p class=\" wall-content\"><strong>Le pont de la Porte du canal<\/strong>, situ\u00e9 derri\u00e8re le <a href=\"https:\/\/actu.fr\/grand-est\/strasbourg_67482\/strasbourg-bassin-vide-nouveaux-jeux-bancs-d-allaitement-ce-qui-attend-le-parc-de-l-orangerie-d-ici-2035_63511666.html\" rel=\"nofollow noopener\" target=\"_blank\">parc de l\u2019Orangerie<\/a> et permettant de relier le quartier du Conseil des quinze \u00e0 celui de la Robertsau, est ferm\u00e9 \u00e0 la circulation automobile depuis jeudi en d\u00e9but de soir\u00e9e.<\/p>\n<p class=\" wall-content\">Une rang\u00e9e de barri\u00e8res emp\u00eache d\u2019emprunter<strong> ce pont \u00e0 2\u00d72 voies<\/strong>.<\/p>\n<p>\u00ab\u2009Un automobiliste a alert\u00e9 car il a senti le pont et sa voiture bouger\u2009\u00bb<\/p>\n<p class=\" wall-content\">La raison \u00e0 cela\u2009: \u00ab\u2009un automobiliste a alert\u00e9 car il a senti le pont et sa voiture bouger en roulant dessus\u2009\u00bb, indiquent les agents <strong>du service en charge des ouvrages d\u2019art<\/strong> de l\u2019Eurom\u00e9tropole, pr\u00e9sents sur place pour des v\u00e9rifications.<\/p>\n<p class=\" wall-content\">\u00ab\u2009Les ponts sont v\u00e9rifi\u00e9s tous les six ans mais l\u00e0 on s\u2019assure qu\u2019il n\u2019y ait pas d\u2019usure, <strong>de fissures anormales<\/strong>, pouvant affecter sa solidit\u00e9\u2009\u00bb, expliquent-ils, \u00e9quip\u00e9s de leur paire de jumelles.<\/p>\n<p>    <img   decoding=\"async\" loading=\"lazy\" src=\"https:\/\/www.europesays.com\/fr\/wp-content\/uploads\/2026\/09\/pont-de-strasbourg-ferme-960x640.jpeg\" alt=\"Les agents s'activent sous le pont pour v\u00e9rifier son \u00e9tat. \" width=\"960\" height=\"640\"\/><br \/>\n    Les agents s\u2019activent sous le pont pour v\u00e9rifier son \u00e9tat. (\u00a9Thomas Blanc \/ Actu Strasbourg)Un d\u00e9tour \u00e0 pr\u00e9voir<\/p>\n<p class=\" wall-content\">Le pont reste ouvert <strong>pour les pi\u00e9tons et pour les v\u00e9los<\/strong>. Il est en revanche impossible d\u2019emprunter la piste cyclable qui passe sous l\u2019ouvrage. Les bateaux sont \u00e9galement toujours autoris\u00e9s, pour le moment, \u00e0 naviguer sous le pont.<\/p>\n<p>    <img   decoding=\"async\" loading=\"lazy\" src=\"https:\/\/www.europesays.com\/fr\/wp-content\/uploads\/2026\/09\/piste-cyclabe-orangerie-960x640.jpeg\" alt=\"La piste cyclable passant sous le pont et reliant le secteur du quai des Belges au parc de l'Orangerie est \u00e9galement ferm\u00e9e.\" width=\"960\" height=\"640\"\/><br \/>\n    La piste cyclable passant sous le pont et reliant le secteur du quai des Belges au parc de l\u2019Orangerie est \u00e9galement ferm\u00e9e. (\u00a9Thomas Blanc \/ Actu Strasbourg)<\/p>\n<p class=\" wall-content\">Pour les automobilistes qui souhaitent rejoindre le Conseil des quinze \u00e0 <a href=\"https:\/\/actu.fr\/grand-est\/strasbourg_67482\/strasbourg-ce-nouvel-amenagement-a-la-robertsau-seduit-les-habitants-avant-c-etait-vraiment-l-horreur_64110360.html\" rel=\"nofollow noopener\" target=\"_blank\">la Robertsau<\/a>, il faudra faire un d\u00e9tour en empruntant l\u2019avenue de l\u2019Europe, de l\u2019autre c\u00f4t\u00e9 du parc de l\u2019Orangerie.<\/p>\n<p class=\" wall-content\">On ne sait pas, \u00e0 ce stade, quand le pont pourrait rouvrir.\u00a0<\/p>\n<p class=\" wall-content\">Personnalisez votre actualit\u00e9 en ajoutant vos villes et m\u00e9dias en favori avec <a href=\"https:\/\/moncompte.actu.fr\" title=\"D\u00e9couvez Mon Actu\" rel=\"nofollow noopener\" data-trk=\"{&quot;cta&quot;:{&quot;action&quot;:&quot;https:\\\/\\\/moncompte.actu.fr&quot;,&quot;category&quot;:&quot;mon compte&quot;,&quot;from&quot;:&quot;article footer&quot;,&quot;name&quot;:&quot;Mon actu&quot;,&quot;type&quot;:&quot;cta&quot;}}\" target=\"_blank\">Mon Actu<\/a>.<\/p>\n","protected":false},"excerpt":{"rendered":"Par Thomas Blanc Publi\u00e9 le 4 sept. 2026 \u00e0 13h07 Jeudi 3\u00a0septembre en fin de journ\u00e9e, un pont&hellip;\n","protected":false},"author":2,"featured_media":1166937,"comment_status":"","ping_status":"","sticky":false,"template":"","format":"standard","meta":{"footnotes":"","_share_on_mastodon":"0"},"categories":[2820],"tags":[1111,11,3542,1777,5342,674,1011,27,775,12,25,104,640],"class_list":["post-1166936","post","type-post","status-publish","format-standard","has-post-thumbnail","category-strasbourg","tag-actu","tag-actualites","tag-circulation","tag-eu","tag-eurometropole-de-strasbourg","tag-europe","tag-fr","tag-france","tag-grand-est","tag-news","tag-republique-francaise","tag-societe","tag-strasbourg"],"share_on_mastodon":{"url":"https:\/\/pubeurope.com\/@fr\/117212975789362570","error":""},"_links":{"self":[{"href":"https:\/\/www.europesays.com\/fr\/wp-json\/wp\/v2\/posts\/1166936","targetHints":{"allow":["GET"]}}],"collection":[{"href":"https:\/\/www.europesays.com\/fr\/wp-json\/wp\/v2\/posts"}],"about":[{"href":"https:\/\/www.europesays.com\/fr\/wp-json\/wp\/v2\/types\/post"}],"author":[{"embeddable":true,"href":"https:\/\/www.europesays.com\/fr\/wp-json\/wp\/v2\/users\/2"}],"replies":[{"embeddable":true,"href":"https:\/\/www.europesays.com\/fr\/wp-json\/wp\/v2\/comments?post=1166936"}],"version-history":[{"count":0,"href":"https:\/\/www.europesays.com\/fr\/wp-json\/wp\/v2\/posts\/1166936\/revisions"}],"wp:featuredmedia":[{"embeddable":true,"href":"https:\/\/www.europesays.com\/fr\/wp-json\/wp\/v2\/media\/1166937"}],"wp:attachment":[{"href":"https:\/\/www.europesays.com\/fr\/wp-json\/wp\/v2\/media?parent=1166936"}],"wp:term":[{"taxonomy":"category","embeddable":true,"href":"https:\/\/www.europesays.com\/fr\/wp-json\/wp\/v2\/categories?post=1166936"},{"taxonomy":"post_tag","embeddable":true,"href":"https:\/\/www.europesays.com\/fr\/wp-json\/wp\/v2\/tags?post=1166936"}],"curies":[{"name":"wp","href":"https:\/\/api.w.org\/{rel}","templated":true}]}}