{"id":1166938,"date":"2026-09-04T13:20:15","date_gmt":"2026-09-04T13:20:15","guid":{"rendered":"https:\/\/www.europesays.com\/fr\/1166938\/"},"modified":"2026-09-04T13:20:15","modified_gmt":"2026-09-04T13:20:15","slug":"strasbourg-augmente-le-tarif-de-ses-musees","status":"publish","type":"post","link":"https:\/\/www.europesays.com\/fr\/1166938\/","title":{"rendered":"Strasbourg augmente le tarif de ses mus\u00e9es"},"content":{"rendered":"<p>Depuis le 1er septembre, visiter les mus\u00e9es municipaux de Strasbourg co\u00fbte plus cher. Le tarif plein passe de 7,50 \u00e0 9 euros, soit une hausse de 20\u00a0%, et le tarif r\u00e9duit de 3,50 \u00e0 5 euros (+43\u00a0%). Le <a href=\"https:\/\/www.lejournaldesarts.fr\/lieu\/musee-zoologique-strasbourg-6301\" title=\"Lire la notice sur le Mus\u00e9e Zoologique - Strasbourg\" rel=\"nofollow noopener\" target=\"_blank\">Mus\u00e9e zoologique<\/a> pratiquait d\u00e9j\u00e0 un tarif de 9 euros. La nouvelle municipalit\u00e9 conduite par <a href=\"https:\/\/www.lejournaldesarts.fr\/actualites\/catherine-trautmann-la-culture-nest-pas-une-option-184391\" title=\"Catherine Trautmann : \u00ab La culture n\u2019est pas une option \u00bb\" rel=\"nofollow noopener\" target=\"_blank\">Catherine Trautmann<\/a> justifie cette refonte par la n\u00e9cessit\u00e9 d\u2019augmenter les ressources propres du r\u00e9seau et de financer les importants investissements qui l\u2019attendent.<\/p>\n<p>La grille des pass est \u00e9galement revue. Le Pass 1 jour passe de 16 \u00e0 20 euros et, plus fortement encore, de 8 \u00e0 15 euros au tarif r\u00e9duit. Le Pass 3 jours, auparavant vendu 20 euros, dispara\u00eet. En contrepartie apparaissent un Pass Palais Rohan \u00e0 20 euros, donnant acc\u00e8s aux trois mus\u00e9es du palais et \u00e0 la galerie Heitz, et des abonnements annuels : 45 euros pour une personne, 55 euros en duo et 110 euros pour quatre personnes, avec des tarifs pr\u00e9f\u00e9rentiels pour les habitants de la Collectivit\u00e9 europ\u00e9enne d\u2019Alsace et de l\u2019Eurodistrict.<\/p>\n<p>La r\u00e9forme met \u00e9galement fin \u00e0 certaines gratuit\u00e9s. Les \u00e9lus et anciens \u00e9lus de Strasbourg et de l\u2019Eurom\u00e9tropole ainsi que les agents de la collectivit\u00e9 doivent d\u00e9sormais acquitter le tarif r\u00e9duit, sauf lorsqu\u2019ils visitent un mus\u00e9e dans le cadre de leurs fonctions. Les principales mesures sociales sont en revanche maintenues : gratuit\u00e9 pour les moins de 18 ans, les demandeurs d\u2019emploi, certains b\u00e9n\u00e9ficiaires de l\u2019aide sociale, les personnes handicap\u00e9es et leur accompagnateur, ainsi que le premier dimanche du mois.<\/p>\n<p>La municipalit\u00e9 s\u2019appuie notamment sur le <a href=\"https:\/\/www.ccomptes.fr\/sites\/default\/files\/2025-04\/GER202530.pdf\" target=\"_blank\" title=\"Lire le rapport sur ccomptes.fr\" rel=\"nofollow noopener\">rapport de la chambre r\u00e9gionale des comptes consacr\u00e9 aux mus\u00e9es strasbourgeois<\/a>. Celle-ci relevait que le tarif de 7,50 euros se situait dans la tranche basse des mus\u00e9es municipaux comparables. En 2023, 55\u00a0% des entr\u00e9es \u00e9taient gratuites et seulement 17\u00a0% effectu\u00e9es au plein tarif, pour 1,55 million d\u2019euros de recettes de billetterie. La chambre ne pr\u00e9conisait toutefois pas formellement une hausse\u00a0: elle recommandait une \u00e9tude afin de \u00ab\u00a0r\u00e9\u00e9quilibrer\u00a0\u00bb la politique tarifaire en faveur des recettes destin\u00e9es \u00e0 la conservation et \u00e0 la valorisation des collections. Elle jugeait par ailleurs injustifi\u00e9es les gratuit\u00e9s accord\u00e9es aux \u00e9lus et agents.<\/p>\n<p>Selon <a href=\"https:\/\/www.dna.fr\/\" target=\"_blank\" title=\"Ouvre le site dna.fr\" rel=\"nofollow noopener\">Les Derni\u00e8res Nouvelles d\u2019Alsace<\/a> qui relaie l\u2019information, Pierre Jakubowicz, adjoint \u00e0 la culture, chiffre \u00e0 environ 520\u00a0000 euros par an les recettes suppl\u00e9mentaires attendues. Elles doivent notamment contribuer \u00e0 l\u2019adaptation climatique de b\u00e2timents souvent fragiles. Cet \u00e9t\u00e9, le Palais Rohan, le <a href=\"https:\/\/www.lejournaldesarts.fr\/lieu\/musee-de-loeuvre-notre-dame-strasbourg-5969\" title=\"Lire la notice sur le Mus\u00e9e de l&#039;\u0152uvre Notre-Dame - Strasbourg\" rel=\"nofollow noopener\" target=\"_blank\">Mus\u00e9e de l\u2019\u0152uvre Notre-Dame<\/a> et l\u2019<a href=\"https:\/\/www.lejournaldesarts.fr\/lieu\/laubette-1928-10503\" title=\"Lire la notice sur L&#039;Aubette 1928\" rel=\"nofollow noopener\" target=\"_blank\">Aubette<\/a> ont d\u00fb fermer ponctuellement lorsque les temp\u00e9ratures d\u00e9passaient 35\u00b0C dans certaines salles.<\/p>\n<p>Le changement de cap politique est notable. En septembre 2022, confront\u00e9e \u00e0 l\u2019envol\u00e9e des co\u00fbts \u00e9nerg\u00e9tiques et aux difficult\u00e9s de personnel, <a href=\"https:\/\/www.lejournaldesarts.fr\/actualites\/strasbourg-la-maire-ecologiste-preserve-la-culture-181092\" title=\"\u00c0 Strasbourg, la maire \u00e9cologiste pr\u00e9serve la culture\" rel=\"nofollow noopener\" target=\"_blank\">Jeanne Barseghian<\/a> avait pr\u00e9f\u00e9r\u00e9 r\u00e9duire temporairement les horaires d\u2019ouverture. \u00ab\u00a0Je me refuse d\u2019augmenter les tarifs\u00a0\u00bb, expliquait alors la maire \u00e9cologiste. La comparaison doit n\u00e9anmoins \u00eatre nuanc\u00e9e\u00a0: c\u2019est sous son mandat que le prix d\u2019entr\u00e9e \u00e9tait d\u00e9j\u00e0 pass\u00e9 de 6,50 \u00e0 7,50 euros en 2022. La nouvelle majorit\u00e9 va donc plus loin en faisant d\u00e9sormais explicitement de la billetterie l\u2019un des leviers de financement de la r\u00e9novation du r\u00e9seau.<\/p>\n","protected":false},"excerpt":{"rendered":"Depuis le 1er septembre, visiter les mus\u00e9es municipaux de Strasbourg co\u00fbte plus cher. Le tarif plein passe de&hellip;\n","protected":false},"author":2,"featured_media":1166939,"comment_status":"","ping_status":"","sticky":false,"template":"","format":"standard","meta":{"footnotes":"","_share_on_mastodon":"0"},"categories":[2820],"tags":[1111,11,1777,674,1011,27,775,12,25,640],"class_list":["post-1166938","post","type-post","status-publish","format-standard","has-post-thumbnail","category-strasbourg","tag-actu","tag-actualites","tag-eu","tag-europe","tag-fr","tag-france","tag-grand-est","tag-news","tag-republique-francaise","tag-strasbourg"],"share_on_mastodon":{"url":"https:\/\/pubeurope.com\/@fr\/117212979157539929","error":""},"_links":{"self":[{"href":"https:\/\/www.europesays.com\/fr\/wp-json\/wp\/v2\/posts\/1166938","targetHints":{"allow":["GET"]}}],"collection":[{"href":"https:\/\/www.europesays.com\/fr\/wp-json\/wp\/v2\/posts"}],"about":[{"href":"https:\/\/www.europesays.com\/fr\/wp-json\/wp\/v2\/types\/post"}],"author":[{"embeddable":true,"href":"https:\/\/www.europesays.com\/fr\/wp-json\/wp\/v2\/users\/2"}],"replies":[{"embeddable":true,"href":"https:\/\/www.europesays.com\/fr\/wp-json\/wp\/v2\/comments?post=1166938"}],"version-history":[{"count":0,"href":"https:\/\/www.europesays.com\/fr\/wp-json\/wp\/v2\/posts\/1166938\/revisions"}],"wp:featuredmedia":[{"embeddable":true,"href":"https:\/\/www.europesays.com\/fr\/wp-json\/wp\/v2\/media\/1166939"}],"wp:attachment":[{"href":"https:\/\/www.europesays.com\/fr\/wp-json\/wp\/v2\/media?parent=1166938"}],"wp:term":[{"taxonomy":"category","embeddable":true,"href":"https:\/\/www.europesays.com\/fr\/wp-json\/wp\/v2\/categories?post=1166938"},{"taxonomy":"post_tag","embeddable":true,"href":"https:\/\/www.europesays.com\/fr\/wp-json\/wp\/v2\/tags?post=1166938"}],"curies":[{"name":"wp","href":"https:\/\/api.w.org\/{rel}","templated":true}]}}