{"id":1166944,"date":"2026-09-04T13:23:19","date_gmt":"2026-09-04T13:23:19","guid":{"rendered":"https:\/\/www.europesays.com\/fr\/1166944\/"},"modified":"2026-09-04T13:23:19","modified_gmt":"2026-09-04T13:23:19","slug":"agression-au-couteau-a-nantes-des-temoins-desarment-et-maitrisent-la-suspecte","status":"publish","type":"post","link":"https:\/\/www.europesays.com\/fr\/1166944\/","title":{"rendered":"Agression au couteau \u00e0 Nantes : des t\u00e9moins d\u00e9sarment et ma\u00eetrisent la suspecte"},"content":{"rendered":"<p><img decoding=\"async\" class=\"\" style=\"width:100%\" src=\"https:\/\/www.europesays.com\/fr\/wp-content\/uploads\/2026\/09\/5f21530515d954.22133107.jpg\" alt=\"Police (image d'illustration)\"\/><\/p>\n<p>Police (image d&rsquo;illustration)<\/p>\n<p>Cr\u00e9dit : RCA<\/p>\n<p data-path-to-node=\"3\">L&rsquo;agression s&rsquo;est d\u00e9roul\u00e9e au moment o\u00f9 une femme de 46 ans descendait de la rame de tramway. Pour une raison encore inconnue et sans motif apparent, cette derni\u00e8re s&rsquo;en est prise \u00e0 une octog\u00e9naire vivant dans le quartier, lui portant deux coups de couteau au niveau de l&rsquo;\u00e9paule gauche.<\/p>\n<p data-path-to-node=\"4\">Tr\u00e8s rapidement, la sc\u00e8ne a provoqu\u00e9 la r\u00e9action de plusieurs t\u00e9moins pr\u00e9sents sur les quais. Faisant preuve d&rsquo;un grand courage, ces derniers se sont approch\u00e9s de l&rsquo;agresseuse et l&rsquo;un d&rsquo;eux est parvenu \u00e0 lui arracher son arme des mains. <\/p>\n<p data-path-to-node=\"4\">Le groupe d&rsquo;usagers a ensuite maintenu la suspecte au sol jusqu&rsquo;\u00e0 l&rsquo;arriv\u00e9e rapide de la premi\u00e8re patrouille de police, permettant son interpellations sans difficult\u00e9.<\/p>\n<p>La victime hors de danger<\/p>\n<p data-path-to-node=\"6\">L\u00e9g\u00e8rement bless\u00e9e \u00e0 l&rsquo;\u00e9paule mais particuli\u00e8rement choqu\u00e9e, la victime de 86 ans a \u00e9t\u00e9 rapidement prise en charge par les sapeurs-pompiers. Ses jours ne sont pas en danger.<\/p>\n<p data-path-to-node=\"7\">L&rsquo;enqu\u00eate a \u00e9t\u00e9 confi\u00e9e au service local de police judiciaire. Au vu du comportement de la suspecte et du caract\u00e8re gratuit de l&rsquo;attaque, un examen m\u00e9dical doit \u00eatre r\u00e9alis\u00e9 afin de d\u00e9terminer si son \u00e9tat psychique est compatible avec un maintien en garde \u00e0 vue ou s&rsquo;il exige une hospitalisation d&rsquo;office en milieu psychiatrique.<\/p>\n","protected":false},"excerpt":{"rendered":"Police (image d&rsquo;illustration) Cr\u00e9dit : RCA L&rsquo;agression s&rsquo;est d\u00e9roul\u00e9e au moment o\u00f9 une femme de 46 ans descendait&hellip;\n","protected":false},"author":2,"featured_media":1166945,"comment_status":"","ping_status":"","sticky":false,"template":"","format":"standard","meta":{"footnotes":"","_share_on_mastodon":"0"},"categories":[2818],"tags":[1111,11,28368,829,16823,1777,674,118,462,1106,1011,27,848,1922,6417,1114,13289,2217,28369,3047,3729,766,12,2636,1833,584,25,3272,517,3087,2546],"class_list":["post-1166944","post","type-post","status-publish","format-standard","has-post-thumbnail","category-nantes","tag-actu","tag-actualites","tag-bain-de-bretagne","tag-bretagne","tag-chateaubriant","tag-eu","tag-europe","tag-faits-divers","tag-fc-nantes","tag-flash","tag-fr","tag-france","tag-ille-et-vilaine","tag-info","tag-information","tag-infos","tag-la-roche-sur-yon","tag-la-rochelle","tag-les-sables-d-olonnes","tag-loire-atlantique","tag-morbihan","tag-nantes","tag-news","tag-pays-de-la-loire","tag-redaction","tag-rennes","tag-republique-francaise","tag-saint-nazaire","tag-sport","tag-stade-rennais","tag-vendee"],"share_on_mastodon":{"url":"https:\/\/pubeurope.com\/@fr\/117212992882948883","error":""},"_links":{"self":[{"href":"https:\/\/www.europesays.com\/fr\/wp-json\/wp\/v2\/posts\/1166944","targetHints":{"allow":["GET"]}}],"collection":[{"href":"https:\/\/www.europesays.com\/fr\/wp-json\/wp\/v2\/posts"}],"about":[{"href":"https:\/\/www.europesays.com\/fr\/wp-json\/wp\/v2\/types\/post"}],"author":[{"embeddable":true,"href":"https:\/\/www.europesays.com\/fr\/wp-json\/wp\/v2\/users\/2"}],"replies":[{"embeddable":true,"href":"https:\/\/www.europesays.com\/fr\/wp-json\/wp\/v2\/comments?post=1166944"}],"version-history":[{"count":0,"href":"https:\/\/www.europesays.com\/fr\/wp-json\/wp\/v2\/posts\/1166944\/revisions"}],"wp:featuredmedia":[{"embeddable":true,"href":"https:\/\/www.europesays.com\/fr\/wp-json\/wp\/v2\/media\/1166945"}],"wp:attachment":[{"href":"https:\/\/www.europesays.com\/fr\/wp-json\/wp\/v2\/media?parent=1166944"}],"wp:term":[{"taxonomy":"category","embeddable":true,"href":"https:\/\/www.europesays.com\/fr\/wp-json\/wp\/v2\/categories?post=1166944"},{"taxonomy":"post_tag","embeddable":true,"href":"https:\/\/www.europesays.com\/fr\/wp-json\/wp\/v2\/tags?post=1166944"}],"curies":[{"name":"wp","href":"https:\/\/api.w.org\/{rel}","templated":true}]}}