{"id":1166958,"date":"2026-09-04T13:34:19","date_gmt":"2026-09-04T13:34:19","guid":{"rendered":"https:\/\/www.europesays.com\/fr\/1166958\/"},"modified":"2026-09-04T13:34:19","modified_gmt":"2026-09-04T13:34:19","slug":"le-street-food-festival-2026-de-marseille-aux-couleurs-de-bruxelles","status":"publish","type":"post","link":"https:\/\/www.europesays.com\/fr\/1166958\/","title":{"rendered":"Le Street Food Festival 2026 de Marseille aux couleurs de Bruxelles"},"content":{"rendered":"<p><img loading=\"lazy\" decoding=\"async\" width=\"1000\" height=\"667\" src=\"https:\/\/www.europesays.com\/fr\/wp-content\/uploads\/2026\/09\/Street-food-festival-2026-1.jpg\" alt=\"Le Street Food Festival 2026 aux couleurs de Marseille et de Bruxelles\" class=\"wp-image-50234\"  \/><\/p>\n<p>Apr\u00e8s avoir rassembl\u00e9 20 000 festivaliers \u00e0 Aix-en-Provence en juin dernier, le Street Food Festival 2026 fait escale \u00e0 Marseille pour sa 6e \u00e9dition. Rendez-vous du jeudi 10 au samedi 12 septembre sur l\u2019esplanade Jean Paul II, au pied de la cath\u00e9drale Sainte Marie Majeure, pour trois soir\u00e9es aux couleurs d\u2019une <a href=\"https:\/\/www.le-grand-pastis.com\/marseille-street-food-festival-2024-mpg\/\" target=\"_blank\" rel=\"noopener nofollow\">street food g\u00e9n\u00e9reuse<\/a> et ancr\u00e9e dans le territoire.<br \/>Port\u00e9 par le D\u00e9partement des Bouches-du-Rh\u00f4ne et initi\u00e9 par Provence Tourisme (sous le label Marseille Provence Gastronomie, MPG), le festival r\u00e9unira 38 restaurateurs, producteurs, artisans, brasseurs et vignerons autour d\u2019une programmation qui marie inspirations proven\u00e7ales et m\u00e9diterran\u00e9ennes. Nouveaut\u00e9 de cette \u00e9dition : l\u2019arriv\u00e9e d\u2019une ville invit\u00e9e europ\u00e9enne, Bruxelles, qui disposera pour l\u2019occasion de son propre village d\u00e9di\u00e9.<\/p>\n<blockquote class=\"wp-block-quote has-text-align-center\">\n<p class=\"has-text-align-center\" style=\"font-size:21px\">\u00ab\u00a0Nous esp\u00e9rons accueillir 40 000 personnes\u2026 mais on fera plus !\u00a0\u00bb<\/p>\n<p>Danielle Milon<\/p><\/blockquote>\n<p> La Brasserie bruxelloise de la Mule et la brasserie marseillaise Zouma\u00ef signent une cr\u00e9ation commune : la Saison de la Canebi\u00e8re. Brass\u00e9e \u00e0 Bruxelles, cette bi\u00e8re bio s\u2019inspire des bi\u00e8res traditionnelles belges :\u00a0 s\u00e8che, l\u00e9g\u00e8re et rafra\u00eechissante, elle associe \u00e9peautre cru, froment, avoine et houblons allemands. Elle d\u00e9voile des notes de fleurs blanches, de pamplemousse, de raisin blanc et d\u2019ananas, pour un degr\u00e9 d\u2019alcool compris entre 4,5 et 4,8%. <\/p>\n<p> Au-del\u00e0 de la diversit\u00e9 des cuisines, l\u2019\u00e9v\u00e9nement met en avant des professionnels attentifs \u00e0 la qualit\u00e9 des produits, aux savoir-faire artisanaux et aux circuits courts \u2014 produits de saison, recettes maison, valorisation du bio et du local. Une mani\u00e8re, pour Provence Tourisme, de faire de la gastronomie un outil d\u2019attractivit\u00e9 du territoire et de cr\u00e9er des passerelles entre professionnels, habitants et visiteurs. \u00ab\u00a0Nous avons implant\u00e9 ce festival \u00e0 Aix avec succ\u00e8s et d\u00e9sormais, c\u2019est la ville d\u2019Arles qui nous sollicite pour accueillir un SFF. Je crois que ce qui leur a plu, c\u2019est cette forme de gastronomie de partage, facile et qui met en action tous les producteurs, artisans et \u00e9leveurs des Bouches-du-Rh\u00f4ne\u00a0\u00bb, annonce Danielle Milon, maire de Cassis et vice-pr\u00e9sidente du Conseil d\u00e9partemental des Bouches-du-Rh\u00f4ne.<br \/>\nUn street food festival 2026 label Iso 20121<br \/>\n L\u2019exp\u00e9rience festivali\u00e8re ne se limite pas aux assiettes : programmation musicale, animations, kermesse des sens et espace handi-accueillant compl\u00e8tent les trois soir\u00e9es. Certifi\u00e9 ISO 20121, le festival affiche \u00e9galement une d\u00e9marche \u00e9coresponsable assum\u00e9e avec de la vaisselle r\u00e9utilisable, verres consign\u00e9s, fontaines \u00e0 eau gratuites, le tri et la valorisation des d\u00e9chets, la r\u00e9cup\u00e9ration des huiles alimentaires, toilettes s\u00e8ches, r\u00e9emploi de la sc\u00e9nographie et des parkings v\u00e9los. \u00ab\u00a0Le choix de tous les prestataires est pass\u00e9 au crible d\u2019une gestion vertueuse des d\u00e9chets, illustre Isabelle Br\u00e9mond, directrice de Provence tourisme. Nous promettons un \u00e9v\u00e9nement avec z\u00e9ro bouteille en plastique\u00a0\u00bb.<br \/> Le jeudi 10 septembre, de 19 h 30 \u00e0 22 h 30, la Kermesse des Sens invitera le public du Street food festival \u00e0 se plonger dans un espace immersif pens\u00e9 mieux appr\u00e9hender le handicap (en partenariat avec Surdi 13 et le mus\u00e9e Granet d\u2019Aix-en-Provence). Les visiteurs seront invit\u00e9s \u00e0 deviner saveurs, odeurs et mati\u00e8res les yeux band\u00e9s, s\u2019initier \u00e0 la langue des signes fran\u00e7aise et \u00e0 la lecture labiale, ressentir la musique \u00e0 travers des gilets vibrants, ou encore se laisser guider les yeux ferm\u00e9s le temps d\u2019une visite accompagn\u00e9e d\u2019audiodescription.<\/p>\n<p>Street Food Festival 2026, du jeudi 10 au samedi 12 septembre 2026 sur l\u2019esplanade Jean Paul II\u2013La Major, Marseille 2e arr.\u00a0 De 18h \u00e0 minuit Acc\u00e8s libre et gratuit . Restauration et boissons : payantes via mode cashless rechargeable.<\/p>\n<p>\u00ab\u00a0Bruxelles je t\u2019aime\u00a0\u00bb<\/p>\n<p>Ville invit\u00e9e d\u2019honneur de cette 6e \u00e9dition, Bruxelles installera un village enti\u00e8rement d\u00e9di\u00e9 au c\u0153ur du festival. Les Marseillais et Proven\u00e7aux y retrouveront les grands classiques de la cuisine populaire belge, aux c\u00f4t\u00e9s d\u2019une s\u00e9lection de bi\u00e8res artisanales bruxelloises. Des animations autour du chocolat sont programm\u00e9es avec le chocolatier bruxellois Laurent Gerbaud, un atelier permettra de customiser des mini Manneken-Pis, et un photobooth invitera \u00e0 plonger dans l\u2019univers graphique pop et d\u00e9cal\u00e9 de la capitale belge avec la possibilit\u00e9 de gagner un s\u00e9jour pour deux personnes \u00e0 Bruxelles. Et la night bruxelloise se racontera aussi en mode DJ puisque DJ KTO accompagnera les trois soir\u00e9es, en se produisant chaque soir sur l\u2019espace sc\u00e9nique du festival de 18 h \u00e0 19 h 30 aux c\u00f4t\u00e9s du collectif marseillais des Jardins supendus.<\/p>\n<p>\u2022 Fernand Obb Delicatessen : croquette aux crevettes grises de la Mer du Nord, sp\u00e9cialit\u00e9 embl\u00e9matique belge<br \/>\u2022 Gaufres &amp; Waffles : gaufres de Bruxelles traditionnelles sucr\u00e9es<br \/>\u2022 La Bonne Ch\u00e8re : carbonnade flamande \u00e0 la c\u00e9l\u00e8bre gueuze Cantillon, servie dans un pain brioch\u00e9<br \/>\u2022 Frituur Bouillon Bruxelles : vrai cornet de frites cuites dans la graisse de b\u0153uf et sauces maison<br \/>\u2022 Brasserie de la Mule : bi\u00e8res biologiques artisanales brass\u00e9es selon les m\u00e9thodes traditionnelles<\/p>\n<p>Pr\u00e8s de 38 artisans pour picorer, d\u00e9vorer, d\u00e9guster, d\u00e9couvrir<\/p>\n<p>Aukia (Marseille) : sandwiches artisanaux sur baguette au levain naturel<br \/>Caf\u00e9 Sole (Marseille) : sandwiches, bowls m\u00e9diterran\u00e9ens et desserts maison<br \/>Cuisino\u2019Mad (Ch\u00e2teauneuf-les-Martigues) : frites artisanales et sauces maison<br \/>Da Strada (Marseille) : sp\u00e9cialit\u00e9s napolitaines<br \/>Delouss Pizza (Marseille) : pizzas romaines<br \/>Egao &amp; Kita Kitchen (Marseille) : cuisine fusion m\u00e9diterran\u00e9o-japonaise<br \/>Food M13 x Le Cabanon de Panisse (Marseille) : panisses, chichis fr\u00e9gis et pan bagnat<br \/>Hamov Shawarma (Marseille) : shawarmas et falafels dans un pain pita libanais<br \/>Il Gusto di Napoli (Sausset-les-Pins) : pizzas napolitaines et panuozzi (sandwich traditionnel de Campanie)<br \/>La Pagaille (Marseille) : pissaladi\u00e8re, poulet frit, pastillas de la mer et desserts maison<br \/>Le Marseillais du Coin (Les Pennes-Mirabeau) : bao aux saveurs marseillaises et asiatiques<br \/>Monsieur BoB (La Ciotat) : burgers artisanaux aux inspirations proven\u00e7ales<br \/>Panpanzerotti (Marseille) : panzerotti artisanaux et mozzarella pan\u00e9e<br \/>Sardines Marseillaises (Marseille) : sardines, poulpe et encornets, accompagn\u00e9s de panisses et d\u2019a\u00efoli<br \/>Very Good Truck (Aubagne) : beignets de courgettes, croquetas et hot-dog proven\u00e7al<br \/>Zouzou Croques (Marseille) : croques artisanaux et frites fra\u00eeches<\/p>\n<p>Glacier Alessandro (La Ciotat) : glaces et sorbets artisanaux, servis notamment en brioche sicilienne<br \/>Hamov Artisan Glacier (Marseille) : glaces libanaises artisanales, dont la glace achta \u00e0 la fleur d\u2019oranger et \u00e0 la pistache<br \/>Les Navettes des Accoules (Marseille) : navettes marseillaises traditionnelles \u00e0 la fleur d\u2019oranger<br \/>Terrakoa (Marseille) : glaces, chocolats, brownies et gourmandises issus de sa plantation de cacao<\/p>\n<p class=\"esab__heading_tag\"><strong>Brasseurs, vignerons et sobreliers<\/strong><\/p>\n<p>Brasserie Artisanale de Provence (Rousset) : bi\u00e8res biologiques artisanales et limonade locale<br \/>Brasserie de la Plaine (Marseille) : bi\u00e8res artisanales marseillaises, non filtr\u00e9es et non pasteuris\u00e9es<br \/>Brasserie de la Sainte-Baume (G\u00e9menos) : blonde, triple, IPA et bi\u00e8re Samoura\u00ef<br \/>Brasserie Sulauze (Miramas) : bi\u00e8res artisanales<br \/>Brasserie Zouma\u00ef (Marseille) : bi\u00e8res biologiques brass\u00e9es \u00e0 Marseille<br \/>La Minotte (Marseille) : bi\u00e8res artisanales et boissons sans alcool \u00e0 la pression<br \/>Soiffe (Marseille) : gamme de bi\u00e8res artisanales<br \/>Ch\u00e2teau La Coste (Le Puy-Sainte-R\u00e9parade) : vins biologiques et biodynamiques, avec une offre sans alcool<br \/>Domaine Attilon (Arles) : vins biologiques de Camargue, en blanc, ros\u00e9 et rouge<br \/>Domaine Roustan (La Fare-les-Oliviers) : cuv\u00e9es biologiques AOP Coteaux d\u2019Aix-en-Provence et IGP M\u00e9diterran\u00e9e<br \/>Le Cellier d\u2019\u00c9guilles (\u00c9guilles) : vins AOP Coteaux d\u2019Aix-en-Provence, blancs, ros\u00e9s et rouges<br \/>Provence Ros\u00e9 Wine Truck : s\u00e9lection de ros\u00e9s AOP de Provence<br \/>Tisse (Marseille) : kombuchas, limonades et th\u00e9s glac\u00e9s biologiques sans alcool<\/p>\n<p style=\"text-align: right;\">Photos Provence Tourisme -ADT 13<\/p>\n","protected":false},"excerpt":{"rendered":"Apr\u00e8s avoir rassembl\u00e9 20 000 festivaliers \u00e0 Aix-en-Provence en juin dernier, le Street Food Festival 2026 fait escale&hellip;\n","protected":false},"author":2,"featured_media":1166959,"comment_status":"","ping_status":"","sticky":false,"template":"","format":"standard","meta":{"footnotes":"","_share_on_mastodon":"0"},"categories":[2814],"tags":[1111,11,1777,674,1011,27,884,12,882,25],"class_list":["post-1166958","post","type-post","status-publish","format-standard","has-post-thumbnail","category-marseille","tag-actu","tag-actualites","tag-eu","tag-europe","tag-fr","tag-france","tag-marseille","tag-news","tag-provence-alpes-cote-dazur","tag-republique-francaise"],"share_on_mastodon":{"url":"https:\/\/pubeurope.com\/@fr\/117213035945112289","error":""},"_links":{"self":[{"href":"https:\/\/www.europesays.com\/fr\/wp-json\/wp\/v2\/posts\/1166958","targetHints":{"allow":["GET"]}}],"collection":[{"href":"https:\/\/www.europesays.com\/fr\/wp-json\/wp\/v2\/posts"}],"about":[{"href":"https:\/\/www.europesays.com\/fr\/wp-json\/wp\/v2\/types\/post"}],"author":[{"embeddable":true,"href":"https:\/\/www.europesays.com\/fr\/wp-json\/wp\/v2\/users\/2"}],"replies":[{"embeddable":true,"href":"https:\/\/www.europesays.com\/fr\/wp-json\/wp\/v2\/comments?post=1166958"}],"version-history":[{"count":0,"href":"https:\/\/www.europesays.com\/fr\/wp-json\/wp\/v2\/posts\/1166958\/revisions"}],"wp:featuredmedia":[{"embeddable":true,"href":"https:\/\/www.europesays.com\/fr\/wp-json\/wp\/v2\/media\/1166959"}],"wp:attachment":[{"href":"https:\/\/www.europesays.com\/fr\/wp-json\/wp\/v2\/media?parent=1166958"}],"wp:term":[{"taxonomy":"category","embeddable":true,"href":"https:\/\/www.europesays.com\/fr\/wp-json\/wp\/v2\/categories?post=1166958"},{"taxonomy":"post_tag","embeddable":true,"href":"https:\/\/www.europesays.com\/fr\/wp-json\/wp\/v2\/tags?post=1166958"}],"curies":[{"name":"wp","href":"https:\/\/api.w.org\/{rel}","templated":true}]}}