{"id":1166960,"date":"2026-09-04T13:35:17","date_gmt":"2026-09-04T13:35:17","guid":{"rendered":"https:\/\/www.europesays.com\/fr\/1166960\/"},"modified":"2026-09-04T13:35:17","modified_gmt":"2026-09-04T13:35:17","slug":"marseille-previsions-meteo-du-vendredi-04-septembre-2026","status":"publish","type":"post","link":"https:\/\/www.europesays.com\/fr\/1166960\/","title":{"rendered":"Marseille : pr\u00e9visions m\u00e9t\u00e9o du vendredi 04 septembre 2026"},"content":{"rendered":"<p>\u00c0 Marseille, la journ\u00e9e du vendredi 04 septembre 2026 d\u00e9marre tr\u00e8s nuageuse avant un apr\u00e8s-midi ensoleill\u00e9 et chaud. La soir\u00e9e reste douce avec un ciel d\u00e9gag\u00e9 et des temp\u00e9ratures agr\u00e9ables.<\/p>\n<p>    Matin : tr\u00e8s nuageux au lever du soleil<\/p>\n<p>Vendredi 4 septembre 2026, le jour se l\u00e8ve \u00e0 07 h 05 sur <b>Marseille<\/b> sous un ciel tr\u00e8s nuageux. \u00c0 09 h, on observe <b>27 \u00b0C<\/b> pour un ressenti de 28 \u00b0C, 42 % d\u2019humidit\u00e9 et un vent d\u2019ouest discret soufflant \u00e0 8 km\/h.<\/p>\n<p>Cette atmosph\u00e8re douce et s\u00e8che rend les d\u00e9placements agr\u00e9ables. L\u2019absence totale de pluie assure une circulation fluide, mais la couverture nuageuse limite la luminosit\u00e9 ; il est donc conseill\u00e9 aux conducteurs d\u2019allumer leurs feux de croisement.<\/p>\n<ul>\n<li>Hydratez-vous r\u00e9guli\u00e8rement, m\u00eame si la chaleur para\u00eet mod\u00e9r\u00e9e.<\/li>\n<li>Profitez des \u00e9claircies pour a\u00e9rer votre logement, en \u00e9vitant toutefois de laisser trop monter la temp\u00e9rature int\u00e9rieure.<\/li>\n<li>Les sportifs limiteront les efforts soutenus apr\u00e8s 10 h, la chaleur augmentant rapidement.<\/li>\n<\/ul>\n<p>Apr\u00e8s-midi : soleil franc et chaleur estivale<\/p>\n<p>\u00c0 15 h, le ciel se d\u00e9gage compl\u00e8tement. Le thermom\u00e8tre affiche <b>32 \u00b0C<\/b> (ressenti 34 \u00b0C) avec 44 % d\u2019humidit\u00e9. La brise d\u2019ouest-sud-ouest, \u00e0 9 km\/h, apporte un l\u00e9ger rafra\u00eechissement. Aucune pr\u00e9cipitation n\u2019est attendue.<\/p>\n<p>Le pic maximal de la journ\u00e9e est estim\u00e9 \u00e0 <b>33 \u00b0C<\/b>, soit 3 \u00b0C au-dessus des normales de saison. Cette chaleur s\u00e8che favorise la d\u00e9shydratation et sollicite fortement le r\u00e9seau de climatisation urbain.<\/p>\n<p>Dans ce contexte de canicules m\u00e9diterran\u00e9ennes r\u00e9currentes, le GIEC rappelle que ces couches d\u2019air chaud deviennent plus fr\u00e9quentes. M\u00eame sans alerte officielle, il convient d\u2019adopter les bons r\u00e9flexes :<\/p>\n<ul>\n<li>Porter chapeau, lunettes et une protection solaire SPF 30 minimum.<\/li>\n<li>Limiter les expositions prolong\u00e9es entre 14 h et 17 h.<\/li>\n<li>Pr\u00e9voir de l\u2019eau pour les animaux, particuli\u00e8rement expos\u00e9s aux surfaces surchauff\u00e9es.<\/li>\n<\/ul>\n<p>Soir\u00e9e : douceur persistante avant le coucher du soleil<\/p>\n<p>\u00c0 21 h, la temp\u00e9rature redescend lentement \u00e0 <b>26 \u00b0C<\/b>, mais le ressenti demeure \u00e9lev\u00e9 \u00e0 30 \u00b0C en raison d\u2019une humidit\u00e9 qui grimpe \u00e0 78 %. Le vent, venant du nord-ouest \u00e0 6 km\/h, reste sec.<\/p>\n<p>Le soleil se couche \u00e0 20 h 08, offrant un cr\u00e9puscule d\u00e9gag\u00e9, id\u00e9al pour fl\u00e2ner sur la Corniche. Cependant, la chaleur r\u00e9siduelle maintient les appartements autour de <b>24 \u00b0C<\/b> jusqu\u2019\u00e0 minuit.<\/p>\n<p>Durant la premi\u00e8re partie de la nuit, le ciel reste clair ; \u00e0 00 h, on attend encore <b>25 \u00b0C<\/b> avec 88 % d\u2019humidit\u00e9. Pensez \u00e0 ventiler en toute s\u00e9curit\u00e9 pour \u00e9vacuer les calories accumul\u00e9es.<\/p>\n<p>Tendance g\u00e9n\u00e9rale pour demain : coup de chaud renforc\u00e9<\/p>\n<p>Samedi 5 septembre, la ville devrait franchir un nouveau seuil de chaleur : <b>22 \u00b0C<\/b> au petit matin, puis <b>37 \u00b0C<\/b> dans l\u2019apr\u00e8s-midi. La couverture nuageuse restera abondante, sans toutefois att\u00e9nuer l\u2019ardeur du soleil diffus.<\/p>\n<p>Le vent d\u2019ouest-nord-ouest se renforcera \u00e0 20 km\/h, avec des pointes atteignant <b>41 km\/h<\/b>. Ces rafales, associ\u00e9es \u00e0 l\u2019air chaud, pourraient accentuer le dess\u00e8chement des sols et favoriser la propagation de feux accidentels en p\u00e9riph\u00e9rie.<\/p>\n<p>On pr\u00e9voit une atmosph\u00e8re lourde, propice \u00e0 la fatigue et aux troubles du sommeil. Pour pr\u00e9parer vos activit\u00e9s, consultez <a href=\"https:\/\/www.meteocity.com\/france\/marseille-v2995469\" rel=\"nofollow noopener\" target=\"_blank\">notre bulletin d\u00e9taill\u00e9<\/a>, mis \u00e0 jour en continu avec les derniers mod\u00e8les num\u00e9riques.<\/p>\n<p>En pr\u00e9vision de la fin de semaine, restez attentifs aux \u00e9ventuelles vigilances et poursuivez les gestes simples : hydratation, pauses \u00e0 l\u2019ombre, surveillance des plus fragiles. Ensemble, traversons ces \u00e9pisodes chauds en toute s\u00e9curit\u00e9.<\/p>\n","protected":false},"excerpt":{"rendered":"\u00c0 Marseille, la journ\u00e9e du vendredi 04 septembre 2026 d\u00e9marre tr\u00e8s nuageuse avant un apr\u00e8s-midi ensoleill\u00e9 et chaud.&hellip;\n","protected":false},"author":2,"featured_media":1166961,"comment_status":"","ping_status":"","sticky":false,"template":"","format":"standard","meta":{"footnotes":"","_share_on_mastodon":"0"},"categories":[2814],"tags":[1111,11,1777,674,1011,27,884,12,882,25],"class_list":["post-1166960","post","type-post","status-publish","format-standard","has-post-thumbnail","category-marseille","tag-actu","tag-actualites","tag-eu","tag-europe","tag-fr","tag-france","tag-marseille","tag-news","tag-provence-alpes-cote-dazur","tag-republique-francaise"],"share_on_mastodon":{"url":"https:\/\/pubeurope.com\/@fr\/117213038672815751","error":""},"_links":{"self":[{"href":"https:\/\/www.europesays.com\/fr\/wp-json\/wp\/v2\/posts\/1166960","targetHints":{"allow":["GET"]}}],"collection":[{"href":"https:\/\/www.europesays.com\/fr\/wp-json\/wp\/v2\/posts"}],"about":[{"href":"https:\/\/www.europesays.com\/fr\/wp-json\/wp\/v2\/types\/post"}],"author":[{"embeddable":true,"href":"https:\/\/www.europesays.com\/fr\/wp-json\/wp\/v2\/users\/2"}],"replies":[{"embeddable":true,"href":"https:\/\/www.europesays.com\/fr\/wp-json\/wp\/v2\/comments?post=1166960"}],"version-history":[{"count":0,"href":"https:\/\/www.europesays.com\/fr\/wp-json\/wp\/v2\/posts\/1166960\/revisions"}],"wp:featuredmedia":[{"embeddable":true,"href":"https:\/\/www.europesays.com\/fr\/wp-json\/wp\/v2\/media\/1166961"}],"wp:attachment":[{"href":"https:\/\/www.europesays.com\/fr\/wp-json\/wp\/v2\/media?parent=1166960"}],"wp:term":[{"taxonomy":"category","embeddable":true,"href":"https:\/\/www.europesays.com\/fr\/wp-json\/wp\/v2\/categories?post=1166960"},{"taxonomy":"post_tag","embeddable":true,"href":"https:\/\/www.europesays.com\/fr\/wp-json\/wp\/v2\/tags?post=1166960"}],"curies":[{"name":"wp","href":"https:\/\/api.w.org\/{rel}","templated":true}]}}