{"id":1166966,"date":"2026-09-04T13:38:15","date_gmt":"2026-09-04T13:38:15","guid":{"rendered":"https:\/\/www.europesays.com\/fr\/1166966\/"},"modified":"2026-09-04T13:38:15","modified_gmt":"2026-09-04T13:38:15","slug":"les-transporteurs-routiers-europeens-grondent-en-ile-de-france","status":"publish","type":"post","link":"https:\/\/www.europesays.com\/fr\/1166966\/","title":{"rendered":"Les transporteurs routiers europ\u00e9ens grondent en \u00cele-de-France"},"content":{"rendered":"\n<p style=\"margin-bottom: 0cm;\">L\u2019organisation qui les repr\u00e9sente dans la r\u00e9gion, ne comprend pas le gouvernement. Il a d\u00e9cid\u00e9 de ne pas faire b\u00e9n\u00e9ficier le secteur de la prolongation de l\u2019aide au carburant. Une d\u00e9cision sans concertation, se plaint l\u2019OTRE. Pourtant \u00ab 80% des transporteurs qui \u00e9taient \u00e9ligibles et ont d\u00e9pos\u00e9 des dossiers conformes au premier tour d&rsquo;aide, ont pu la toucher \u00bb, pr\u00e9cise-t-elle.<\/p>\n<p style=\"margin-bottom: 0cm;\">\u00a0<\/p>\n<p style=\"margin-bottom: 0cm;\">\u00a0<\/p>\n<p lang=\"fr-FR\" style=\"margin-bottom: 0cm;\">Brice Charrier &#8211; Nicolas Chacun<\/p>\n<p>!function(f,b,e,v,n,t,s){if(f.fbq)return;n=f.fbq=function(){n.callMethod?<br \/>\nn.callMethod.apply(n,arguments):n.queue.push(arguments)};if(!f._fbq)f._fbq=n;<br \/>\nn.push=n;n.loaded=!0;n.version=&rsquo;2.0&prime;;n.queue=[];t=b.createElement(e);t.async=!0;<br \/>\nt.src=v;s=b.getElementsByTagName(e)[0];s.parentNode.insertBefore(t,s)}(window,<br \/>\ndocument,&rsquo;script&rsquo;,&rsquo;https:\/\/connect.facebook.net\/en_US\/fbevents.js&rsquo;);<br \/>\nfbq(&lsquo;init&rsquo;, &lsquo;278974969201861&rsquo;); \/\/ Insert your pixel ID here.<br \/>\nfbq(&lsquo;track&rsquo;, &lsquo;PageView&rsquo;);<\/p>\n","protected":false},"excerpt":{"rendered":"L\u2019organisation qui les repr\u00e9sente dans la r\u00e9gion, ne comprend pas le gouvernement. Il a d\u00e9cid\u00e9 de ne pas&hellip;\n","protected":false},"author":2,"featured_media":1166967,"comment_status":"","ping_status":"","sticky":false,"template":"","format":"standard","meta":{"footnotes":"","_share_on_mastodon":"0"},"categories":[1592],"tags":[1111,11,1933,1936,1777,1939,674,1011,27,662,1934,12,1940,626,1935,25,1937,1941,1938],"class_list":["post-1166966","post","type-post","status-publish","format-standard","has-post-thumbnail","category-ile-de-france","tag-actu","tag-actualites","tag-actualites-locales","tag-essonne","tag-eu","tag-eure-et-loir","tag-europe","tag-fr","tag-france","tag-ile-de-france","tag-infos-locales","tag-news","tag-oise","tag-paris","tag-pres-de-chez-vous","tag-republique-francaise","tag-seine-et-marne","tag-somme","tag-yvelines"],"share_on_mastodon":{"url":"https:\/\/pubeurope.com\/@fr\/117213050288974837","error":""},"_links":{"self":[{"href":"https:\/\/www.europesays.com\/fr\/wp-json\/wp\/v2\/posts\/1166966","targetHints":{"allow":["GET"]}}],"collection":[{"href":"https:\/\/www.europesays.com\/fr\/wp-json\/wp\/v2\/posts"}],"about":[{"href":"https:\/\/www.europesays.com\/fr\/wp-json\/wp\/v2\/types\/post"}],"author":[{"embeddable":true,"href":"https:\/\/www.europesays.com\/fr\/wp-json\/wp\/v2\/users\/2"}],"replies":[{"embeddable":true,"href":"https:\/\/www.europesays.com\/fr\/wp-json\/wp\/v2\/comments?post=1166966"}],"version-history":[{"count":0,"href":"https:\/\/www.europesays.com\/fr\/wp-json\/wp\/v2\/posts\/1166966\/revisions"}],"wp:featuredmedia":[{"embeddable":true,"href":"https:\/\/www.europesays.com\/fr\/wp-json\/wp\/v2\/media\/1166967"}],"wp:attachment":[{"href":"https:\/\/www.europesays.com\/fr\/wp-json\/wp\/v2\/media?parent=1166966"}],"wp:term":[{"taxonomy":"category","embeddable":true,"href":"https:\/\/www.europesays.com\/fr\/wp-json\/wp\/v2\/categories?post=1166966"},{"taxonomy":"post_tag","embeddable":true,"href":"https:\/\/www.europesays.com\/fr\/wp-json\/wp\/v2\/tags?post=1166966"}],"curies":[{"name":"wp","href":"https:\/\/api.w.org\/{rel}","templated":true}]}}