{"id":116697,"date":"2025-05-21T11:07:09","date_gmt":"2025-05-21T11:07:09","guid":{"rendered":"https:\/\/www.europesays.com\/fr\/116697\/"},"modified":"2025-05-21T11:07:09","modified_gmt":"2025-05-21T11:07:09","slug":"le-pib-devrait-stagner-cette-annee-selon-des-conseil-deconomistes","status":"publish","type":"post","link":"https:\/\/www.europesays.com\/fr\/116697\/","title":{"rendered":"Le PIB devrait stagner cette ann\u00e9e, selon des conseil d&rsquo;\u00e9conomistes"},"content":{"rendered":"<p>L&rsquo;organisme qui conseille le gouvernement allemand en mati\u00e8re de politique \u00e9conomique avait pr\u00e9vu une croissance de 0,4% cette ann\u00e9e dans ses pr\u00e9visions pr\u00e9c\u00e9dentes, publi\u00e9es en novembre.<\/p>\n<p>L&rsquo;Allemagne est le seul membre du G7 \u00e0 ne pas avoir connu de croissance au cours des deux derni\u00e8res ann\u00e9es, en raison de contraintes budg\u00e9taires et d&rsquo;un ralentissement de l&rsquo;activit\u00e9 industrielle. <\/p>\n<p>Les droits de douane annonc\u00e9s par le pr\u00e9sident am\u00e9ricain Donald Trump devraient \u00e9galement porter un coup dur \u00e0 une \u00e9conomie orient\u00e9e vers l&rsquo;exportation.<\/p>\n<p>\u00ab\u00a0L&rsquo;\u00e9conomie allemande sera fortement influenc\u00e9e par deux facteurs dans un avenir proche : La politique tarifaire am\u00e9ricaine et le paquet budg\u00e9taire\u00a0\u00bb, a d\u00e9clar\u00e9 Monika Schnitzer, pr\u00e9sidente du Conseil des experts \u00e9conomiques.<\/p>\n<p>Les \u00c9tats-Unis ont \u00e9t\u00e9 le premier partenaire commercial de l&rsquo;Allemagne en 2024, avec des \u00e9changes bilat\u00e9raux de marchandises d&rsquo;une valeur de 253 milliards d&rsquo;euros. <\/p>\n<p>Berlin a approuv\u00e9 en mars un plan budg\u00e9taire qui comprend un fonds sp\u00e9cial de 500 milliards d&rsquo;euros pour les investissements dans les infrastructures et a largement exempt\u00e9 les investissements dans la d\u00e9fense des r\u00e8gles limitant l&rsquo;endettement, des d\u00e9cisions qui, selon les \u00e9conomistes, offrent des possibilit\u00e9s de retour \u00e0 la croissance.<\/p>\n<p>Les fonds fournis par le plan budg\u00e9taire donneront une impulsion positive aux investissements dans la construction et l&rsquo;\u00e9quipement ainsi qu&rsquo;aux d\u00e9penses publiques \u00e0 partir de 2026, a d\u00e9clar\u00e9 le Conseil, qui pr\u00e9voit une croissance de 1% l&rsquo;ann\u00e9e prochaine.<\/p>\n<p>La consommation priv\u00e9e devrait \u00e9galement conna\u00eetre une croissance un peu plus forte en 2026 qu&rsquo;en 2025, car les revenus disponibles devraient augmenter de mani\u00e8re plus significative en termes r\u00e9els, a ajout\u00e9 le Conseil.<\/p>\n<p> (Reportage Maria Martinez, version fran\u00e7aise Diana Mandia)<\/p>\n","protected":false},"excerpt":{"rendered":"L&rsquo;organisme qui conseille le gouvernement allemand en mati\u00e8re de politique \u00e9conomique avait pr\u00e9vu une croissance de 0,4% cette&hellip;\n","protected":false},"author":2,"featured_media":116698,"comment_status":"","ping_status":"","sticky":false,"template":"","format":"standard","meta":{"footnotes":""},"categories":[1587],"tags":[11,672,1804,1805,2125,1803,1777,674,1801,2124,12,1802],"class_list":{"0":"post-116697","1":"post","2":"type-post","3":"status-publish","4":"format-standard","5":"has-post-thumbnail","7":"category-allemagne","8":"tag-actualites","9":"tag-allemagne","10":"tag-bundesrepublik-deutschland","11":"tag-de","12":"tag-depeches-reuters","13":"tag-deutschland","14":"tag-eu","15":"tag-europe","16":"tag-germany","17":"tag-infos-reuters","18":"tag-news","19":"tag-republique-federale-dallemagne"},"share_on_mastodon":{"url":"https:\/\/pubeurope.com\/@fr\/114545508072545208","error":""},"_links":{"self":[{"href":"https:\/\/www.europesays.com\/fr\/wp-json\/wp\/v2\/posts\/116697","targetHints":{"allow":["GET"]}}],"collection":[{"href":"https:\/\/www.europesays.com\/fr\/wp-json\/wp\/v2\/posts"}],"about":[{"href":"https:\/\/www.europesays.com\/fr\/wp-json\/wp\/v2\/types\/post"}],"author":[{"embeddable":true,"href":"https:\/\/www.europesays.com\/fr\/wp-json\/wp\/v2\/users\/2"}],"replies":[{"embeddable":true,"href":"https:\/\/www.europesays.com\/fr\/wp-json\/wp\/v2\/comments?post=116697"}],"version-history":[{"count":0,"href":"https:\/\/www.europesays.com\/fr\/wp-json\/wp\/v2\/posts\/116697\/revisions"}],"wp:featuredmedia":[{"embeddable":true,"href":"https:\/\/www.europesays.com\/fr\/wp-json\/wp\/v2\/media\/116698"}],"wp:attachment":[{"href":"https:\/\/www.europesays.com\/fr\/wp-json\/wp\/v2\/media?parent=116697"}],"wp:term":[{"taxonomy":"category","embeddable":true,"href":"https:\/\/www.europesays.com\/fr\/wp-json\/wp\/v2\/categories?post=116697"},{"taxonomy":"post_tag","embeddable":true,"href":"https:\/\/www.europesays.com\/fr\/wp-json\/wp\/v2\/tags?post=116697"}],"curies":[{"name":"wp","href":"https:\/\/api.w.org\/{rel}","templated":true}]}}