{"id":1166988,"date":"2026-09-04T13:53:29","date_gmt":"2026-09-04T13:53:29","guid":{"rendered":"https:\/\/www.europesays.com\/fr\/1166988\/"},"modified":"2026-09-04T13:53:29","modified_gmt":"2026-09-04T13:53:29","slug":"lue-envoie-des-navires-dans-la-manche-pour-aider-a-faire-face-a-la-crise-migratoire-04-09-2026-a-1503","status":"publish","type":"post","link":"https:\/\/www.europesays.com\/fr\/1166988\/","title":{"rendered":"L&rsquo;UE envoie des navires dans la Manche pour aider \u00e0 faire face \u00e0 la \u00ab\u00a0crise migratoire\u00a0\u00bb &#8211; 04\/09\/2026 \u00e0 15:03"},"content":{"rendered":"<p>        <img decoding=\"async\" src=\"https:\/\/www.europesays.com\/fr\/wp-content\/uploads\/2026\/09\/8d6b1b1e43a46610fb74e4f29ba224ad-760x507.jpg\" alt=\"PHOTO D'ARCHIVES : Chaussures abandonn\u00e9es apr\u00e8s qu'un groupe de migrants a embarqu\u00e9 \u00e0 bord d'un canot pneumatique avant de quitter les c\u00f4tes du nord de la France, \u00e0 Gravelines.\" loading=\"eager\" fetchpriority=\"high\" width=\"760\" height=\"507\" style=\"max-width: 100%!important; height: auto;\"\/><\/p>\n<p class=\"c-image-news__legend\">PHOTO D&rsquo;ARCHIVES : Chaussures abandonn\u00e9es apr\u00e8s qu&rsquo;un groupe de migrants a embarqu\u00e9 \u00e0 bord d&rsquo;un canot pneumatique avant de quitter les c\u00f4tes du nord de la France, \u00e0 Gravelines.<\/p>\n<p>\n par Sudip Kar-Gupta\n<\/p>\n<p>\n L&rsquo;Agence europ\u00e9enne de garde-fronti\u00e8res \u200cet de garde-c\u00f4tes va envoyer des bateaux dans la Manche et en mer du Nord \u200bpour participer aux op\u00e9rations de recherche et de sauvetage des migrants, ont annonc\u00e9 vendredi des responsables, juste apr\u00e8s la rencontre entre les dirigeants fran\u00e7ais et britanniques consacr\u00e9e \u00e0 la question migratoire.\n<\/p>\n<p>\n Frontex \u200benverra deux navires espagnols de septembre \u00e0 octobre, puis un navire lituanien jusqu&rsquo;en janvier, afin de se joindre aux patrouilles \u200bfran\u00e7aises, ont indiqu\u00e9 les autorit\u00e9s charg\u00e9es de \u2060la gestion de cette zone.\n<\/p>\n<p>\n La Manche est l&rsquo;une des voies maritimes les plus fr\u00e9quent\u00e9es \u200cau monde et de nombreux migrants ont trouv\u00e9 la mort dans ses forts courants en tentant de passer de la France vers la Grande-Bretagne. Les \u200bpasseurs surchargent r\u00e9guli\u00e8rement les canots \u200cpneumatiques, qui ont alors du mal \u00e0 rester \u00e0 flot.\n<\/p>\n<p>\n En ao\u00fbt, \u2060les garde-c\u00f4tes fran\u00e7ais ont d\u00fb secourir 157 personnes \u00e0 bord d&rsquo;un bateau qui avait pris feu.\n<\/p>\n<p>\n \u00ab\u00a0Face \u00e0 la crise migratoire qui s\u00e9vit actuellement dans la Manche, Frontex va d\u00e9ployer des navires \u2060de patrouille afin \u200cde venir temporairement en renfort aux moyens fran\u00e7ais engag\u00e9s dans des op\u00e9rations de \u2060recherche et de sauvetage (SAR)\u00a0\u00bb, selon un communiqu\u00e9 de la pr\u00e9fecture maritime de la Manche \u200cet de la mer du Nord, bas\u00e9e en France.\n<\/p>\n<p>\n L&rsquo;immigration est l&rsquo;un des sujets \u2060politiques les plus clivants en Europe, y compris en Grande-Bretagne o\u00f9 \u2060le Parti travailliste au \u200cpouvoir est confront\u00e9 \u00e0 la concurrence du parti populiste Reform UK, qui s&rsquo;est engag\u00e9 \u00e0 emp\u00eacher \u200bl&rsquo;arriv\u00e9e de migrants par bateau.\n<\/p>\n<p>\n Londres a annonc\u00e9 \u200cen avril son intention de verser \u00e0 la France jusqu&rsquo;\u00e0 660 millions de livres sterling (768,54 millions d&rsquo;euros) dans le cadre \u200bd&rsquo;un accord triennal sur la s\u00e9curit\u00e9 aux fronti\u00e8res visant \u00e0 endiguer les travers\u00e9es ill\u00e9gales de la Manche par des migrants, une partie du financement \u00e9tant subordonn\u00e9e aux r\u00e9sultats \u2060obtenus.\n<\/p>\n<p>\n L&rsquo;ann\u00e9e derni\u00e8re, les deux pays ont convenu d&rsquo;un programme pilote \u00ab\u00a0un pour un\u00a0\u00bb, en vertu duquel la France accepte le retour des personnes sans papiers arrivant en Grande-Bretagne \u00e0 bord de petites embarcations, en \u00e9change de quoi elle s&rsquo;engage \u00e0 accueillir un nombre \u00e9quivalent de demandeurs d&rsquo;asile en r\u00e8gle ayant des liens familiaux au Royaume-Uni.\n<\/p>\n<p>\n (R\u00e9dig\u00e9 par Sudip Kar-Gupta ; Version fran\u00e7aise Rihab Latrache; \u200b\u00e9dit\u00e9 par Benoit Van Overstraeten)<\/p>\n","protected":false},"excerpt":{"rendered":"PHOTO D&rsquo;ARCHIVES : Chaussures abandonn\u00e9es apr\u00e8s qu&rsquo;un groupe de migrants a embarqu\u00e9 \u00e0 bord d&rsquo;un canot pneumatique avant&hellip;\n","protected":false},"author":2,"featured_media":1166989,"comment_status":"","ping_status":"","sticky":false,"template":"","format":"standard","meta":{"footnotes":"","_share_on_mastodon":"0"},"categories":[1586],"tags":[400,11,398,408,405,1777,674,1779,1011,27,403,402,399,404,12,25,401,406,1778,364,407],"class_list":["post-1166988","post","type-post","status-publish","format-standard","has-post-thumbnail","category-europe","tag-action-cac-40","tag-actualites","tag-bourse-de-paris","tag-boursorama","tag-cotations","tag-eu","tag-europe","tag-european-union","tag-fr","tag-france","tag-indices-devises","tag-investir","tag-investissement","tag-marche-boursier","tag-news","tag-republique-francaise","tag-sicav","tag-trackers","tag-ue","tag-union-europeenne","tag-warrants"],"share_on_mastodon":{"url":"https:\/\/pubeurope.com\/@fr\/117213110469636235","error":""},"_links":{"self":[{"href":"https:\/\/www.europesays.com\/fr\/wp-json\/wp\/v2\/posts\/1166988","targetHints":{"allow":["GET"]}}],"collection":[{"href":"https:\/\/www.europesays.com\/fr\/wp-json\/wp\/v2\/posts"}],"about":[{"href":"https:\/\/www.europesays.com\/fr\/wp-json\/wp\/v2\/types\/post"}],"author":[{"embeddable":true,"href":"https:\/\/www.europesays.com\/fr\/wp-json\/wp\/v2\/users\/2"}],"replies":[{"embeddable":true,"href":"https:\/\/www.europesays.com\/fr\/wp-json\/wp\/v2\/comments?post=1166988"}],"version-history":[{"count":0,"href":"https:\/\/www.europesays.com\/fr\/wp-json\/wp\/v2\/posts\/1166988\/revisions"}],"wp:featuredmedia":[{"embeddable":true,"href":"https:\/\/www.europesays.com\/fr\/wp-json\/wp\/v2\/media\/1166989"}],"wp:attachment":[{"href":"https:\/\/www.europesays.com\/fr\/wp-json\/wp\/v2\/media?parent=1166988"}],"wp:term":[{"taxonomy":"category","embeddable":true,"href":"https:\/\/www.europesays.com\/fr\/wp-json\/wp\/v2\/categories?post=1166988"},{"taxonomy":"post_tag","embeddable":true,"href":"https:\/\/www.europesays.com\/fr\/wp-json\/wp\/v2\/tags?post=1166988"}],"curies":[{"name":"wp","href":"https:\/\/api.w.org\/{rel}","templated":true}]}}