{"id":1166995,"date":"2026-09-04T13:59:14","date_gmt":"2026-09-04T13:59:14","guid":{"rendered":"https:\/\/www.europesays.com\/fr\/1166995\/"},"modified":"2026-09-04T13:59:14","modified_gmt":"2026-09-04T13:59:14","slug":"martin-farfal-et-antoine-pouguet-qualifies-pour-les-pq2","status":"publish","type":"post","link":"https:\/\/www.europesays.com\/fr\/1166995\/","title":{"rendered":"Martin Farfal et Antoine Pouguet qualifi\u00e9s pour les PQ2"},"content":{"rendered":"<p>\t\t\t\t\t\t<img width=\"770\" height=\"556\" src=\"https:\/\/www.europesays.com\/fr\/wp-content\/uploads\/2026\/09\/martin-farfal3-770x556.jpg\" class=\"img-responsive wp-post-image\" alt=\"Martin Farfal\" decoding=\"async\" fetchpriority=\"high\"  \/>\t\t\t\t\t<\/p>\n<p>\t\t\t\t\t\t Partager cet article <\/p>\n<p class=\"screen-reader-text juiz_sps_maybe_hidden_text\">Partager la publication \u00ab\u00a0Martin Farfal et Antoine Pouguet qualifi\u00e9s pour les PQ2\u00a0\u00bb<\/p>\n<p style=\"font-weight: 400;\"><strong>Deux des quatre Fran\u00e7ais engag\u00e9s, Martin Farfal (photo) et Antoine Pouguet, ont valid\u00e9 la premi\u00e8re \u00e9tape des cartes \u00e0 Hulencourt. Guillaume Chevalier et Gautier Brisout de Barneville n\u2019ont pas franchi l\u2019obstacle.<\/strong><\/p>\n<p>Apr\u00e8s le <strong>Golf du Vaudreuil<\/strong>, o\u00f9 <a href=\"https:\/\/www.golfplanete.com\/actualites\/quatre-francais-reussissent-les-pq1-au-vaudreuil\/\" rel=\"nofollow noopener\" target=\"_blank\">quatre Fran\u00e7ais avaient d\u00e9croch\u00e9 leur ticket pour les PQ2<\/a>, deux autres les ont rejoint apr\u00e8s la premi\u00e8re \u00e9tape du long marathon des Cartes du <strong>DP World Tour<\/strong> qui a eu lieu au club belge d\u2019<strong>Hulencourt<\/strong>.<\/p>\n<p style=\"font-weight: 400;\"><a href=\"https:\/\/www.europeantour.com\/dpworld-tour\/hulencourt-2026\/leaderboard?round=2\" target=\"_blank\" rel=\"noopener nofollow\">Le classement complet d\u2019Hulencourt<\/a><\/p>\n<p style=\"font-weight: 400;\"><strong>Martin Farfal <\/strong>et <strong>Antoine Pouguet <\/strong>ont en effet fait de m\u00eame, contrairement \u00e0 <strong>Guillaume Chevalier<\/strong> (30e dans le par) et <strong>Gautier Brisout de Barneville <\/strong>(61e \u00e0 +11). En effet, seuls les 19 premiers pourront poursuivre l\u2019aventure.<\/p>\n<p style=\"font-weight: 400;\">Troisi\u00e8me \u00e0 l\u2019issue du deuxi\u00e8me et du troisi\u00e8me tour, Martin Farfal a rendu sa moins bonne carte de la semaine \u2013 75 (+3) \u2013 pour la boucler au dixi\u00e8me rang, \u00e0 douze coups du Tha\u00eflandais <strong>Atiruj Winaicharoenchai<\/strong>.<\/p>\n<p style=\"font-weight: 400;\">Antoine Pouguet s\u2019est quant \u00e0 lui hiss\u00e9 \u00e0 la 13e place gr\u00e2ce \u00e0 un dernier score de 71 (-1).<\/p>\n<p>Le leaderboard\u00a0<\/p>\n<p><img loading=\"lazy\" decoding=\"async\" class=\"alignnone wp-image-220357 size-full\" src=\"data:image\/svg+xml,%3Csvg%20xmlns=\" http:=\"\" alt=\"\" width=\"775\" height=\"596\" data-lazy- data-lazy- data-lazy-src=\"https:\/\/www.europesays.com\/fr\/wp-content\/uploads\/2026\/09\/pq1-huddersfield-tour-4.jpg\"\/><\/p>\n<p>&#13;<br \/>\nPhoto: \u00a9Martin Farfal<\/p>\n","protected":false},"excerpt":{"rendered":"Partager cet article Partager la publication \u00ab\u00a0Martin Farfal et Antoine Pouguet qualifi\u00e9s pour les PQ2\u00a0\u00bb Deux des quatre&hellip;\n","protected":false},"author":2,"featured_media":1166996,"comment_status":"","ping_status":"","sticky":false,"template":"","format":"standard","meta":{"footnotes":"","_share_on_mastodon":"0"},"categories":[1418],"tags":[1011,27,1472,60],"class_list":["post-1166995","post","type-post","status-publish","format-standard","has-post-thumbnail","category-golf","tag-fr","tag-france","tag-golf","tag-sports"],"share_on_mastodon":{"url":"https:\/\/pubeurope.com\/@fr\/117213134348750023","error":""},"_links":{"self":[{"href":"https:\/\/www.europesays.com\/fr\/wp-json\/wp\/v2\/posts\/1166995","targetHints":{"allow":["GET"]}}],"collection":[{"href":"https:\/\/www.europesays.com\/fr\/wp-json\/wp\/v2\/posts"}],"about":[{"href":"https:\/\/www.europesays.com\/fr\/wp-json\/wp\/v2\/types\/post"}],"author":[{"embeddable":true,"href":"https:\/\/www.europesays.com\/fr\/wp-json\/wp\/v2\/users\/2"}],"replies":[{"embeddable":true,"href":"https:\/\/www.europesays.com\/fr\/wp-json\/wp\/v2\/comments?post=1166995"}],"version-history":[{"count":0,"href":"https:\/\/www.europesays.com\/fr\/wp-json\/wp\/v2\/posts\/1166995\/revisions"}],"wp:featuredmedia":[{"embeddable":true,"href":"https:\/\/www.europesays.com\/fr\/wp-json\/wp\/v2\/media\/1166996"}],"wp:attachment":[{"href":"https:\/\/www.europesays.com\/fr\/wp-json\/wp\/v2\/media?parent=1166995"}],"wp:term":[{"taxonomy":"category","embeddable":true,"href":"https:\/\/www.europesays.com\/fr\/wp-json\/wp\/v2\/categories?post=1166995"},{"taxonomy":"post_tag","embeddable":true,"href":"https:\/\/www.europesays.com\/fr\/wp-json\/wp\/v2\/tags?post=1166995"}],"curies":[{"name":"wp","href":"https:\/\/api.w.org\/{rel}","templated":true}]}}