{"id":1167003,"date":"2026-09-04T14:06:16","date_gmt":"2026-09-04T14:06:16","guid":{"rendered":"https:\/\/www.europesays.com\/fr\/1167003\/"},"modified":"2026-09-04T14:06:16","modified_gmt":"2026-09-04T14:06:16","slug":"lus-vern-arrete-son-equipe-n2-actualite","status":"publish","type":"post","link":"https:\/\/www.europesays.com\/fr\/1167003\/","title":{"rendered":"L&rsquo;US Vern arr\u00eate son \u00e9quipe N2 &#8211; Actualit\u00e9"},"content":{"rendered":"<p>L&rsquo;<strong><a href=\"https:\/\/www.directvelo.com\/equipe\/4403\/team-vern-35-feminin\" target=\"_blank\" rel=\"noopener nofollow\">US Vern<\/a><\/strong> annonce la fin de son \u00e9quipe N2 Femmes \u00e0 l&rsquo;issue de la saison 2026. L&rsquo;\u00e9quipe bretonne a \u00e9t\u00e9 labellis\u00e9e en N1 en 2018 et 2019, puis en N2 depuis 2022.<\/p>\n<p>\u00ab\u00a0Cr\u00e9\u00e9e avec passion et l\u2019ambition d\u2019accompagner le d\u00e9veloppement du cyclisme f\u00e9minin en Ille-et-Vilaine cette structure aura \u00e9t\u00e9, pendant plusieurs saisons, un formidable moteur pour notre club et un tremplin exceptionnel pour toute une g\u00e9n\u00e9ration de coureuses\u00a0\u00bb, peut-on lire sur Instagram. L&rsquo;\u00e9quipe a compt\u00e9 dans ses rangs Amandine Fouquenet, Lucie Jounier, Sandra Levenez ou encore Lise M\u00e9nage.<\/p>\n<p>Cette saison, l&rsquo;\u00e9quipe a termin\u00e9 <strong><a href=\"https:\/\/www.directvelo.com\/actualite\/131579\/coupe-de-france-n2-femmes-5-classements\" target=\"_blank\" rel=\"noopener nofollow\">7e de la Coupe de France N2<\/a><\/strong>. No\u00e9mie Bonnin et Margot Lavigne ont chacune gagn\u00e9 une \u00e9tape du Tour de l&rsquo;Orne, manche de cette Coupe de France. <a href=\"https:\/\/www.directvelo.com\/challenge\/equipe\/n2-dames\/2026\/9\" rel=\"nofollow noopener\" target=\"_blank\"><strong>Au Challenge DirectVelo, le Team Vern 35 occupe actuellement la 12e place<\/strong>.<\/a><\/p>\n<p>\u00ab\u00a0Si l\u2019aventure en Division Nationale touche \u00e0 sa fin, l\u2019histoire du cyclisme f\u00e9minin \u00e0 l\u2019US Vern continue de s\u2019\u00e9crire avec passion aupr\u00e8s de nos jeunes licenci\u00e9es qui repr\u00e9sentent d\u00e9j\u00e0 la rel\u00e8ve de demain\u00a0\u00bb, conclut le club d&rsquo;Ille-et-Vilaine.<\/p>\n","protected":false},"excerpt":{"rendered":"L&rsquo;US Vern annonce la fin de son \u00e9quipe N2 Femmes \u00e0 l&rsquo;issue de la saison 2026. L&rsquo;\u00e9quipe bretonne&hellip;\n","protected":false},"author":2,"featured_media":1167004,"comment_status":"","ping_status":"","sticky":false,"template":"","format":"standard","meta":{"footnotes":"","_share_on_mastodon":"0"},"categories":[1411],"tags":[834,828,836,829,837,827,83,826,824,823,1154,207,814,817,815,816,822,821,832,211,839,1011,27,820,818,819,835,831,830,833,838,60,212,208,825],"class_list":["post-1167003","post","type-post","status-publish","format-standard","has-post-thumbnail","category-cyclisme","tag-attaque","tag-belgique","tag-braquet","tag-bretagne","tag-chute","tag-competition","tag-coupe-de-france","tag-coureur","tag-course-cyclisme","tag-course-cycliste","tag-cycling","tag-cyclisme","tag-direct","tag-direct-velo","tag-directvelo","tag-directvelo-com","tag-epreuve","tag-epreuve-cycliste","tag-federation-francaise-de-cyclisme","tag-ffc","tag-flandres","tag-fr","tag-france","tag-live","tag-live-course","tag-live-epreuve","tag-peloton","tag-radio-peloton","tag-radio-tour","tag-ravitaillement","tag-relance","tag-sports","tag-uci","tag-velo","tag-velos"],"share_on_mastodon":{"url":"https:\/\/pubeurope.com\/@fr\/117213160022552529","error":""},"_links":{"self":[{"href":"https:\/\/www.europesays.com\/fr\/wp-json\/wp\/v2\/posts\/1167003","targetHints":{"allow":["GET"]}}],"collection":[{"href":"https:\/\/www.europesays.com\/fr\/wp-json\/wp\/v2\/posts"}],"about":[{"href":"https:\/\/www.europesays.com\/fr\/wp-json\/wp\/v2\/types\/post"}],"author":[{"embeddable":true,"href":"https:\/\/www.europesays.com\/fr\/wp-json\/wp\/v2\/users\/2"}],"replies":[{"embeddable":true,"href":"https:\/\/www.europesays.com\/fr\/wp-json\/wp\/v2\/comments?post=1167003"}],"version-history":[{"count":0,"href":"https:\/\/www.europesays.com\/fr\/wp-json\/wp\/v2\/posts\/1167003\/revisions"}],"wp:featuredmedia":[{"embeddable":true,"href":"https:\/\/www.europesays.com\/fr\/wp-json\/wp\/v2\/media\/1167004"}],"wp:attachment":[{"href":"https:\/\/www.europesays.com\/fr\/wp-json\/wp\/v2\/media?parent=1167003"}],"wp:term":[{"taxonomy":"category","embeddable":true,"href":"https:\/\/www.europesays.com\/fr\/wp-json\/wp\/v2\/categories?post=1167003"},{"taxonomy":"post_tag","embeddable":true,"href":"https:\/\/www.europesays.com\/fr\/wp-json\/wp\/v2\/tags?post=1167003"}],"curies":[{"name":"wp","href":"https:\/\/api.w.org\/{rel}","templated":true}]}}