{"id":116701,"date":"2025-05-21T11:09:09","date_gmt":"2025-05-21T11:09:09","guid":{"rendered":"https:\/\/www.europesays.com\/fr\/116701\/"},"modified":"2025-05-21T11:09:09","modified_gmt":"2025-05-21T11:09:09","slug":"les-obseques-ont-eu-lieu-a-montreuil-des-milliers-de-personnes-presentes","status":"publish","type":"post","link":"https:\/\/www.europesays.com\/fr\/116701\/","title":{"rendered":"les obs\u00e8ques ont eu lieu \u00e0 Montreuil, des milliers de personnes pr\u00e9sentes"},"content":{"rendered":"<p itemprop=\"description\"><strong>Des images qui doivent faire chaud au c\u0153ur \u00e0 la famille, de voir autant de soutien pour le rappeur m\u00eame dans la mort.<\/strong><\/p>\n<p><a href=\"https:\/\/generations.fr\/news\/culture-et-societe\/79795\/werenoi-une-etoile-du-rap-s-eteint-mais-sa-voix-resonnera-toujours\" target=\"_blank\" rel=\"noopener\">Le d\u00e9c\u00e8s de <strong>Werenoi<\/strong><\/a> a \u00e9videmment fait la une de l&rsquo;actualit\u00e9 pendant tout le weekend. Dans les m\u00e9dias rap sp\u00e9cialis\u00e9s, \u00e9videmment, <a href=\"https:\/\/generations.fr\/news\/musique\/79806\/werenoi-ses-streams-explosent-et-les-certifications-pleuvent\" target=\"_blank\" rel=\"noopener\">mais aussi dans toute <\/a><strong><a href=\"https:\/\/generations.fr\/news\/musique\/79806\/werenoi-ses-streams-explosent-et-les-certifications-pleuvent\" target=\"_blank\" rel=\"noopener\">la presse g\u00e9n\u00e9raliste<\/a>, qui d\u00e9couvrait du m\u00eame coup l&rsquo;immense aura<\/strong> de celui qui \u00e9tait clairement la star num\u00e9ro 1 du rap fran\u00e7ais sur les deux derni\u00e8res ann\u00e9es. Beaucoup d&rsquo;\u00e9motions ont \u00e9t\u00e9 partag\u00e9es, notamment par ses nombreux fans, mais <strong>hier soir, mardi 20 mai, le temps \u00e9tait au recueillement, puisque les obs\u00e8ques du rappeur avaient lieu dans sa ville de Montreuil, et \u00e9galement \u00e0 Rosny-sous-Bois.<\/strong><\/p>\n<p><strong>Des obs\u00e8ques qui ont rassembl\u00e9 des milliers de personnes<\/strong> dans sa ville, et c&rsquo;est compr\u00e9hensible : de toute l&rsquo;histoire du rap de Montreuil, une histoire tr\u00e8s dense avec beaucoup d&rsquo;excellents artistes, comme Swift Guad, l&rsquo;uZine,<strong> jamais un rappeur de la ville n&rsquo;avait atteint une telle notori\u00e9t\u00e9 que celle de <a href=\"https:\/\/generations.fr\/news\/musique\/79806\/werenoi-ses-streams-explosent-et-les-certifications-pleuvent\" target=\"_blank\" rel=\"noopener\">Werenoi<\/a><\/strong>. Cet enterrement \u00e9tait donc <strong>un moyen pour les gens de la ville de lui envoyer de l&rsquo;amour<\/strong>, et \u00e9galement d&rsquo;envoyer de la force \u00e0 sa famille, forc\u00e9ment boulevers\u00e9e par la perte de leur proche, surtout \u00e0 un \u00e2ge aussi jeune.<\/p>\n<blockquote class=\"instagram-media\" style=\"background: #FFF; border: 0; border-radius: 3px; box-shadow: 0 0 1px 0 rgba(0,0,0,0.5),0 1px 10px 0 rgba(0,0,0,0.15); margin: 1px; max-width: 540px; min-width: 326px; padding: 0; width: calc(100% - 2px);\" data-instgrm-captioned=\"\" data-instgrm-permalink=\"https:\/\/www.instagram.com\/p\/DJ4a3TnM0Zv\/?utm_source=ig_embed&amp;utm_campaign=loading\" data-instgrm-version=\"14\"><p>&#13;<br \/>\n&#13;\n<\/p><\/blockquote>\n<p><strong>La c\u00e9r\u00e9monie a donc eu lieu \u00e0 la grande mosqu\u00e9e de Rosny-sous-Bois<\/strong>, juste \u00e0 c\u00f4t\u00e9 de Montreuil, <strong>avant que le rappeur soit inhum\u00e9 aux alentours de 15h dans le cimeti\u00e8re de sa ville<\/strong>. Des moments de recueillement assez intenses qui ont \u00e9mu tous les gens pr\u00e9sents sur place, et qui ont <strong>\u00e9tonn\u00e9 la presse g\u00e9n\u00e9raliste par le nombre de personnes pr\u00e9sents sur place, illustrant ainsi le d\u00e9calage entre les rappeurs et les m\u00e9dias \u00ab\u00a0mainstream\u00a0\u00bb<\/strong>. Un d\u00e9calage toujours pr\u00e9sent, m\u00eame si les m\u00e9dias tentent de rattraper leur retard tant bien que mal. Mais il est vrai que si c&rsquo;\u00e9tait un Julien Dor\u00e9 ou un Vianney qui \u00e9taient d\u00e9c\u00e9d\u00e9s dans des circonstances aussi soudaines, on aurait eu droit \u00e0 des tonnes d&rsquo;\u00e9missions sp\u00e9ciales&#8230;<\/p>\n<p>Quoiqu&rsquo;il en soit, l&rsquo;heure n&rsquo;est clairement pas \u00e0 la pol\u00e9mique. On <strong>adresse une fois de plus nos condol\u00e9ances aux proches et \u00e0 la famille, et on souhaite \u00e0 Werenoi de reposer en paix<\/strong>, il l&rsquo;a bien m\u00e9rit\u00e9 avec toutes les \u00e9motions qu&rsquo;il a r\u00e9ussi \u00e0 transmettre aux gens.<\/p>\n<blockquote class=\"instagram-media\" style=\"background: #FFF; border: 0; border-radius: 3px; box-shadow: 0 0 1px 0 rgba(0,0,0,0.5),0 1px 10px 0 rgba(0,0,0,0.15); margin: 1px; max-width: 540px; min-width: 326px; padding: 0; width: calc(100% - 2px);\" data-instgrm-captioned=\"\" data-instgrm-permalink=\"https:\/\/www.instagram.com\/reel\/DJ4Y2UcocRZ\/?utm_source=ig_embed&amp;utm_campaign=loading\" data-instgrm-version=\"14\"><p>&#13;<br \/>\n&#13;\n<\/p><\/blockquote>\n<p>\t\t\t\t\t\t\t\t\t\t\t\t\t\t\t\t\t\t\t<script async src=\"\/\/www.instagram.com\/embed.js\"><\/script><\/p>\n","protected":false},"excerpt":{"rendered":"Des images qui doivent faire chaud au c\u0153ur \u00e0 la famille, de voir autant de soutien pour le&hellip;\n","protected":false},"author":2,"featured_media":116702,"comment_status":"","ping_status":"","sticky":false,"template":"","format":"standard","meta":{"footnotes":""},"categories":[1586],"tags":[3627,3628,3626,3632,3631,3630,3629,11,3649,3634,3647,3663,3625,3623,3646,2163,3648,3645,1777,674,1779,3660,1011,27,3612,3620,3606,3607,3605,3608,3665,3657,3622,3613,3617,3615,3609,3614,3659,3654,3643,3653,3650,3641,3636,3642,3638,3651,3635,1361,873,12,3624,626,3639,2189,3658,1825,3618,3616,3661,3656,3619,25,3621,3662,3640,3664,3633,3644,3611,3610,3637,1778,364,1863,2955,3655,3652],"class_list":{"0":"post-116701","1":"post","2":"type-post","3":"status-publish","4":"format-standard","5":"has-post-thumbnail","7":"category-europe","8":"tag-3627","9":"tag-3628","10":"tag-3626","11":"tag-3632","12":"tag-3631","13":"tag-3630","14":"tag-3629","15":"tag-actualites","16":"tag-al-peco","17":"tag-alibi","18":"tag-alpeco","19":"tag-b2o","20":"tag-banlieue","21":"tag-black","22":"tag-booba","23":"tag-chroniques","24":"tag-despo","25":"tag-diams","26":"tag-eu","27":"tag-europe","28":"tag-european-union","29":"tag-exclus","30":"tag-fr","31":"tag-france","32":"tag-freestyles","33":"tag-funk","34":"tag-generation","35":"tag-generation88-2","36":"tag-generations","37":"tag-generations88-2","38":"tag-generationslive","39":"tag-genratio","40":"tag-grime","41":"tag-hip","42":"tag-hip-hop","43":"tag-hiphop","44":"tag-hiphopsoul","45":"tag-hop","46":"tag-hotlist","47":"tag-james","48":"tag-k1fry","49":"tag-kerry","50":"tag-larsen","51":"tag-lim","52":"tag-lskadrille","53":"tag-mafia","54":"tag-mctyer","55":"tag-medine","56":"tag-montana","57":"tag-music","58":"tag-musique","59":"tag-news","60":"tag-noir","61":"tag-paris","62":"tag-parishiphop","63":"tag-photos","64":"tag-playlist","65":"tag-radio","66":"tag-ragga","67":"tag-rap","68":"tag-rap-francais","69":"tag-rapfr","70":"tag-reggae","71":"tag-republique-francaise","72":"tag-rnb","73":"tag-roh2f","74":"tag-rue","75":"tag-ruskov-molotov","76":"tag-sefyu","77":"tag-sinik","78":"tag-sons","79":"tag-soul","80":"tag-tandem","81":"tag-ue","82":"tag-union-europeenne","83":"tag-us","84":"tag-videos","85":"tag-webradio","86":"tag-youssoupha"},"share_on_mastodon":{"url":"","error":"Validation failed: Text character limit of 500 exceeded"},"_links":{"self":[{"href":"https:\/\/www.europesays.com\/fr\/wp-json\/wp\/v2\/posts\/116701","targetHints":{"allow":["GET"]}}],"collection":[{"href":"https:\/\/www.europesays.com\/fr\/wp-json\/wp\/v2\/posts"}],"about":[{"href":"https:\/\/www.europesays.com\/fr\/wp-json\/wp\/v2\/types\/post"}],"author":[{"embeddable":true,"href":"https:\/\/www.europesays.com\/fr\/wp-json\/wp\/v2\/users\/2"}],"replies":[{"embeddable":true,"href":"https:\/\/www.europesays.com\/fr\/wp-json\/wp\/v2\/comments?post=116701"}],"version-history":[{"count":0,"href":"https:\/\/www.europesays.com\/fr\/wp-json\/wp\/v2\/posts\/116701\/revisions"}],"wp:featuredmedia":[{"embeddable":true,"href":"https:\/\/www.europesays.com\/fr\/wp-json\/wp\/v2\/media\/116702"}],"wp:attachment":[{"href":"https:\/\/www.europesays.com\/fr\/wp-json\/wp\/v2\/media?parent=116701"}],"wp:term":[{"taxonomy":"category","embeddable":true,"href":"https:\/\/www.europesays.com\/fr\/wp-json\/wp\/v2\/categories?post=116701"},{"taxonomy":"post_tag","embeddable":true,"href":"https:\/\/www.europesays.com\/fr\/wp-json\/wp\/v2\/tags?post=116701"}],"curies":[{"name":"wp","href":"https:\/\/api.w.org\/{rel}","templated":true}]}}