{"id":1167022,"date":"2026-09-04T14:19:19","date_gmt":"2026-09-04T14:19:19","guid":{"rendered":"https:\/\/www.europesays.com\/fr\/1167022\/"},"modified":"2026-09-04T14:19:19","modified_gmt":"2026-09-04T14:19:19","slug":"etats-unis-les-creations-demplois-augmentent-bien-plus-que-prevu-en-aout-le-chomage-stable-a-41-04-09-2026-a-1513","status":"publish","type":"post","link":"https:\/\/www.europesays.com\/fr\/1167022\/","title":{"rendered":"Etats-Unis: Les cr\u00e9ations d&#8217;emplois augmentent bien plus que pr\u00e9vu en ao\u00fbt, le ch\u00f4mage stable \u00e0 4,1% &#8211; 04\/09\/2026 \u00e0 15:13"},"content":{"rendered":"<p>        <img decoding=\"async\" src=\"https:\/\/www.europesays.com\/fr\/wp-content\/uploads\/2026\/09\/c06fbc9801652683a2d5ba2db4af3d2a-760x507.jpg\" alt=\"Panneau annon\u00e7ant des offres d'emploi dans un magasin Target en Californie\" loading=\"eager\" fetchpriority=\"high\" width=\"760\" height=\"507\" style=\"max-width: 100%!important; height: auto;\"\/><\/p>\n<p class=\"c-image-news__legend\">Panneau annon\u00e7ant des offres d&#8217;emploi dans un magasin Target en Californie<\/p>\n<p>\n La croissance de l&#8217;emploi aux \u00c9tats-Unis \u200cs&rsquo;est nettement acc\u00e9l\u00e9r\u00e9e en ao\u00fbt, tandis que le taux de ch\u00f4mage est rest\u00e9 \u200bstable, montrent les donn\u00e9es officielles publi\u00e9es vendredi par le d\u00e9partement du Travail, qui maintiennent la possibilit\u00e9 d&rsquo;une hausse des taux d&rsquo;int\u00e9r\u00eat de la R\u00e9serve f\u00e9d\u00e9rale am\u00e9ricaine (Fed) lors \u200bde sa prochaine r\u00e9union ce mois-ci.\n<\/p>\n<p>\n L&#8217;emploi non-agricole a bondi le mois dernier avec 162.000 cr\u00e9ations, un total \u200blargement au-dessus des attentes des \u00e9conomistes interrog\u00e9s \u2060par Reuters, qui pr\u00e9voyaient en moyenne 56.000 cr\u00e9ations nettes.\n<\/p>\n<p>\n Le chiffre de juillet a \u200cpar ailleurs \u00e9t\u00e9 revu en hausse et fait appara\u00eetre d\u00e9sormais 21.000 postes cr\u00e9\u00e9s contre 23.000 d\u00e9truits en premi\u00e8re estimation.\n<\/p>\n<p>\n Les estimations des \u200b\u00e9conomistes pour le mois d&rsquo;ao\u00fbt \u200callaient de 25.000 emplois d\u00e9truits \u00e0 121.000 emplois cr\u00e9\u00e9s.\n<\/p>\n<p>\n Le taux \u2060de ch\u00f4mage s&rsquo;est \u00e9tabli en ao\u00fbt \u00e0 4,1%, comme pr\u00e9vu, apr\u00e8s le m\u00eame chiffre en juillet.\n<\/p>\n<p>\n La dynamique du march\u00e9 du travail s&rsquo;\u00e9tait ralentie apr\u00e8s une forte acc\u00e9l\u00e9ration \u2060au printemps, en \u200craison notamment de la flamb\u00e9e des cours p\u00e9troliers et des tensions \u2060sur les cha\u00eenes d&rsquo;approvisionnement li\u00e9es \u00e0 la guerre men\u00e9e par les \u00c9tats-Unis \u200cet Isra\u00ebl contre l&rsquo;Iran.\n<\/p>\n<p>\n Les op\u00e9rateurs ont revu \u00e0 la baisse leurs \u2060anticipations d&rsquo;une hausse des taux en amont de la publication du \u2060rapport sur l&#8217;emploi \u200capr\u00e8s des d\u00e9clarations d&rsquo;un gouverneur de la Fed, Christopher Waller, qui s&rsquo;est dit jeudi \u200bfavorable \u00e0 ne pas relever les \u200ctaux si les donn\u00e9es \u00e9conomiques venaient \u00e0 montrer un ralentissement de l&rsquo;inflation.\n<\/p>\n<p>\n Selon des donn\u00e9es FedWatch de CME, \u200bils misaient \u00e0 50,4% sur la probabilit\u00e9 d&rsquo;une hausse des taux lors de la r\u00e9union de septembre de la Fed, contre 63,2% mercredi.\n<\/p>\n<p>\n Les craintes inflationnistes \u2060et le peu de go\u00fbt que porte le nouveau pr\u00e9sident de la Fed, Kevin Warsh aux d\u00e9clarations prospectives ont contribu\u00e9 \u00e0 alimenter la hausse des rendements des obligations du Tr\u00e9sor am\u00e9ricain, ce qui pourrait, selon les \u00e9conomistes, soulever des probl\u00e8mes pour la banque centrale.\n<\/p>\n<p>\n (R\u00e9dig\u00e9 par Elena Smirnova et Augustin Turpin, avec Lucia Mutikani, \u00e9dit\u00e9 \u200bpar Benoit Van Overstraeten)<\/p>\n","protected":false},"excerpt":{"rendered":"Panneau annon\u00e7ant des offres d&#8217;emploi dans un magasin Target en Californie La croissance de l&#8217;emploi aux \u00c9tats-Unis \u200cs&rsquo;est&hellip;\n","protected":false},"author":2,"featured_media":1167023,"comment_status":"","ping_status":"","sticky":false,"template":"","format":"standard","meta":{"footnotes":"","_share_on_mastodon":"0"},"categories":[6],"tags":[400,398,408,35,405,33,34,1011,27,403,402,399,404,401,406,407],"class_list":["post-1167022","post","type-post","status-publish","format-standard","has-post-thumbnail","category-economie","tag-action-cac-40","tag-bourse-de-paris","tag-boursorama","tag-business","tag-cotations","tag-economie","tag-economy","tag-fr","tag-france","tag-indices-devises","tag-investir","tag-investissement","tag-marche-boursier","tag-sicav","tag-trackers","tag-warrants"],"share_on_mastodon":{"url":"https:\/\/pubeurope.com\/@fr\/117213213015151964","error":""},"_links":{"self":[{"href":"https:\/\/www.europesays.com\/fr\/wp-json\/wp\/v2\/posts\/1167022","targetHints":{"allow":["GET"]}}],"collection":[{"href":"https:\/\/www.europesays.com\/fr\/wp-json\/wp\/v2\/posts"}],"about":[{"href":"https:\/\/www.europesays.com\/fr\/wp-json\/wp\/v2\/types\/post"}],"author":[{"embeddable":true,"href":"https:\/\/www.europesays.com\/fr\/wp-json\/wp\/v2\/users\/2"}],"replies":[{"embeddable":true,"href":"https:\/\/www.europesays.com\/fr\/wp-json\/wp\/v2\/comments?post=1167022"}],"version-history":[{"count":0,"href":"https:\/\/www.europesays.com\/fr\/wp-json\/wp\/v2\/posts\/1167022\/revisions"}],"wp:featuredmedia":[{"embeddable":true,"href":"https:\/\/www.europesays.com\/fr\/wp-json\/wp\/v2\/media\/1167023"}],"wp:attachment":[{"href":"https:\/\/www.europesays.com\/fr\/wp-json\/wp\/v2\/media?parent=1167022"}],"wp:term":[{"taxonomy":"category","embeddable":true,"href":"https:\/\/www.europesays.com\/fr\/wp-json\/wp\/v2\/categories?post=1167022"},{"taxonomy":"post_tag","embeddable":true,"href":"https:\/\/www.europesays.com\/fr\/wp-json\/wp\/v2\/tags?post=1167022"}],"curies":[{"name":"wp","href":"https:\/\/api.w.org\/{rel}","templated":true}]}}