{"id":1167028,"date":"2026-09-04T14:23:30","date_gmt":"2026-09-04T14:23:30","guid":{"rendered":"https:\/\/www.europesays.com\/fr\/1167028\/"},"modified":"2026-09-04T14:23:30","modified_gmt":"2026-09-04T14:23:30","slug":"nepal-mais-pourquoi-une-telle-crue-les-scientifiques-commencent-a-y-voir-plus-clair","status":"publish","type":"post","link":"https:\/\/www.europesays.com\/fr\/1167028\/","title":{"rendered":"N\u00e9pal\u00a0: Mais pourquoi une telle crue\u00a0? Les scientifiques commencent \u00e0 y voir plus clair"},"content":{"rendered":"<p>Les experts qui m\u00e8nent l\u2019enqu\u00eate sur <a href=\"https:\/\/www.20minutes.fr\/monde\/4242341-20260902-inondations-meurtrieres-nepal-dirait-fin-monde-semaine-apres-pays-entre-espoir-desolation\" target=\"_blank\" class=\"c-link c-link--is-underlined\" rel=\"nofollow noopener\">la crue meurtri\u00e8re au N\u00e9pal<\/a> et en Chine commencent \u00e0 lever le voile sur son d\u00e9roulement et ses causes. Selon les derniers travaux, le 26\u00a0ao\u00fbt, \u00e0 08h37, un morceau de glace et de roche s\u2019est d\u00e9tach\u00e9 de la face nord du mont Langtang Lirung, au N\u00e9pal. Situ\u00e9e \u00e0 environ 5.200\u00a0m d\u2019altitude, cette tranche de montagne &#8211; d\u2019une largeur estim\u00e9e de plus d\u2019un kilom\u00e8tre &#8211; a plong\u00e9 environ 800 m\u00e8tres plus bas sur un glacier, <a href=\"https:\/\/www.20minutes.fr\/monde\/chine\/4242105-20260901-inondations-nepal-tibet-bilan-depasse-1-000-morts-disparus-encore-plus-nombreux\" target=\"_blank\" class=\"c-link c-link--is-underlined\" rel=\"nofollow noopener\">obstruant momentan\u00e9ment la rivi\u00e8re Lhende<\/a>.<\/p>\n<p>Sit\u00f4t lib\u00e9r\u00e9e, la masse d\u2019eau, de glace et de d\u00e9bris s\u2019est engouffr\u00e9e dans la vall\u00e9e avec une force et une vitesse inou\u00efe, arrachant tout sur son passage, y compris de nombreuses roches. \u00ab\u00a0Sur une pente extr\u00eamement forte, la gravit\u00e9 a rapidement acc\u00e9l\u00e9r\u00e9 l\u2019eau et les d\u00e9bris\u00a0\u00bb, selon le dernier rapport, qui a estim\u00e9 \u00e0 142\u00a0millions de m\u00e8tres cubes le volume qui a d\u00e9ferl\u00e9 dans la vall\u00e9e. Cette masse a parcouru une distance de 20 km en \u00e0 peine sept minutes.<\/p>\n<p>Un glacier qui avait d\u00e9j\u00e0 largement r\u00e9tr\u00e9ci<\/p>\n<p>\u00ab\u00a0La diff\u00e9rence d\u2019altitude est \u00e9norme, sur une distance tr\u00e8s courte\u00a0\u00bb, confirme le g\u00e9ologue Sudan Bikash Maharjan, du Centre international pour le d\u00e9veloppement int\u00e9gr\u00e9 des montagnes (ICIMOD). \u00ab\u00a0Tout \u00e7a a d\u00e9ferl\u00e9 \u00e0 la vitesse d\u2019un train.\u00a0\u00bb Les scientifiques ont identifi\u00e9 plusieurs facteurs possibles pour expliquer l\u2019effondrement du morceau de montagne, mais il est encore trop t\u00f4t pour avancer des conclusions cat\u00e9goriques.<\/p>\n<p>Entre\u00a01990 et\u00a02020, le glacier en cause s\u2019est r\u00e9tr\u00e9ci de 450 m\u00e8tres et expos\u00e9 la roche qu\u2019il recouvrait auparavant. Tous les scientifiques pr\u00e9cisent toutefois qu\u2019ils n\u2019ont enregistr\u00e9 aucun s\u00e9isme, aucune pluie exceptionnelle ou aucune p\u00e9riode de chaleur extr\u00eame avant l\u2019effondrement. Les scientifiques examinent \u00e9galement l\u2019hypoth\u00e8se selon laquelle le tremblement de terre meurtrier survenu de\u00a02015 au N\u00e9pal aurait pu contribuer \u00e0 l\u2019instabilit\u00e9 de ce pan de montagne.<\/p>\n<p>Le r\u00e9chauffement climatique, mais pas que\u2026<\/p>\n<p>Le r\u00e9chauffement des temp\u00e9ratures a pu rendre la pente plus vuln\u00e9rable, notent les experts, mais ils se refusent \u00e0 lui attribuer seul la responsabilit\u00e9 de l\u2019effondrement du morceau de montagne.<\/p>\n<p>Selon plusieurs \u00e9tudes, <a href=\"https:\/\/www.20minutes.fr\/planete\/4241635-20260829-inondations-nepal-parmi-principales-victimes-changement-climatique-ministre-nepalais\" target=\"_blank\" class=\"c-link c-link--is-underlined\" rel=\"nofollow noopener\">les glaciers de l\u2019Himalaya ont fondu deux fois <\/a>plus vite que la moyenne depuis le d\u00e9but du si\u00e8cle, exposant \u00e0 l\u2019air libre des roches jusque-l\u00e0 recouvertes de glace et d\u00e9sormais soumises aux variations de temp\u00e9rature et aux pr\u00e9cipitations. Les experts cherchent \u00e0 \u00e9tablir si certaines donn\u00e9es relev\u00e9es avant la catastrophe, comme l\u2019acc\u00e9l\u00e9ration des mouvements du glacier ou la hausse des volumes d\u2019eau fondue, pourraient constituer des signes avant-coureurs de la catastrophe.<\/p>\n<p>Aucun n\u2019aurait toutefois permis d\u2019\u00e9tablir qu\u2019un accident \u00e9tait imminent et donn\u00e9 aux autorit\u00e9s, au N\u00e9pal comme en Chine, les moyens de d\u00e9clencher une alerte, tranche un des scientifiques. \u00ab\u00a0Il y a tellement de montagnes dans la r\u00e9gion\u00a0\u00bb \u00e0 surveiller, rappelle-t-il.<\/p>\n","protected":false},"excerpt":{"rendered":"Les experts qui m\u00e8nent l\u2019enqu\u00eate sur la crue meurtri\u00e8re au N\u00e9pal et en Chine commencent \u00e0 lever le&hellip;\n","protected":false},"author":2,"featured_media":1167029,"comment_status":"","ping_status":"","sticky":false,"template":"","format":"standard","meta":{"footnotes":"","_share_on_mastodon":"0"},"categories":[2],"tags":[11,309,11295,1011,27,43963,4458,74,29114,12],"class_list":["post-1167028","post","type-post","status-publish","format-standard","has-post-thumbnail","category-actualites","tag-actualites","tag-chine","tag-crue","tag-fr","tag-france","tag-himalaya","tag-inondation","tag-monde","tag-nepal","tag-news"],"share_on_mastodon":{"url":"https:\/\/pubeurope.com\/@fr\/117213227033867124","error":""},"_links":{"self":[{"href":"https:\/\/www.europesays.com\/fr\/wp-json\/wp\/v2\/posts\/1167028","targetHints":{"allow":["GET"]}}],"collection":[{"href":"https:\/\/www.europesays.com\/fr\/wp-json\/wp\/v2\/posts"}],"about":[{"href":"https:\/\/www.europesays.com\/fr\/wp-json\/wp\/v2\/types\/post"}],"author":[{"embeddable":true,"href":"https:\/\/www.europesays.com\/fr\/wp-json\/wp\/v2\/users\/2"}],"replies":[{"embeddable":true,"href":"https:\/\/www.europesays.com\/fr\/wp-json\/wp\/v2\/comments?post=1167028"}],"version-history":[{"count":0,"href":"https:\/\/www.europesays.com\/fr\/wp-json\/wp\/v2\/posts\/1167028\/revisions"}],"wp:featuredmedia":[{"embeddable":true,"href":"https:\/\/www.europesays.com\/fr\/wp-json\/wp\/v2\/media\/1167029"}],"wp:attachment":[{"href":"https:\/\/www.europesays.com\/fr\/wp-json\/wp\/v2\/media?parent=1167028"}],"wp:term":[{"taxonomy":"category","embeddable":true,"href":"https:\/\/www.europesays.com\/fr\/wp-json\/wp\/v2\/categories?post=1167028"},{"taxonomy":"post_tag","embeddable":true,"href":"https:\/\/www.europesays.com\/fr\/wp-json\/wp\/v2\/tags?post=1167028"}],"curies":[{"name":"wp","href":"https:\/\/api.w.org\/{rel}","templated":true}]}}