{"id":1167030,"date":"2026-09-04T14:25:14","date_gmt":"2026-09-04T14:25:14","guid":{"rendered":"https:\/\/www.europesays.com\/fr\/1167030\/"},"modified":"2026-09-04T14:25:14","modified_gmt":"2026-09-04T14:25:14","slug":"saint-etienne-la-tombe-de-michel-rondet-restauree-pour-preserver-la-memoire-des-mineurs","status":"publish","type":"post","link":"https:\/\/www.europesays.com\/fr\/1167030\/","title":{"rendered":"Saint-\u00c9tienne. La tombe de Michel Rondet restaur\u00e9e pour pr\u00e9server la m\u00e9moire des mineurs"},"content":{"rendered":"<p>La concession de la tombe de Michel Rondet, situ\u00e9e au cimeti\u00e8re du Cr\u00eat de Roc, \u00e9tait arriv\u00e9e \u00e0 \u00e9ch\u00e9ance en 2023. Les Amis du mus\u00e9e de la Mine l\u2019ayant rep\u00e9r\u00e9e dans un \u00e9tat de d\u00e9gradation pr\u00e9occupant, les descendants de Michel Rondet ont accept\u00e9 de confier cette s\u00e9pulture \u00e0 la ville de Saint-\u00c9tienne.<\/p>\n<p>  \u00ab\u00a0Pr\u00e9server le patrimoine, c\u2019est transmettre\u00a0\u00bb<\/p>\n<p>Les travaux de restauration qui se sont \u00e9lev\u00e9s \u00e0 quelques milliers d\u2019euros, ont permis de stabiliser la dalle, d\u2019entretenir la st\u00e8le et sa barri\u00e8re, de repeindre les lettres grav\u00e9es. Un travail essentiel pour pr\u00e9server un lieu de recueillement et de transmission que le service Ville d\u2019art et d\u2019histoire int\u00e9grera dans ses parcours de visites guid\u00e9es. \u00ab\u00a0Pr\u00e9server le patrimoine, c\u2019est transmettre. Une ville se construit autour des hommes et des femmes qui l\u2019ont faite, explique <a href=\"https:\/\/www.leprogres.fr\/p\/regis-juanico\" target=\"_blank\" rel=\"nofollow noopener\">R\u00e9gis Juanico<\/a>, maire de Saint-\u00c9tienne. Cette m\u00e9moire d\u2019une ville mini\u00e8re, ouvri\u00e8re et syndicaliste, doit \u00eatre entretenue et perp\u00e9tu\u00e9e\u00a0\u00bb, mart\u00e8le le premier magistrat.<\/p>\n<p>N\u00e9 en 1841, Michel Rondet descend au fond de la mine d\u00e8s l\u2019\u00e2ge de 12 ans et exp\u00e9rimente la rudesse des conditions de travail des gueules noires. Son engagement syndical commence d\u00e8s 1868 lorsqu\u2019il soutient un coll\u00e8gue licenci\u00e9. Il prend part aux manifestations et poursuit la lutte tout au long de sa vie. Pionnier de la solidarit\u00e9 mini\u00e8re, il fonde la soci\u00e9t\u00e9 de secours mutualiste La Fraternelle et participe \u00e0 la cr\u00e9ation de la F\u00e9d\u00e9ration nationale des mineurs de France. Devenu le porte-voix des travailleurs, il influence l\u2019\u00e9laboration de lois sociales, notamment l\u2019interdiction du travail de nuit pour les enfants. Il si\u00e8ge \u00e9galement comme conseiller municipal \u00e0 Saint-Etienne.<\/p>\n<p>Lors de l\u2019enterrement de Michel Rondet, Jean Jaur\u00e8s avait d\u00e9j\u00e0 soulign\u00e9 la port\u00e9e de son \u0153uvre, un parcours que l\u2019on peut r\u00e9sumer par une expression\u00a0: \u00ab\u00a0Pas de droit sans lutte\u00a0\u00bb. En restaurant cette s\u00e9pulture, la municipalit\u00e9 et l\u2019association des Amis du mus\u00e9e de la Mine saluent la m\u00e9moire de tous les mineurs du bassin st\u00e9phanois.<\/p>\n","protected":false},"excerpt":{"rendered":"La concession de la tombe de Michel Rondet, situ\u00e9e au cimeti\u00e8re du Cr\u00eat de Roc, \u00e9tait arriv\u00e9e \u00e0&hellip;\n","protected":false},"author":2,"featured_media":1167031,"comment_status":"","ping_status":"","sticky":false,"template":"","format":"standard","meta":{"footnotes":"","_share_on_mastodon":"0"},"categories":[9653],"tags":[1111,11,2430,1687,7539,1777,674,1011,27,12,2661,25,4001,7538],"class_list":["post-1167030","post","type-post","status-publish","format-standard","has-post-thumbnail","category-saint-etienne","tag-actu","tag-actualites","tag-auvergne-rhone-alpes","tag-culture-loisirs","tag-edition-loire-sud","tag-eu","tag-europe","tag-fr","tag-france","tag-news","tag-patrimoine-culturel","tag-republique-francaise","tag-saint-etienne","tag-saint-etienne-ville"],"share_on_mastodon":{"url":"https:\/\/pubeurope.com\/@fr\/117213235003317895","error":""},"_links":{"self":[{"href":"https:\/\/www.europesays.com\/fr\/wp-json\/wp\/v2\/posts\/1167030","targetHints":{"allow":["GET"]}}],"collection":[{"href":"https:\/\/www.europesays.com\/fr\/wp-json\/wp\/v2\/posts"}],"about":[{"href":"https:\/\/www.europesays.com\/fr\/wp-json\/wp\/v2\/types\/post"}],"author":[{"embeddable":true,"href":"https:\/\/www.europesays.com\/fr\/wp-json\/wp\/v2\/users\/2"}],"replies":[{"embeddable":true,"href":"https:\/\/www.europesays.com\/fr\/wp-json\/wp\/v2\/comments?post=1167030"}],"version-history":[{"count":0,"href":"https:\/\/www.europesays.com\/fr\/wp-json\/wp\/v2\/posts\/1167030\/revisions"}],"wp:featuredmedia":[{"embeddable":true,"href":"https:\/\/www.europesays.com\/fr\/wp-json\/wp\/v2\/media\/1167031"}],"wp:attachment":[{"href":"https:\/\/www.europesays.com\/fr\/wp-json\/wp\/v2\/media?parent=1167030"}],"wp:term":[{"taxonomy":"category","embeddable":true,"href":"https:\/\/www.europesays.com\/fr\/wp-json\/wp\/v2\/categories?post=1167030"},{"taxonomy":"post_tag","embeddable":true,"href":"https:\/\/www.europesays.com\/fr\/wp-json\/wp\/v2\/tags?post=1167030"}],"curies":[{"name":"wp","href":"https:\/\/api.w.org\/{rel}","templated":true}]}}