{"id":1167038,"date":"2026-09-04T14:31:17","date_gmt":"2026-09-04T14:31:17","guid":{"rendered":"https:\/\/www.europesays.com\/fr\/1167038\/"},"modified":"2026-09-04T14:31:17","modified_gmt":"2026-09-04T14:31:17","slug":"toulon-fermeture-nocturne-du-tunnel-les-7-et-9-septembre","status":"publish","type":"post","link":"https:\/\/www.europesays.com\/fr\/1167038\/","title":{"rendered":"Toulon : fermeture nocturne du tunnel les 7 et 9 septembre"},"content":{"rendered":"<p><strong>VINCI Autoroutes annonce la fermeture nocturne du tunnel de Toulon, du 7 au 9 septembre, pour des op\u00e9rations de maintenance programm\u00e9es.<\/strong><\/p>\n<p>La circulation dans l\u2019agglom\u00e9ration toulonnaise sera modifi\u00e9e en d\u00e9but de semaine prochaine. L\u2019op\u00e9rateur VINCI Autoroutes a annonc\u00e9 qu\u2019il m\u00e8nera des op\u00e9rations de maintenance essentielles dans le tunnel de Toulon. Ces interventions, destin\u00e9es \u00e0 garantir la s\u00e9curit\u00e9 des usagers et des \u00e9quipes techniques, entra\u00eeneront une fermeture compl\u00e8te de l\u2019ouvrage durant deux nuits.<\/p>\n<p><strong>Des fermetures cibl\u00e9es pour limiter la g\u00eane<\/strong><\/p>\n<p>Afin de minimiser l\u2019impact sur le trafic, les travaux se d\u00e9rouleront exclusivement de nuit. Le tunnel de Toulon sera donc inaccessible \u00e0 la circulation dans les deux sens, en direction de Nice comme de Marseille, durant les nuits du lundi 7 au mercredi 9 septembre, de 22h \u00e0 6h.<\/p>\n<p>En compl\u00e9ment, l\u2019entr\u00e9e de l\u2019\u00e9changeur de Toulon Centre (n\u00b017), en direction de Nice, sera \u00e9galement ferm\u00e9e sur les m\u00eames cr\u00e9neaux horaires. VINCI Autoroutes pr\u00e9cise que ce calendrier pourrait \u00eatre ajust\u00e9 en fonction de l\u2019avancement des chantiers ou des conditions m\u00e9t\u00e9orologiques.<\/p>\n<p><strong>Itin\u00e9raires de d\u00e9viation mis en place<\/strong><\/p>\n<p>Pour permettre aux conducteurs de poursuivre leur trajet, un plan de d\u00e9viation sera activ\u00e9.<\/p>\n<p>Les usagers circulant sur l\u2019A57 en direction de Marseille devront obligatoirement emprunter la sortie de l\u2019\u00e9changeur de Toulon Centre (n\u00b017). Ils pourront ensuite rejoindre l\u2019autoroute A50 au niveau de l\u2019\u00e9changeur de Toulon Le Port (n\u00b016).<\/p>\n<p>Dans le sens inverse, les conducteurs sur l\u2019A50 en direction de Nice devront quitter l\u2019autoroute via l\u2019\u00e9changeur de Toulon Le Port (n\u00b016) pour reprendre l\u2019A57 \u00e0 la hauteur de l\u2019\u00e9changeur de Saint-Jean-du-Var (n\u00b01).<\/p>\n<p><strong>Un dispositif complet pour s\u2019informer en temps r\u00e9el<\/strong><\/p>\n<p>VINCI Autoroutes invite les usagers \u00e0 pr\u00e9parer leur d\u00e9placement en consultant les informations trafic.<\/p>\n<p><strong>Plusieurs canaux sont mis \u00e0 leur disposition pour suivre l\u2019\u00e9volution de la situation en direct :<\/strong><\/p>\n<p>\u2013 La radio VINCI Autoroutes (107.7) et son application mobile.<\/p>\n<p>\u2013 Le service client 3605, joignable 24h\/24 et 7j\/7 (service gratuit + prix d\u2019appel).<\/p>\n<p>\u2013 L\u2019application gratuite Ulys, qui fournit des donn\u00e9es sur le trafic en temps r\u00e9el.<\/p>\n<p>\u2013 Le site Internet de la soci\u00e9t\u00e9, <a href=\"https:\/\/www.vinci-autoroutes.com\" rel=\"nofollow noopener\" target=\"_blank\">www.vinci-autoroutes.com<\/a>.<\/p>\n<p>\u2013 Les comptes X (anciennement Twitter) @VINCIAutoroutes et @TunnelToulon.<\/p>\n<p><strong>\u00c0 propos de VINCI Autoroutes<\/strong><\/p>\n<p>Principal concessionnaire d\u2019autoroutes en France, VINCI Autoroutes assure le financement, la conception, la construction et l\u2019exploitation d\u2019un r\u00e9seau de 4 443 km. Ses soci\u00e9t\u00e9s (ASF, Cofiroute, Escota, Arcour et Arcos) desservent 10 r\u00e9gions et 45 d\u00e9partements.\u00a0Les 5 500 collaborateurs du groupe \u0153uvrent \u00e0 assurer la viabilit\u00e9 du r\u00e9seau et la s\u00e9curit\u00e9 de plus de 2,5 millions de clients quotidiens. Partenaire de l\u2019\u00c9tat et des territoires, VINCI Autoroutes s\u2019engage \u00e9galement dans la transformation de l\u2019autoroute en une infrastructure bas carbone pour r\u00e9pondre aux enjeux climatiques.<\/p>\n<p><strong>via Presse Agence (r\u00e9dig\u00e9 \u00e0 partir d\u2019un communiqu\u00e9 de presse transmis \u00e0 la r\u00e9daction).<\/strong><\/p>\n","protected":false},"excerpt":{"rendered":"VINCI Autoroutes annonce la fermeture nocturne du tunnel de Toulon, du 7 au 9 septembre, pour des op\u00e9rations&hellip;\n","protected":false},"author":2,"featured_media":1167039,"comment_status":"","ping_status":"","sticky":false,"template":"","format":"standard","meta":{"footnotes":"","_share_on_mastodon":"0"},"categories":[9619],"tags":[1111,11,1777,674,1011,27,12,882,25,2310],"class_list":["post-1167038","post","type-post","status-publish","format-standard","has-post-thumbnail","category-toulon","tag-actu","tag-actualites","tag-eu","tag-europe","tag-fr","tag-france","tag-news","tag-provence-alpes-cote-dazur","tag-republique-francaise","tag-toulon"],"share_on_mastodon":{"url":"https:\/\/pubeurope.com\/@fr\/117213258561374403","error":""},"_links":{"self":[{"href":"https:\/\/www.europesays.com\/fr\/wp-json\/wp\/v2\/posts\/1167038","targetHints":{"allow":["GET"]}}],"collection":[{"href":"https:\/\/www.europesays.com\/fr\/wp-json\/wp\/v2\/posts"}],"about":[{"href":"https:\/\/www.europesays.com\/fr\/wp-json\/wp\/v2\/types\/post"}],"author":[{"embeddable":true,"href":"https:\/\/www.europesays.com\/fr\/wp-json\/wp\/v2\/users\/2"}],"replies":[{"embeddable":true,"href":"https:\/\/www.europesays.com\/fr\/wp-json\/wp\/v2\/comments?post=1167038"}],"version-history":[{"count":0,"href":"https:\/\/www.europesays.com\/fr\/wp-json\/wp\/v2\/posts\/1167038\/revisions"}],"wp:featuredmedia":[{"embeddable":true,"href":"https:\/\/www.europesays.com\/fr\/wp-json\/wp\/v2\/media\/1167039"}],"wp:attachment":[{"href":"https:\/\/www.europesays.com\/fr\/wp-json\/wp\/v2\/media?parent=1167038"}],"wp:term":[{"taxonomy":"category","embeddable":true,"href":"https:\/\/www.europesays.com\/fr\/wp-json\/wp\/v2\/categories?post=1167038"},{"taxonomy":"post_tag","embeddable":true,"href":"https:\/\/www.europesays.com\/fr\/wp-json\/wp\/v2\/tags?post=1167038"}],"curies":[{"name":"wp","href":"https:\/\/api.w.org\/{rel}","templated":true}]}}